{"id":73683,"date":"2024-05-05T13:15:57","date_gmt":"2024-05-05T18:15:57","guid":{"rendered":"https:\/\/losperiodistas.com.mx\/portal\/?p=73683"},"modified":"2024-05-05T13:15:58","modified_gmt":"2024-05-05T18:15:58","slug":"pide-segob-no-se-trastoque-el-indicio-de-la-investigacion-por-el-caso-eduardo-rivera-aun-se-desconoce-el-movil-de-presunta-agresion-ljo","status":"publish","type":"post","link":"https:\/\/losperiodistas.com.mx\/portal\/pide-segob-no-se-trastoque-el-indicio-de-la-investigacion-por-el-caso-eduardo-rivera-aun-se-desconoce-el-movil-de-presunta-agresion-ljo\/","title":{"rendered":"Pide Segob no se trastoque el indicio de la investigaci\u00f3n por el caso Eduardo Rivera; a\u00fan se desconoce el m\u00f3vil de presunta agresi\u00f3n | LJO"},"content":{"rendered":"\n<p><\/p>\n\n\n\n<figure class=\"wp-block-embed is-type-video is-provider-youtube wp-block-embed-youtube wp-embed-aspect-16-9 wp-has-aspect-ratio\"><div class=\"wp-block-embed__wrapper\">\n<iframe title=\"Segob: que no se trastoque los indicios de investigaci\u00f3n por presunto atentado vs. Eduardo Rivera\" width=\"500\" height=\"281\" src=\"https:\/\/www.youtube.com\/embed\/VOu94-6rqLY?feature=oembed\" frameborder=\"0\" allow=\"accelerometer; autoplay; clipboard-write; encrypted-media; gyroscope; picture-in-picture; web-share\" referrerpolicy=\"strict-origin-when-cross-origin\" allowfullscreen><\/iframe>\n<\/div><\/figure>\n\n\n\n<p><\/p>\n\n\n\n<p><\/p>\n\n\n\n<p class=\"has-vivid-red-color has-text-color has-medium-font-size\"><strong>YADIRA LLAVEN ANZURES \/ LA JORNADA DE ORIENTE<\/strong><\/p>\n\n\n\n<p>El secretario de Gobernaci\u00f3n (Segob),&nbsp;<strong>Javier Aquino Lim\u00f3n, pidi\u00f3 este domingo que no se trastocan los indicios de la investigaci\u00f3n por el presunto atentado que iba dirigido al candidato panista Eduardo Rivera P\u00e9rez,<\/strong>&nbsp;al aclarar que a\u00fan se desconoce el m\u00f3vil y causas de los hechos.<\/p>\n\n\n\n<p>&nbsp;Esto luego de que el opositor denunciar\u00e1 que la noche de este s\u00e1bado, en v\u00edsperas a la visita del presidente Andr\u00e9s Manuel L\u00f3pez Obrador a Puebla, un vecino junto a su domicilio sufri\u00f3 un atentado que presume iba dirigido a su persona.<\/p>\n\n\n\n<p>Previo al desfile c\u00edvico-Militar por el 162 Aniversario de la Batalla de Puebla, el funcionario estatal afirm\u00f3 que si la Fiscal\u00eda General del Estado (FGE) determina que hay un v\u00ednculo con el panista, se llegar\u00e1 hasta las \u00faltimas consecuencias.<\/p>\n\n\n\n<p>\u201cDe manera respetuosa conocemos el hecho al ser tan cerca el domicilio de \u00e9l, se inici\u00f3 la investigaci\u00f3n, pero no queremos suponer, vamos a ser responsables y que la Fiscal\u00eda realice las indagatorias\u201d, declar\u00f3.<\/p>\n\n\n\n<p>Aquino Lim\u00f3n aclar\u00f3 que<strong>&nbsp;no se demerita el hecho denunciado por Rivera P\u00e9rez, p<\/strong>or lo que se ha dado especial atenci\u00f3n al caso.<\/p>\n\n\n\n<p>Sin embargo, se\u00f1al\u00f3 que hay dos detenidos, una pareja de colombianos, que permitir\u00e1n que se agilice la investigaci\u00f3n.<\/p>\n\n\n\n<p>Por lo que llam\u00f3 a que las indagatorias no arrojen como resultado un v\u00ednculo entre el hecho violento y el pol\u00edtico.<\/p>\n\n\n\n<p>&nbsp;Javier Aquino explic\u00f3 que&nbsp;<strong>el Gobierno del estado estuvo atendiendo la situaci\u00f3n desde el primer momento que lo hizo p\u00fablico el candidato panista a<\/strong>&nbsp;la gubernatura de Puebla.<\/p>\n\n\n\n<p>Precis\u00f3 que est\u00e1 activo el Protocolo de Atenci\u00f3n y Protecci\u00f3n a candidatos en el estado, y que todos los d\u00edas sesiona la mesa de seguridad para atender las solicitudes.<\/p>\n\n\n\n<p>Al respecto, inform\u00f3 que se han presentado un total de 55 solicitudes de protecci\u00f3n a candidatos, de las cuales se han otorgado 22.<\/p>\n\n\n\n<p>Fuente: <a href=\"https:\/\/www.lajornadadeoriente.com.mx\/puebla\/pide-segob-no-se-trastoque-el-indicio-de-la-investigacion-por-el-caso-eduardo-rivera\/\">https:\/\/www.lajornadadeoriente.com.mx\/puebla\/pide-segob-no-se-trastoque-el-indicio-de-la-investigacion-por-el-caso-eduardo-rivera\/<\/a><\/p>\n","protected":false},"excerpt":{"rendered":"<p>YADIRA LLAVEN ANZURES \/ LA JORNADA DE ORIENTE El secretario de Gobernaci\u00f3n (Segob),&nbsp;Javier Aquino Lim\u00f3n, pidi\u00f3 este domingo que no [&hellip;]<\/p>\n","protected":false},"author":1,"featured_media":73684,"comment_status":"open","ping_status":"open","sticky":false,"template":"","format":"standard","meta":{"site-sidebar-layout":"default","site-content-layout":"","ast-site-content-layout":"default","site-content-style":"default","site-sidebar-style":"default","ast-global-header-display":"","ast-banner-title-visibility":"","ast-main-header-display":"","ast-hfb-above-header-display":"","ast-hfb-below-header-display":"","ast-hfb-mobile-header-display":"","site-post-title":"","ast-breadcrumbs-content":"","ast-featured-img":"","footer-sml-layout":"","theme-transparent-header-meta":"","adv-header-id-meta":"","stick-header-meta":"","header-above-stick-meta":"","header-main-stick-meta":"","header-below-stick-meta":"","astra-migrate-meta-layouts":"default","ast-page-background-enabled":"default","ast-page-background-meta":{"desktop":{"background-color":"var(--ast-global-color-4)","background-image":"","background-repeat":"repeat","background-position":"center center","background-size":"auto","background-attachment":"scroll","background-type":"","background-media":"","overlay-type":"","overlay-color":"","overlay-opacity":"","overlay-gradient":""},"tablet":{"background-color":"","background-image":"","background-repeat":"repeat","background-position":"center center","background-size":"auto","background-attachment":"scroll","background-type":"","background-media":"","overlay-type":"","overlay-color":"","overlay-opacity":"","overlay-gradient":""},"mobile":{"background-color":"","background-image":"","background-repeat":"repeat","background-position":"center center","background-size":"auto","background-attachment":"scroll","background-type":"","background-media":"","overlay-type":"","overlay-color":"","overlay-opacity":"","overlay-gradient":""}},"ast-content-background-meta":{"desktop":{"background-color":"var(--ast-global-color-5)","background-image":"","background-repeat":"repeat","background-position":"center center","background-size":"auto","background-attachment":"scroll","background-type":"","background-media":"","overlay-type":"","overlay-color":"","overlay-opacity":"","overlay-gradient":""},"tablet":{"background-color":"var(--ast-global-color-5)","background-image":"","background-repeat":"repeat","background-position":"center center","background-size":"auto","background-attachment":"scroll","background-type":"","background-media":"","overlay-type":"","overlay-color":"","overlay-opacity":"","overlay-gradient":""},"mobile":{"background-color":"var(--ast-global-color-5)","background-image":"","background-repeat":"repeat","background-position":"center center","background-size":"auto","background-attachment":"scroll","background-type":"","background-media":"","overlay-type":"","overlay-color":"","overlay-opacity":"","overlay-gradient":""}},"footnotes":""},"categories":[8],"tags":[24764,24765,7046],"class_list":["post-73683","post","type-post","status-publish","format-standard","has-post-thumbnail","hentry","category-noticias","tag-javier-aquino-limon","tag-presunto-atentado-a-lalo-rivera","tag-segob-puebla"],"_links":{"self":[{"href":"https:\/\/losperiodistas.com.mx\/portal\/wp-json\/wp\/v2\/posts\/73683","targetHints":{"allow":["GET"]}}],"collection":[{"href":"https:\/\/losperiodistas.com.mx\/portal\/wp-json\/wp\/v2\/posts"}],"about":[{"href":"https:\/\/losperiodistas.com.mx\/portal\/wp-json\/wp\/v2\/types\/post"}],"author":[{"embeddable":true,"href":"https:\/\/losperiodistas.com.mx\/portal\/wp-json\/wp\/v2\/users\/1"}],"replies":[{"embeddable":true,"href":"https:\/\/losperiodistas.com.mx\/portal\/wp-json\/wp\/v2\/comments?post=73683"}],"version-history":[{"count":1,"href":"https:\/\/losperiodistas.com.mx\/portal\/wp-json\/wp\/v2\/posts\/73683\/revisions"}],"predecessor-version":[{"id":73685,"href":"https:\/\/losperiodistas.com.mx\/portal\/wp-json\/wp\/v2\/posts\/73683\/revisions\/73685"}],"wp:featuredmedia":[{"embeddable":true,"href":"https:\/\/losperiodistas.com.mx\/portal\/wp-json\/wp\/v2\/media\/73684"}],"wp:attachment":[{"href":"https:\/\/losperiodistas.com.mx\/portal\/wp-json\/wp\/v2\/media?parent=73683"}],"wp:term":[{"taxonomy":"category","embeddable":true,"href":"https:\/\/losperiodistas.com.mx\/portal\/wp-json\/wp\/v2\/categories?post=73683"},{"taxonomy":"post_tag","embeddable":true,"href":"https:\/\/losperiodistas.com.mx\/portal\/wp-json\/wp\/v2\/tags?post=73683"}],"curies":[{"name":"wp","href":"https:\/\/api.w.org\/{rel}","templated":true}]}}