{"id":73665,"date":"2024-05-05T07:53:58","date_gmt":"2024-05-05T12:53:58","guid":{"rendered":"https:\/\/losperiodistas.com.mx\/portal\/?p=73665"},"modified":"2024-05-05T07:54:00","modified_gmt":"2024-05-05T12:54:00","slug":"fallecio-a-los-87-anos-frank-stella-maestro-del-arte-abstracto-y-el-minimalismo-la-lista","status":"publish","type":"post","link":"https:\/\/losperiodistas.com.mx\/portal\/fallecio-a-los-87-anos-frank-stella-maestro-del-arte-abstracto-y-el-minimalismo-la-lista\/","title":{"rendered":"Falleci\u00f3 a los 87 a\u00f1os Frank Stella, maestro del arte abstracto y el minimalismo | La-Lista"},"content":{"rendered":"\n<p class=\"has-background has-medium-font-size\" style=\"background-color:#5ef7b8\">El artista logr\u00f3 un temprano reconocimiento, casi apenas culminados sus estudios en la Universidad de Princeton, gracias a su serie &#8216;Black Paintings&#8217;.<\/p>\n\n\n\n<p><\/p>\n\n\n\n<figure class=\"wp-block-image size-large\"><img fetchpriority=\"high\" decoding=\"async\" width=\"1024\" height=\"576\" src=\"https:\/\/losperiodistas.com.mx\/portal\/wp-content\/uploads\/2024\/05\/frank-stella-muere-1024x576.jpg\" alt=\"\" class=\"wp-image-73666\" srcset=\"https:\/\/losperiodistas.com.mx\/portal\/wp-content\/uploads\/2024\/05\/frank-stella-muere-1024x576.jpg 1024w, https:\/\/losperiodistas.com.mx\/portal\/wp-content\/uploads\/2024\/05\/frank-stella-muere-300x169.jpg 300w, https:\/\/losperiodistas.com.mx\/portal\/wp-content\/uploads\/2024\/05\/frank-stella-muere-768x432.jpg 768w, https:\/\/losperiodistas.com.mx\/portal\/wp-content\/uploads\/2024\/05\/frank-stella-muere.jpg 1280w\" sizes=\"(max-width: 1024px) 100vw, 1024px\" \/><figcaption>El pintor falleci\u00f3 a los 87 a\u00f1os de edad. Foto: EFE<\/figcaption><\/figure>\n\n\n\n<p class=\"has-vivid-red-color has-text-color has-medium-font-size\"><strong>REDACCI\u00d3N LA-LISTA<\/strong><\/p>\n\n\n\n<p>El pintor estadounidense Frank Stella, reconocido por sus pinturas monocrom\u00e1ticas y minimalistas de los inicios de su carrera, falleci\u00f3 este s\u00e1bado en su residencia de Nueva York a los 87 a\u00f1os.<\/p>\n\n\n\n<p>De acuerdo a su esposa, Harriet McGurk, la causa de su muerte fue linfoma.<\/p>\n\n\n\n<p>No te pierdas:<a href=\"https:\/\/la-lista.com\/cultura\/2024\/01\/27\/gustav-klimt-y-las-cinco-obras-mas-importantes-del-pintor\">Gustav Klimt y las cinco obras m\u00e1s conocidas del pintor<\/a><\/p>\n\n\n\n<p>Stella logr\u00f3 un temprano reconocimiento, casi apenas culminados sus estudios en la Universidad de Princeton, gracias a su serie\u00a0<em>Black Paintings<\/em>, cuadros de gran escala consistentes en rayas oscuras apenas separadas por l\u00edneas de lienzo sin pintar, y que se contrapon\u00edan con el expresionismo abstracto dominante en la d\u00e9cada de 1950.\u00a0<\/p>\n\n\n\n<figure class=\"wp-block-embed is-type-video is-provider-youtube wp-block-embed-youtube wp-embed-aspect-16-9 wp-has-aspect-ratio\"><div class=\"wp-block-embed__wrapper\">\n<iframe title=\"Frank Stella: A Retrospective\" width=\"500\" height=\"281\" src=\"https:\/\/www.youtube.com\/embed\/-Q62j9QtNho?feature=oembed\" frameborder=\"0\" allow=\"accelerometer; autoplay; clipboard-write; encrypted-media; gyroscope; picture-in-picture; web-share\" referrerpolicy=\"strict-origin-when-cross-origin\" allowfullscreen><\/iframe>\n<\/div><\/figure>\n\n\n\n<p>Como recuerda el diario&nbsp;<em>The Washington Post,<\/em>&nbsp;cuatro de esas obras fueron incluidas en la exposici\u00f3n de 1959&nbsp;<em>Sixteen Americans&nbsp;<\/em>del Museo de Arte Moderno de Nueva York, una muestra colectiva en la que Stella era el artista m\u00e1s joven.<\/p>\n\n\n\n<p>Tras esta propuesta, no obstante, el pintor cambi\u00f3 de registro y durante los siguientes a\u00f1os elabor\u00f3 obras coloridas, algunas de ellas a\u00fan con rayas, otras con figuras geom\u00e9tricas.<\/p>\n\n\n\n<p>No te pierdas:<a href=\"https:\/\/la-lista.com\/cultura\/2023\/09\/15\/el-pintor-y-escultor-colombiano-fernando-botero-murio-a-los-91-anos\">El pintor y escultor colombiano Fernando Botero muri\u00f3 a los 91 a\u00f1os<\/a><\/p>\n\n\n\n<p>Hacia finales de la d\u00e9cada de 1960 se embarc\u00f3 en el ambicioso proyecto&nbsp;<em>Protractor<\/em>, una serie de pinturas de grandes dimensiones compuestas por semic\u00edrculos superpuestos de colores brillantes.<\/p>\n\n\n\n<p>Poco dado a explicar sus obras, en las d\u00e9cadas siguientes su obra se extendi\u00f3 a la escultura y hasta el dise\u00f1o, con encargos de entidades p\u00fablicas y privadas, como el que hizo para la Torre de la Compa\u00f1\u00eda de Gas de Los \u00c1ngeles, en California.<\/p>\n\n\n\n<figure class=\"wp-block-image size-large\"><img decoding=\"async\" width=\"923\" height=\"1024\" src=\"https:\/\/losperiodistas.com.mx\/portal\/wp-content\/uploads\/2024\/05\/Captura-de-Pantalla-2024-05-05-a-las-6.49.20-923x1024.jpg\" alt=\"\" class=\"wp-image-73667\" srcset=\"https:\/\/losperiodistas.com.mx\/portal\/wp-content\/uploads\/2024\/05\/Captura-de-Pantalla-2024-05-05-a-las-6.49.20-923x1024.jpg 923w, https:\/\/losperiodistas.com.mx\/portal\/wp-content\/uploads\/2024\/05\/Captura-de-Pantalla-2024-05-05-a-las-6.49.20-271x300.jpg 271w, https:\/\/losperiodistas.com.mx\/portal\/wp-content\/uploads\/2024\/05\/Captura-de-Pantalla-2024-05-05-a-las-6.49.20-768x852.jpg 768w, https:\/\/losperiodistas.com.mx\/portal\/wp-content\/uploads\/2024\/05\/Captura-de-Pantalla-2024-05-05-a-las-6.49.20.jpg 1082w\" sizes=\"(max-width: 923px) 100vw, 923px\" \/><figcaption><a href=\"https:\/\/www.instagram.com\/p\/C6j90-tLbbf\/?utm_source=ig_web_copy_link\">VER EN INSTAGRAM<\/a><\/figcaption><\/figure>\n\n\n\n<p>Hijo de Frank y Constance Stella, \u00e9l ginec\u00f3logo y ella pintora paisajista, Frank Philip Stella naci\u00f3 el 12 de mayo de 1936 en Malden, en el estado de Massachusetts.<\/p>\n\n\n\n<p>Tras culminar la carrera de Historia en Princeton, consigui\u00f3 un estudio en Manhattan, en el que, al mismo tiempo que pintaba casas, empez\u00f3 a trabajar en sus pinturas de tonalidades oscuras.<\/p>\n\n\n\n<p>En 1961 se cas\u00f3 con Barbara Rose, quien llegar\u00eda a ser una reputada cr\u00edtica de arte y de la que se divorci\u00f3 en 1969 (ella falleci\u00f3 en el a\u00f1o 2020, de acuerdo al diario&nbsp;<em>The New York Times<\/em>).<\/p>\n\n\n\n<p>Con ella tuvo dos hijos, Rachel y Michael, y con su siguiente esposa, McGurk, una pediatra con la que se cas\u00f3 en 1978, tuvo otros dos, Patrick y Peter.<\/p>\n\n\n\n<p>Adem\u00e1s de cinco nietos, le sobrevive tambi\u00e9n Laura, una hija que tuvo fruto de su relaci\u00f3n con Shirley De Lemos Wyse, con la estuvo en el periodo entre sus dos matrimonios.<\/p>\n\n\n\n<p><em>Con informaci\u00f3n de EFE<\/em><\/p>\n\n\n\n<p>Fuente: <a href=\"https:\/\/la-lista.com\/cultura\/2024\/05\/04\/fallecio-a-los-87-anos-frank-stella-maestro-del-arte-abstracto-y-el-minimalismo\">https:\/\/la-lista.com\/cultura\/2024\/05\/04\/fallecio-a-los-87-anos-frank-stella-maestro-del-arte-abstracto-y-el-minimalismo<\/a><\/p>\n","protected":false},"excerpt":{"rendered":"<p>El artista logr\u00f3 un temprano reconocimiento, casi apenas culminados sus estudios en la Universidad de Princeton, gracias a su serie [&hellip;]<\/p>\n","protected":false},"author":1,"featured_media":73666,"comment_status":"open","ping_status":"open","sticky":false,"template":"","format":"standard","meta":{"site-sidebar-layout":"default","site-content-layout":"","ast-site-content-layout":"default","site-content-style":"default","site-sidebar-style":"default","ast-global-header-display":"","ast-banner-title-visibility":"","ast-main-header-display":"","ast-hfb-above-header-display":"","ast-hfb-below-header-display":"","ast-hfb-mobile-header-display":"","site-post-title":"","ast-breadcrumbs-content":"","ast-featured-img":"","footer-sml-layout":"","theme-transparent-header-meta":"","adv-header-id-meta":"","stick-header-meta":"","header-above-stick-meta":"","header-main-stick-meta":"","header-below-stick-meta":"","astra-migrate-meta-layouts":"default","ast-page-background-enabled":"default","ast-page-background-meta":{"desktop":{"background-color":"var(--ast-global-color-4)","background-image":"","background-repeat":"repeat","background-position":"center center","background-size":"auto","background-attachment":"scroll","background-type":"","background-media":"","overlay-type":"","overlay-color":"","overlay-opacity":"","overlay-gradient":""},"tablet":{"background-color":"","background-image":"","background-repeat":"repeat","background-position":"center center","background-size":"auto","background-attachment":"scroll","background-type":"","background-media":"","overlay-type":"","overlay-color":"","overlay-opacity":"","overlay-gradient":""},"mobile":{"background-color":"","background-image":"","background-repeat":"repeat","background-position":"center center","background-size":"auto","background-attachment":"scroll","background-type":"","background-media":"","overlay-type":"","overlay-color":"","overlay-opacity":"","overlay-gradient":""}},"ast-content-background-meta":{"desktop":{"background-color":"var(--ast-global-color-5)","background-image":"","background-repeat":"repeat","background-position":"center center","background-size":"auto","background-attachment":"scroll","background-type":"","background-media":"","overlay-type":"","overlay-color":"","overlay-opacity":"","overlay-gradient":""},"tablet":{"background-color":"var(--ast-global-color-5)","background-image":"","background-repeat":"repeat","background-position":"center center","background-size":"auto","background-attachment":"scroll","background-type":"","background-media":"","overlay-type":"","overlay-color":"","overlay-opacity":"","overlay-gradient":""},"mobile":{"background-color":"var(--ast-global-color-5)","background-image":"","background-repeat":"repeat","background-position":"center center","background-size":"auto","background-attachment":"scroll","background-type":"","background-media":"","overlay-type":"","overlay-color":"","overlay-opacity":"","overlay-gradient":""}},"footnotes":""},"categories":[8],"tags":[24751,24752,24748],"class_list":["post-73665","post","type-post","status-publish","format-standard","has-post-thumbnail","hentry","category-noticias","tag-arte-minimalista","tag-black-paintings-2","tag-frank-stella"],"_links":{"self":[{"href":"https:\/\/losperiodistas.com.mx\/portal\/wp-json\/wp\/v2\/posts\/73665","targetHints":{"allow":["GET"]}}],"collection":[{"href":"https:\/\/losperiodistas.com.mx\/portal\/wp-json\/wp\/v2\/posts"}],"about":[{"href":"https:\/\/losperiodistas.com.mx\/portal\/wp-json\/wp\/v2\/types\/post"}],"author":[{"embeddable":true,"href":"https:\/\/losperiodistas.com.mx\/portal\/wp-json\/wp\/v2\/users\/1"}],"replies":[{"embeddable":true,"href":"https:\/\/losperiodistas.com.mx\/portal\/wp-json\/wp\/v2\/comments?post=73665"}],"version-history":[{"count":1,"href":"https:\/\/losperiodistas.com.mx\/portal\/wp-json\/wp\/v2\/posts\/73665\/revisions"}],"predecessor-version":[{"id":73668,"href":"https:\/\/losperiodistas.com.mx\/portal\/wp-json\/wp\/v2\/posts\/73665\/revisions\/73668"}],"wp:featuredmedia":[{"embeddable":true,"href":"https:\/\/losperiodistas.com.mx\/portal\/wp-json\/wp\/v2\/media\/73666"}],"wp:attachment":[{"href":"https:\/\/losperiodistas.com.mx\/portal\/wp-json\/wp\/v2\/media?parent=73665"}],"wp:term":[{"taxonomy":"category","embeddable":true,"href":"https:\/\/losperiodistas.com.mx\/portal\/wp-json\/wp\/v2\/categories?post=73665"},{"taxonomy":"post_tag","embeddable":true,"href":"https:\/\/losperiodistas.com.mx\/portal\/wp-json\/wp\/v2\/tags?post=73665"}],"curies":[{"name":"wp","href":"https:\/\/api.w.org\/{rel}","templated":true}]}}