{"id":73659,"date":"2024-05-05T07:26:40","date_gmt":"2024-05-05T12:26:40","guid":{"rendered":"https:\/\/losperiodistas.com.mx\/portal\/?p=73659"},"modified":"2024-05-05T07:26:43","modified_gmt":"2024-05-05T12:26:43","slug":"el-9-de-mayo-el-papa-dara-a-conocer-la-bula-de-indiccion-del-jubileo-2025-vatican-news","status":"publish","type":"post","link":"https:\/\/losperiodistas.com.mx\/portal\/el-9-de-mayo-el-papa-dara-a-conocer-la-bula-de-indiccion-del-jubileo-2025-vatican-news\/","title":{"rendered":"El 9 de mayo el Papa dar\u00e1 a conocer la Bula de indicci\u00f3n del Jubileo 2025 | Vatican News"},"content":{"rendered":"\n<p class=\"has-luminous-vivid-amber-background-color has-background has-medium-font-size\">Tal como lo se\u00f1ala la Oficina para las Celebraciones Lit\u00fargicas del Sumo Pont\u00edfice, este jueves 9 de mayo, a las 17.30 horas, en la Bas\u00edlica de San Pedro, el Santo Padre presidir\u00e1 la entrega y la lectura de la Bula de indicci\u00f3n del pr\u00f3ximo Jubileo de 2025, en las Segundas V\u00edsperas de la Solemnidad de la Ascensi\u00f3n del Se\u00f1or.<\/p>\n\n\n\n<p><\/p>\n\n\n\n<figure class=\"wp-block-image size-large\"><img fetchpriority=\"high\" decoding=\"async\" width=\"1024\" height=\"576\" src=\"https:\/\/losperiodistas.com.mx\/portal\/wp-content\/uploads\/2024\/05\/cq5dam.thumbnail.cropped.1500.844-1-1024x576.jpeg\" alt=\"\" class=\"wp-image-73660\" srcset=\"https:\/\/losperiodistas.com.mx\/portal\/wp-content\/uploads\/2024\/05\/cq5dam.thumbnail.cropped.1500.844-1-1024x576.jpeg 1024w, https:\/\/losperiodistas.com.mx\/portal\/wp-content\/uploads\/2024\/05\/cq5dam.thumbnail.cropped.1500.844-1-300x169.jpeg 300w, https:\/\/losperiodistas.com.mx\/portal\/wp-content\/uploads\/2024\/05\/cq5dam.thumbnail.cropped.1500.844-1-768x432.jpeg 768w, https:\/\/losperiodistas.com.mx\/portal\/wp-content\/uploads\/2024\/05\/cq5dam.thumbnail.cropped.1500.844-1.jpeg 1500w\" sizes=\"(max-width: 1024px) 100vw, 1024px\" \/><figcaption>El Papa abre la Puerta Santa del Jubileo de la Misericordia, 8 de diciembre de 2015<\/figcaption><\/figure>\n\n\n\n<p class=\"has-vivid-red-color has-text-color has-medium-font-size\"><strong>VATICAN NEWS<\/strong><\/p>\n\n\n\n<p>Siguiendo la tradici\u00f3n de la Iglesia y coincidiendo con la Solemnidad de la Ascensi\u00f3n del Se\u00f1or, el pr\u00f3ximo jueves 9 de mayo, el Papa Francisco dar\u00e1 a conocer la Bula de convocaci\u00f3n del Jubileo de 2025. En el marco de la celebraci\u00f3n de las Segundas V\u00edsperas de la Solemnidad de la Ascensi\u00f3n del Se\u00f1or, que el Pont\u00edfice presidir\u00e1 en la Bas\u00edlica de San Pedro a las 17.30 hora de Roma, se dar\u00e1 lectura y se publicar\u00e1 la Bula de indicci\u00f3n del pr\u00f3ximo Jubileo, indicando las fechas de inicio y fin del A\u00f1o Santo.<\/p>\n\n\n\n<h2 class=\"wp-block-heading\"><strong>La Bula de convocaci\u00f3n del Jubileo<\/strong><\/h2>\n\n\n\n<p>La tradici\u00f3n de la Iglesia decreta que cada Jubileo se proclame a trav\u00e9s de la publicaci\u00f3n de una Bula Papal (o Bula Pontificia) de convocatoria. Por \u201cBula\u201d se entiende un documento oficial, generalmente escrito en lat\u00edn, con el sello del Papa, cuya forma da nombre al documento. Al principio el sello sol\u00eda ser de plomo y llevaba en el anverso la imagen de los Santos Ap\u00f3stoles Pedro y Pablo, y en el reverso el nombre del Pont\u00edfice. M\u00e1s tarde, un sello de tinta sustituy\u00f3 el sello met\u00e1lico, pero \u00e9ste se sigui\u00f3 utilizando para los documentos de mayor importancia.<\/p>\n\n\n\n<figure class=\"wp-block-image\"><img decoding=\"async\" src=\"https:\/\/www.vaticannews.va\/content\/dam\/vaticannews\/multimedia\/2021\/09\/17\/Nuova-Evangelizzazione---il-logo-del-Giubileo-della-misericordiaAEM.jpg\/_jcr_content\/renditions\/cq5dam.thumbnail.cropped.750.422.jpeg\" alt=\"Logo del Jubileo de la Misericordia\"\/><\/figure>\n\n\n\n<p>Logo del Jubileo de la Misericordia<\/p>\n\n\n\n<h2 class=\"wp-block-heading\"><strong>Las caracter\u00edsticas de una Bula<\/strong><\/h2>\n\n\n\n<p>Este documento papal no solo esta caracterizado por indicar la fecha de inicio y fin del A\u00f1o de Gracia, sino que cada Bula Pontificia se identifica por sus palabras iniciales. Por ejemplo, San Juan Pablo II convoc\u00f3 el Gran Jubileo del a\u00f1o 2000 con la Bula&nbsp;<em>Incarnationis mysterium<\/em>&nbsp;(\u201cEl Misterio de la Encarnaci\u00f3n\u201d), mientras que el Papa Francisco convoc\u00f3 el Jubileo Extraordinario de la Misericordia (2015\u20112016) con la Bula&nbsp;<em>Misericordiae vultus<\/em>&nbsp;(\u201cEl rostro de la misericordia\u201d). Las Bulas comienzan con el nombre del Papa (sin el numeral), seguido de su dignidad de&nbsp;<em>Episcopus<\/em>&nbsp;(obispo) y el t\u00edtulo de&nbsp;<em>Servus Servorum Dei<\/em>&nbsp;(siervo de los siervos de Dios). Por ejemplo, en el caso de Francisco:&nbsp;<em>&#8216;Franciscus, Episcopus, Servus Servorum Dei&#8217;<\/em>.<\/p>\n\n\n\n<figure class=\"wp-block-image\"><img decoding=\"async\" src=\"https:\/\/www.vaticannews.va\/content\/dam\/vaticannews\/multimedia\/2020\/05\/29\/20200610_BAV_Vat.lat.39-f.67v_manoscritto-parola-vangelo_non-passerA-un-solo-iota.jpg\/_jcr_content\/renditions\/cq5dam.thumbnail.cropped.750.422.jpeg\" alt=\"Antiguo documento pontificio\"\/><\/figure>\n\n\n\n<p>Antiguo documento pontificio<\/p>\n\n\n\n<h2 class=\"wp-block-heading\"><strong>Logo del Jubileo<\/strong><\/h2>\n\n\n\n<p>A finales de junio de 2022 fue presentado el logo oficial del Jubileo 2025, despu\u00e9s de que el Dicasterio para la Promoci\u00f3n de la Nueva Evangelizaci\u00f3n organizara un concurso con un alto \u00edndice de participaci\u00f3n: se recibieron 294 propuestas de 213 ciudades y 48 pa\u00edses diferentes.&nbsp;<\/p>\n\n\n\n<p>El logo representa cuatro figuras estilizadas que indican la humanidad proveniente desde los cuatro rincones de la tierra. Abrazadas entre ellas, indican la solidaridad y la fraternidad que une a los pueblos. La primera figura est\u00e1 aferrada a la cruz. Es el signo no solo de la fe que abraza, sino tambi\u00e9n de la esperanza que nunca puede ser abandonada, porque necesitamos siempre de ella, sobre todo en los momentos de mayor necesidad.<\/p>\n\n\n\n<figure class=\"wp-block-image\"><img decoding=\"async\" src=\"https:\/\/www.vaticannews.va\/content\/dam\/vaticannews\/multimedia\/2023\/05\/09\/spagnolo-nuovo.jpg\/_jcr_content\/renditions\/cq5dam.thumbnail.cropped.750.422.jpeg\" alt=\"Logo del Jubileo 2025\"\/><\/figure>\n\n\n\n<p>Logo del Jubileo 2025<\/p>\n\n\n\n<p>Es \u00fatil observar las olas que la rodean y que est\u00e1n en movimiento, porque muestran que la peregrinaci\u00f3n de la vida no siempre pasa por aguas tranquilas. Muchas veces las experiencias personales y los eventos del mundo exigen con mayor intensidad el llamado a la esperanza. Es por esto que se debe subrayar la parte inferior de la cruz que se alarga transform\u00e1ndose en un ancla y que se impone sobre el movimiento de las olas. Bien sabemos que el ancla ha sido usada como met\u00e1fora de la esperanza. De hecho, el ancla de la esperanza es el nombre que en la jerga marina se da al ancla de reserva usada por las embarcaciones para hacer maniobras de emergencia que permitan estabilizar la barca durante las tormentas.<\/p>\n\n\n\n<p>No se olvide el hecho de que la imagen muestra c\u00f3mo el camino del peregrino no es un hecho individual, sino comunitario con la impronta de un dinamismo en crecimiento que tiende cada vez m\u00e1s hacia la cruz. La cruz no es est\u00e1tica, sino din\u00e1mica y se curva hacia la humanidad, saliendo a su encuentro y no dej\u00e1ndola sola, ofreciendo la certeza de la presencia y la seguridad de la esperanza.<\/p>\n\n\n\n<p>Se destaca, finalmente, con color verde el lema del jubileo 2025:\u00a0<em>Peregrinantes in Spem<\/em>.<\/p>\n\n\n\n<p>Fuente: <a href=\"https:\/\/www.vaticannews.va\/es\/papa\/news\/2024-05\/9-mayo-papa-francisco-entrega-lectura-bula-indiccion-jubileo-25.html\">https:\/\/www.vaticannews.va\/es\/papa\/news\/2024-05\/9-mayo-papa-francisco-entrega-lectura-bula-indiccion-jubileo-25.html<\/a><\/p>\n","protected":false},"excerpt":{"rendered":"<p>Tal como lo se\u00f1ala la Oficina para las Celebraciones Lit\u00fargicas del Sumo Pont\u00edfice, este jueves 9 de mayo, a las [&hellip;]<\/p>\n","protected":false},"author":1,"featured_media":73660,"comment_status":"open","ping_status":"open","sticky":false,"template":"","format":"standard","meta":{"site-sidebar-layout":"default","site-content-layout":"","ast-site-content-layout":"default","site-content-style":"default","site-sidebar-style":"default","ast-global-header-display":"","ast-banner-title-visibility":"","ast-main-header-display":"","ast-hfb-above-header-display":"","ast-hfb-below-header-display":"","ast-hfb-mobile-header-display":"","site-post-title":"","ast-breadcrumbs-content":"","ast-featured-img":"","footer-sml-layout":"","theme-transparent-header-meta":"","adv-header-id-meta":"","stick-header-meta":"","header-above-stick-meta":"","header-main-stick-meta":"","header-below-stick-meta":"","astra-migrate-meta-layouts":"default","ast-page-background-enabled":"default","ast-page-background-meta":{"desktop":{"background-color":"var(--ast-global-color-4)","background-image":"","background-repeat":"repeat","background-position":"center center","background-size":"auto","background-attachment":"scroll","background-type":"","background-media":"","overlay-type":"","overlay-color":"","overlay-opacity":"","overlay-gradient":""},"tablet":{"background-color":"","background-image":"","background-repeat":"repeat","background-position":"center center","background-size":"auto","background-attachment":"scroll","background-type":"","background-media":"","overlay-type":"","overlay-color":"","overlay-opacity":"","overlay-gradient":""},"mobile":{"background-color":"","background-image":"","background-repeat":"repeat","background-position":"center center","background-size":"auto","background-attachment":"scroll","background-type":"","background-media":"","overlay-type":"","overlay-color":"","overlay-opacity":"","overlay-gradient":""}},"ast-content-background-meta":{"desktop":{"background-color":"var(--ast-global-color-5)","background-image":"","background-repeat":"repeat","background-position":"center center","background-size":"auto","background-attachment":"scroll","background-type":"","background-media":"","overlay-type":"","overlay-color":"","overlay-opacity":"","overlay-gradient":""},"tablet":{"background-color":"var(--ast-global-color-5)","background-image":"","background-repeat":"repeat","background-position":"center center","background-size":"auto","background-attachment":"scroll","background-type":"","background-media":"","overlay-type":"","overlay-color":"","overlay-opacity":"","overlay-gradient":""},"mobile":{"background-color":"var(--ast-global-color-5)","background-image":"","background-repeat":"repeat","background-position":"center center","background-size":"auto","background-attachment":"scroll","background-type":"","background-media":"","overlay-type":"","overlay-color":"","overlay-opacity":"","overlay-gradient":""}},"footnotes":""},"categories":[8],"tags":[24745,17245],"class_list":["post-73659","post","type-post","status-publish","format-standard","has-post-thumbnail","hentry","category-noticias","tag-bula-peregrinantes-in-spem","tag-jubileo-2025"],"_links":{"self":[{"href":"https:\/\/losperiodistas.com.mx\/portal\/wp-json\/wp\/v2\/posts\/73659","targetHints":{"allow":["GET"]}}],"collection":[{"href":"https:\/\/losperiodistas.com.mx\/portal\/wp-json\/wp\/v2\/posts"}],"about":[{"href":"https:\/\/losperiodistas.com.mx\/portal\/wp-json\/wp\/v2\/types\/post"}],"author":[{"embeddable":true,"href":"https:\/\/losperiodistas.com.mx\/portal\/wp-json\/wp\/v2\/users\/1"}],"replies":[{"embeddable":true,"href":"https:\/\/losperiodistas.com.mx\/portal\/wp-json\/wp\/v2\/comments?post=73659"}],"version-history":[{"count":1,"href":"https:\/\/losperiodistas.com.mx\/portal\/wp-json\/wp\/v2\/posts\/73659\/revisions"}],"predecessor-version":[{"id":73661,"href":"https:\/\/losperiodistas.com.mx\/portal\/wp-json\/wp\/v2\/posts\/73659\/revisions\/73661"}],"wp:featuredmedia":[{"embeddable":true,"href":"https:\/\/losperiodistas.com.mx\/portal\/wp-json\/wp\/v2\/media\/73660"}],"wp:attachment":[{"href":"https:\/\/losperiodistas.com.mx\/portal\/wp-json\/wp\/v2\/media?parent=73659"}],"wp:term":[{"taxonomy":"category","embeddable":true,"href":"https:\/\/losperiodistas.com.mx\/portal\/wp-json\/wp\/v2\/categories?post=73659"},{"taxonomy":"post_tag","embeddable":true,"href":"https:\/\/losperiodistas.com.mx\/portal\/wp-json\/wp\/v2\/tags?post=73659"}],"curies":[{"name":"wp","href":"https:\/\/api.w.org\/{rel}","templated":true}]}}