{"id":73656,"date":"2024-05-05T07:18:05","date_gmt":"2024-05-05T12:18:05","guid":{"rendered":"https:\/\/losperiodistas.com.mx\/portal\/?p=73656"},"modified":"2024-05-05T07:18:07","modified_gmt":"2024-05-05T12:18:07","slug":"escala-violencia-electoral-el-norte","status":"publish","type":"post","link":"https:\/\/losperiodistas.com.mx\/portal\/escala-violencia-electoral-el-norte\/","title":{"rendered":"Escala violencia electoral | El Norte"},"content":{"rendered":"\n<h1 class=\"wp-block-heading\"><\/h1>\n\n\n\n<p><img decoding=\"async\" src=\"https:\/\/iphonegr.elnorte.com\/libre\/online07\/imagetransformer2\/ImageTransformer.aspx?img=https:\/\/img.gruporeforma.com\/imagenes\/960x640\/6\/717\/5716146.jpg&amp;imagencompleta=1\" alt=\"Ataques contra aspirantes han incrementado y en este fin de semana se han contabilizado diversos atentados en Puebla, Yucat\u00e1n y Chiapas.\"><\/p>\n\n\n\n<p>Ataques contra aspirantes han incrementado y en este fin de semana se han contabilizado diversos atentados en Puebla, Yucat\u00e1n y Chiapas. Cr\u00e9dito: Especial.<\/p>\n\n\n\n<p class=\"has-vivid-red-color has-text-color has-medium-font-size\"><strong>GRUPO REFORMA \/ EL NORTE<\/strong><\/p>\n\n\n\n<p>Los\u00a0<strong>ataques<\/strong>\u00a0contra aspirantes a cargos p\u00fablicos y funcionarios han incrementado durante este periodo de campa\u00f1as y en este fin de semana se han contabilizado diversos atentados en Puebla, Yucat\u00e1n y Chiapas.<\/p>\n\n\n\n<p class=\"has-cyan-bluish-gray-background-color has-background\">CONTENIDO RELACIONADO<\/p>\n\n\n\n<ul class=\"wp-block-list\"><li><a href=\"https:\/\/www.elnorte.com\/acusa-morena-agresion-en-yucatan-matan-a-simpatizante\/ar2802370?v=2\">Acusa Morena agresi\u00f3n en Yucat\u00e1n; matan a simpatizante<\/a><\/li><\/ul>\n\n\n\n<ul class=\"wp-block-list\"><li><a href=\"https:\/\/www.elnorte.com\/matan-en-ataque-a-hijo-de-candidato-y-a-aspirante-a-regidor\/ar2802122?v=5\">Matan en ataque a hijo de candidato y a aspirante a regidor<\/a><\/li><\/ul>\n\n\n\n<ul class=\"wp-block-list\"><li><a href=\"https:\/\/www.elnorte.com\/acusa-candidato-en-puebla-vulneracion-a-seguridad-de-su-casa\/ar2802403?v=9\">Acusa candidato en Puebla vulneraci\u00f3n a seguridad de su casa<\/a><\/li><\/ul>\n\n\n\n<ul class=\"wp-block-list\"><li><a href=\"https:\/\/www.elnorte.com\/los-aspirantes-que-ha-asesinado-el-crimen\/ar2764333?v=8\">Los aspirantes que ha asesinado el crimen<\/a><\/li><\/ul>\n\n\n\n<p><\/p>\n\n\n\n<h2 class=\"wp-block-heading\">Acusa Panista Rivera ataque en Puebla<\/h2>\n\n\n\n<p><strong>Eduardo Rivera<\/strong>, candidato de la coalici\u00f3n \u00abMejor Rumbo para Puebla\u00bb al Gobierno del estado, denunci\u00f3 que su domicilio fue atacado anoche y acus\u00f3 un posible<strong>&nbsp;\u00abm\u00f3vil pol\u00edtico\u00bb.<\/strong><\/p>\n\n\n\n<p>\u00abMe han informado que la seguridad del lugar donde vivo ha sido vulnerada. He suspendido mi gira en el interior del estado y en este momento estoy regresando a la capital\u00bb, dio a conocer en redes.<\/p>\n\n\n\n<p>Aunque ning\u00fan integrante de la familia del panista result\u00f3 herido durante la agresi\u00f3n, el saldo presuntamente fue de<strong>&nbsp;una persona lesionada.<\/strong>El Gobernador morenista&nbsp;<strong>Sergio Salom\u00f3n<\/strong>&nbsp;inform\u00f3 en redes que se investiga la agresi\u00f3n<\/p>\n\n\n\n<h2 class=\"wp-block-heading\">Agreden a candidato y Matan a su hijo<\/h2>\n\n\n\n<p><strong>Juan G\u00f3mez Morales,<\/strong>&nbsp;quien busca reelegirse como Alcalde de Benem\u00e9rito de las Am\u00e9ricas por el partido&nbsp;<strong>Chiapas Unido<\/strong>, fue atacado el viernes por hombres armados cuando viajaba en un convoy de tres veh\u00edculos en un tramo carretero que conduce a La Trinitaria, en la Selva Lacandona.<\/p>\n\n\n\n<p>En la agresi\u00f3n muri\u00f3 el hijo del aspirante,&nbsp;<strong>Jimmy G\u00f3mez<\/strong>, y&nbsp;<strong>Mauro Hern\u00e1ndez<\/strong>, candidato a regidor del mismo partido, mientras que tres personas m\u00e1s resultaron lesionadas, confirm\u00f3 la Fiscal\u00eda General del Estado.<\/p>\n\n\n\n<p>\u00c9l result\u00f3 ileso.<\/p>\n\n\n\n<h2 class=\"wp-block-heading\">Emboscan a morenistas en comisar\u00eda yucateca<\/h2>\n\n\n\n<p>Una caravana de morenistas que realizaban campa\u00f1a a favor de&nbsp;<strong>Manuel<\/strong><strong>Castro<\/strong>, candidato a la Alcald\u00eda de Chankom, fue atacada por al menos 30 personas en la salida de la comisar\u00eda de X-Bohom, lo que dej\u00f3&nbsp;<strong>un joven muerto.<\/strong><\/p>\n\n\n\n<p>La coalici\u00f3n\u00a0<strong>\u00abSigamos Haciendo Historia\u00bb<\/strong>\u00a0acus\u00f3 de los hechos a un grupo presuntamente relacionado con la Alcaldesa panista Concepci\u00f3n Tamay Noh.<\/p>\n\n\n\n<p>Fuente: <a href=\"https:\/\/www.elnorte.com\/escala-violencia-electoral\/ar2802434\">https:\/\/www.elnorte.com\/escala-violencia-electoral\/ar2802434<\/a><\/p>\n","protected":false},"excerpt":{"rendered":"<p>Ataques contra aspirantes han incrementado y en este fin de semana se han contabilizado diversos atentados en Puebla, Yucat\u00e1n y [&hellip;]<\/p>\n","protected":false},"author":1,"featured_media":73657,"comment_status":"open","ping_status":"open","sticky":false,"template":"","format":"standard","meta":{"site-sidebar-layout":"default","site-content-layout":"","ast-site-content-layout":"default","site-content-style":"default","site-sidebar-style":"default","ast-global-header-display":"","ast-banner-title-visibility":"","ast-main-header-display":"","ast-hfb-above-header-display":"","ast-hfb-below-header-display":"","ast-hfb-mobile-header-display":"","site-post-title":"","ast-breadcrumbs-content":"","ast-featured-img":"","footer-sml-layout":"","theme-transparent-header-meta":"","adv-header-id-meta":"","stick-header-meta":"","header-above-stick-meta":"","header-main-stick-meta":"","header-below-stick-meta":"","astra-migrate-meta-layouts":"default","ast-page-background-enabled":"default","ast-page-background-meta":{"desktop":{"background-color":"var(--ast-global-color-4)","background-image":"","background-repeat":"repeat","background-position":"center center","background-size":"auto","background-attachment":"scroll","background-type":"","background-media":"","overlay-type":"","overlay-color":"","overlay-opacity":"","overlay-gradient":""},"tablet":{"background-color":"","background-image":"","background-repeat":"repeat","background-position":"center center","background-size":"auto","background-attachment":"scroll","background-type":"","background-media":"","overlay-type":"","overlay-color":"","overlay-opacity":"","overlay-gradient":""},"mobile":{"background-color":"","background-image":"","background-repeat":"repeat","background-position":"center center","background-size":"auto","background-attachment":"scroll","background-type":"","background-media":"","overlay-type":"","overlay-color":"","overlay-opacity":"","overlay-gradient":""}},"ast-content-background-meta":{"desktop":{"background-color":"var(--ast-global-color-5)","background-image":"","background-repeat":"repeat","background-position":"center center","background-size":"auto","background-attachment":"scroll","background-type":"","background-media":"","overlay-type":"","overlay-color":"","overlay-opacity":"","overlay-gradient":""},"tablet":{"background-color":"var(--ast-global-color-5)","background-image":"","background-repeat":"repeat","background-position":"center center","background-size":"auto","background-attachment":"scroll","background-type":"","background-media":"","overlay-type":"","overlay-color":"","overlay-opacity":"","overlay-gradient":""},"mobile":{"background-color":"var(--ast-global-color-5)","background-image":"","background-repeat":"repeat","background-position":"center center","background-size":"auto","background-attachment":"scroll","background-type":"","background-media":"","overlay-type":"","overlay-color":"","overlay-opacity":"","overlay-gradient":""}},"footnotes":""},"categories":[8],"tags":[2671,5486,17466,24744,3618],"class_list":["post-73656","post","type-post","status-publish","format-standard","has-post-thumbnail","hentry","category-noticias","tag-chiapas","tag-elecciones-2024","tag-violencia-electoral","tag-violencia-polituca","tag-yucatan"],"_links":{"self":[{"href":"https:\/\/losperiodistas.com.mx\/portal\/wp-json\/wp\/v2\/posts\/73656","targetHints":{"allow":["GET"]}}],"collection":[{"href":"https:\/\/losperiodistas.com.mx\/portal\/wp-json\/wp\/v2\/posts"}],"about":[{"href":"https:\/\/losperiodistas.com.mx\/portal\/wp-json\/wp\/v2\/types\/post"}],"author":[{"embeddable":true,"href":"https:\/\/losperiodistas.com.mx\/portal\/wp-json\/wp\/v2\/users\/1"}],"replies":[{"embeddable":true,"href":"https:\/\/losperiodistas.com.mx\/portal\/wp-json\/wp\/v2\/comments?post=73656"}],"version-history":[{"count":1,"href":"https:\/\/losperiodistas.com.mx\/portal\/wp-json\/wp\/v2\/posts\/73656\/revisions"}],"predecessor-version":[{"id":73658,"href":"https:\/\/losperiodistas.com.mx\/portal\/wp-json\/wp\/v2\/posts\/73656\/revisions\/73658"}],"wp:featuredmedia":[{"embeddable":true,"href":"https:\/\/losperiodistas.com.mx\/portal\/wp-json\/wp\/v2\/media\/73657"}],"wp:attachment":[{"href":"https:\/\/losperiodistas.com.mx\/portal\/wp-json\/wp\/v2\/media?parent=73656"}],"wp:term":[{"taxonomy":"category","embeddable":true,"href":"https:\/\/losperiodistas.com.mx\/portal\/wp-json\/wp\/v2\/categories?post=73656"},{"taxonomy":"post_tag","embeddable":true,"href":"https:\/\/losperiodistas.com.mx\/portal\/wp-json\/wp\/v2\/tags?post=73656"}],"curies":[{"name":"wp","href":"https:\/\/api.w.org\/{rel}","templated":true}]}}