{"id":73261,"date":"2024-04-28T12:59:02","date_gmt":"2024-04-28T17:59:02","guid":{"rendered":"https:\/\/losperiodistas.com.mx\/portal\/?p=73261"},"modified":"2024-04-28T12:59:04","modified_gmt":"2024-04-28T17:59:04","slug":"quien-es-la-mujer-que-aparece-en-la-portada-del-nuevo-libro-polemico-de-anabel-hernandez-infobae","status":"publish","type":"post","link":"https:\/\/losperiodistas.com.mx\/portal\/quien-es-la-mujer-que-aparece-en-la-portada-del-nuevo-libro-polemico-de-anabel-hernandez-infobae\/","title":{"rendered":"Qui\u00e9n es la mujer que aparece en la portada del nuevo libro pol\u00e9mico de Anabel Hern\u00e1ndez | Infobae"},"content":{"rendered":"\n<h2 class=\"has-medium-font-size wp-block-heading\">Anabel Hern\u00e1ndez revela los presuntos nexos entre AMLO y el C\u00e1rtel de Sinaloa; el gobernador Rub\u00e9n Rocha Moya y la alcaldesa de Elota tambi\u00e9n figuran en el nuevo libro de la periodista<\/h2>\n\n\n\n<p><img fetchpriority=\"high\" decoding=\"async\" height=\"1080\" width=\"1920\" srcset=\"https:\/\/www.infobae.com\/new-resizer\/i_Rv1qbMS6mDrqG7ONkgN7hGqTU=\/420x236\/filters:format(webp):quality(85)\/cloudfront-us-east-1.images.arcpublishing.com\/infobae\/6S42FSHVUZH5LDRUMMXK2ZJFXM.jpg 420w,https:\/\/www.infobae.com\/new-resizer\/JxRapGyE0AWHgt3Pz9xOWngS1Q0=\/768x432\/filters:format(webp):quality(85)\/cloudfront-us-east-1.images.arcpublishing.com\/infobae\/6S42FSHVUZH5LDRUMMXK2ZJFXM.jpg 768w,https:\/\/www.infobae.com\/new-resizer\/j6XVcqx4TADtPSqssFHPnlUdcsI=\/992x558\/filters:format(webp):quality(85)\/cloudfront-us-east-1.images.arcpublishing.com\/infobae\/6S42FSHVUZH5LDRUMMXK2ZJFXM.jpg 992w,https:\/\/www.infobae.com\/new-resizer\/DcOlMSdFFqy2m7zH1cKDFd7njbI=\/1200x675\/filters:format(webp):quality(85)\/cloudfront-us-east-1.images.arcpublishing.com\/infobae\/6S42FSHVUZH5LDRUMMXK2ZJFXM.jpg 1200w,https:\/\/www.infobae.com\/new-resizer\/19ViB5cnAe4TYgbQEC24K9CTzPY=\/1440x810\/filters:format(webp):quality(85)\/cloudfront-us-east-1.images.arcpublishing.com\/infobae\/6S42FSHVUZH5LDRUMMXK2ZJFXM.jpg 1440w\" class=\"\" src=\"https:\/\/www.infobae.com\/new-resizer\/i_Rv1qbMS6mDrqG7ONkgN7hGqTU=\/420x236\/filters:format(webp):quality(85)\/cloudfront-us-east-1.images.arcpublishing.com\/infobae\/6S42FSHVUZH5LDRUMMXK2ZJFXM.jpg%20420w\" alt=\"Ana Karen Val Medina y AMLO\">Ana Karen Val Medina y AMLO<\/p>\n\n\n\n<p><\/p>\n\n\n\n<p class=\"has-vivid-red-color has-text-color has-medium-font-size\"><strong>Ernesto Jim\u00e9nez \/ Infobae<\/strong><\/p>\n\n\n\n<p>A unas horas del segundo debate entre las y el candidato a la Presidencia, la periodista Anabel Hern\u00e1ndez lanz\u00f3 su m\u00e1s reciente libro titulado\u00a0<em>\u201cLa historia secreta: AMLO y el C\u00e1rtel de Sinaloa\u201d,\u00a0<\/em>en el que aparecen las figuras de los los l\u00edderes del C\u00e1rtel de Sinaloa acompa\u00f1ados por tres personajes \u201cajenos\u201d a ese mendo criminal: Rub\u00e9n Rocha Moya,\u00a0<a href=\"https:\/\/www.infobae.com\/mexico\/2024\/04\/28\/asesinan-a-francisco-sanchez-regidor-con-licencia-de-puerto-vallarta-buscaba-cargo-a-sindico-municipal\/\" target=\"_blank\" rel=\"noreferrer noopener\"><strong>Andr\u00e9s Manuel L\u00f3pez Obrador<\/strong><\/a>\u00a0y una mujer que buscaba la reelecci\u00f3n como presidenta municipal de Elota.<\/p>\n\n\n\n<p><a href=\"https:\/\/www.infobae.com\/mexico\/2024\/04\/28\/asi-luce-el-taller-mecanico-donde-se-fabricaban-vehiculos-monstruos-en-sonora\/\" target=\"_blank\" rel=\"noreferrer noopener\">Te puede interesar:<strong>As\u00ed luce el taller mec\u00e1nico donde se fabricaban veh\u00edculos \u201cmonstruos\u201d en Sonora<\/strong><\/a><\/p>\n\n\n\n<p>Arturo Beltr\u00e1n Leyva \u201cEl Barbas\u201d<strong>, Joaqu\u00edn El Chapo\u201d Guzm\u00e1n Loera,<\/strong>&nbsp;Ismael \u201cEl Mayo\u201d Zambada Garc\u00eda, Los Chapitos y D\u00e1maso L\u00f3pez Serrano \u201cEl Mini Lic\u201d completan la imagen \u201cdecorada\u201d con una fotograf\u00eda de las camionetas incendiadas durante el llamado&nbsp;<em>culiacanazo<\/em>: cuando la estrategia de seguridad del Gobierno Federal qued\u00f3 en evidencia ante el poder de Los Menores, bajo el liderazgo de Iv\u00e1n Archivaldo Guzm\u00e1n Salazar.<\/p>\n\n\n\n<p>Entre los rostros de 10 de los hombres m\u00e1s poderosos de M\u00e9xico en los \u00faltimos a\u00f1os -dos extraditados a Estados Unidos (El Chapo y Ovidio Guzm\u00e1n), uno m\u00e1s asesinado (Arturo Beltr\u00e1n) y el actual gobernador de Sinaloa (Rub\u00e9n Rocho Moya)- figura la imagen de\u00a0<strong>Ana Karen Val Medina,\u00a0<\/strong>quien lleg\u00f3 a la presidencia municipal de Elota como candidata del Partido del Trabajo (PT).<\/p>\n\n\n\n<p><a href=\"https:\/\/www.infobae.com\/mexico\/2024\/04\/28\/extranjera-pide-que-un-mexicano-le-explique-el-significado-de-701-numero-que-aparece-en-los-corridos\/\" target=\"_blank\" rel=\"noreferrer noopener\">Te puede interesar:<strong>Extranjera pide que un mexicano le explique el significado de \u201c701\u2033, n\u00famero que aparece en los corridos<\/strong><\/a><\/p>\n\n\n\n<p>El presente pol\u00edtico de Val Medina qued\u00f3 incierto luego de que en febrero pasado solicitara licencia al&nbsp;<strong>Congreso de Sinaloa&nbsp;<\/strong>para separarse del cargo en busca de la reelecci\u00f3n como alcalde de Elota, sin embargo, cuando el pasado 5 d abril el PT registr\u00f3 ante el Instituto Electoral del Estado (IEE) su planilla para los cargos de elecci\u00f3n popular del municipio sinaloense, para sorpresa de muchos estaba encabezada por Pedro Mart\u00ednez L\u00f3pez.<img decoding=\"async\" alt=\"Libro Anabel Hern\u00e1ndez\" height=\"438\" width=\"587\" class=\"\" src=\"https:\/\/www.infobae.com\/new-resizer\/9yfjdXHPmUCd4LGHlBjJbl9jDM0=\/420x315\/filters:format(webp):quality(85)\/cloudfront-us-east-1.images.arcpublishing.com\/infobae\/KSWC6INRFNGW7C3UA7CXLUGZKU.png%20420w\" srcset=\"https:\/\/www.infobae.com\/new-resizer\/9yfjdXHPmUCd4LGHlBjJbl9jDM0=\/420x315\/filters:format(webp):quality(85)\/cloudfront-us-east-1.images.arcpublishing.com\/infobae\/KSWC6INRFNGW7C3UA7CXLUGZKU.png 420w,https:\/\/www.infobae.com\/new-resizer\/yCp80t0BW0NYBL5Qh0wV2NBrst4=\/768x576\/filters:format(webp):quality(85)\/cloudfront-us-east-1.images.arcpublishing.com\/infobae\/KSWC6INRFNGW7C3UA7CXLUGZKU.png 768w,https:\/\/www.infobae.com\/new-resizer\/EeRHYOQddc-2GAsr-iTmINto6ck=\/992x744\/filters:format(webp):quality(85)\/cloudfront-us-east-1.images.arcpublishing.com\/infobae\/KSWC6INRFNGW7C3UA7CXLUGZKU.png 992w,https:\/\/www.infobae.com\/new-resizer\/gctDQhDkZeNSCHCWCIYeJysQ2SI=\/1200x900\/filters:format(webp):quality(85)\/cloudfront-us-east-1.images.arcpublishing.com\/infobae\/KSWC6INRFNGW7C3UA7CXLUGZKU.png 1200w,https:\/\/www.infobae.com\/new-resizer\/UigY1gE0__dZQMmPMQIl-aK5dmo=\/1440x1080\/filters:format(webp):quality(85)\/cloudfront-us-east-1.images.arcpublishing.com\/infobae\/KSWC6INRFNGW7C3UA7CXLUGZKU.png 1440w\">Libro Anabel Hern\u00e1ndez<\/p>\n\n\n\n<h2 class=\"wp-block-heading\">Ana Karen Val Medina<\/h2>\n\n\n\n<p>El nombre y la imagen de Ana Karen Val Medina cobr\u00f3 notoriedad a nivel nacional durante la conmemoraci\u00f3n por el D\u00eda Internacional de la Mujer en el a\u00f1o 2022. En ese entonces los titulares de todos los medios nacionales dieron cuenta de\u00a0<a href=\"https:\/\/www.infobae.com\/mexico\/2024\/04\/28\/extranjera-pide-que-un-mexicano-le-explique-el-significado-de-701-numero-que-aparece-en-los-corridos\/\" target=\"_blank\" rel=\"noreferrer noopener\"><strong>\u201cLa mujer que \u2018rob\u00f3&#8217; la atenci\u00f3n de AMLO\u201d.<\/strong><\/a><\/p>\n\n\n\n<p><a href=\"https:\/\/www.infobae.com\/mexico\/2024\/04\/28\/debate-presidencial-claudia-sheinbaum-xochitl-galvez-y-jorge-alvarez-maynez-se-enfrentan-por-segunda-vez\/\" target=\"_blank\" rel=\"noreferrer noopener\">Te puede interesar:<strong>Debate Presidencial: Claudia Sheinbaum, X\u00f3chitl G\u00e1lvez y Jorge \u00c1lvarez M\u00e1ynez se enfrentan por segunda vez | EN VIVO<\/strong><\/a><\/p>\n\n\n\n<p>La sinaloense aparece en varias im\u00e1genes junto a AMLO en el marco del evento celebrado en Palacio Nacional; en una de las instant\u00e1neas el Presidente la alcanza y toma del hombro mientras ambos sonr\u00eden, segundos despu\u00e9s los dos posaron en un abrazo que qued\u00f3 plasmado en la cuenta de Instagram de la entonces alcaldesa.<\/p>\n\n\n\n<blockquote class=\"wp-block-quote is-layout-flow wp-block-quote-is-layout-flow\"><p>\u201cQue gran honor representar al municipio de Elota y ser parte de las mujeres l\u00edderes que estamos transformando la historia de M\u00e9xico. Agradezco la invitaci\u00f3n de nuestro presidente de la Rep\u00fablica, licenciado Andr\u00e9s Manuel L\u00f3pez Obrador, y de la presidenta del Instituto Nacional de las Mujeres, doctora Nadine Flora Gasman Zylbermann. Conmemorando el 08 de Marzo D\u00eda internacional de las mujeres \u00a1\u00a1Poder de mujer??\u00a1\u00a1Arriba Elota!!\u201d, escribi\u00f3 Val Medina junto a la fotograf\u00eda.<\/p><\/blockquote>\n\n\n\n<p>La \u00fanica mujer protagonista en la portada del nuevo libro de&nbsp;<strong>Anabel Hern\u00e1ndez,&nbsp;<\/strong>gan\u00f3 las elecciones a la presidencial municipal de Elota el 6 de junio del 2021, culminando as\u00ed con 92 a\u00f1os de hegemon\u00eda de hombres salidos de las filas del PRI; pese a su nula experiencia en la pol\u00edtica, dijo estar dispuesta a escuchar las demandas del pueblo y recategorizar a&nbsp;<strong>Elota&nbsp;<\/strong>en el mapa social y pol\u00edtico, tanto de Sinaloa como de todo el pa\u00eds.<\/p>\n\n\n\n<p>De profesi\u00f3n cosmiatra -especialista en la parte exterior de la piel-, Ana Karen Val Medina nos recuerda a otra mujer experta en la misma disciplina y que estuvo \u00edntimamente vinculada al\u00a0<strong>C\u00e1rtel de Sinaloa,\u00a0<\/strong>especialmente con El Chapo Guzm\u00e1n: Lucero Guadalupe S\u00e1nchez, mejor conocida como \u201cLa Chapodiputada\u201d.<\/p>\n\n\n\n<p>Fuente: <a href=\"https:\/\/www.infobae.com\/mexico\/2024\/04\/28\/quien-es-la-mujer-que-aparece-en-la-portada-del-nuevo-libro-polemico-de-anabel-hernandez\/\">https:\/\/www.infobae.com\/mexico\/2024\/04\/28\/quien-es-la-mujer-que-aparece-en-la-portada-del-nuevo-libro-polemico-de-anabel-hernandez\/<\/a><\/p>\n","protected":false},"excerpt":{"rendered":"<p>Anabel Hern\u00e1ndez revela los presuntos nexos entre AMLO y el C\u00e1rtel de Sinaloa; el gobernador Rub\u00e9n Rocha Moya y la [&hellip;]<\/p>\n","protected":false},"author":1,"featured_media":73262,"comment_status":"open","ping_status":"open","sticky":false,"template":"","format":"standard","meta":{"site-sidebar-layout":"default","site-content-layout":"","ast-site-content-layout":"default","site-content-style":"default","site-sidebar-style":"default","ast-global-header-display":"","ast-banner-title-visibility":"","ast-main-header-display":"","ast-hfb-above-header-display":"","ast-hfb-below-header-display":"","ast-hfb-mobile-header-display":"","site-post-title":"","ast-breadcrumbs-content":"","ast-featured-img":"","footer-sml-layout":"","theme-transparent-header-meta":"","adv-header-id-meta":"","stick-header-meta":"","header-above-stick-meta":"","header-main-stick-meta":"","header-below-stick-meta":"","astra-migrate-meta-layouts":"default","ast-page-background-enabled":"default","ast-page-background-meta":{"desktop":{"background-color":"var(--ast-global-color-4)","background-image":"","background-repeat":"repeat","background-position":"center center","background-size":"auto","background-attachment":"scroll","background-type":"","background-media":"","overlay-type":"","overlay-color":"","overlay-opacity":"","overlay-gradient":""},"tablet":{"background-color":"","background-image":"","background-repeat":"repeat","background-position":"center center","background-size":"auto","background-attachment":"scroll","background-type":"","background-media":"","overlay-type":"","overlay-color":"","overlay-opacity":"","overlay-gradient":""},"mobile":{"background-color":"","background-image":"","background-repeat":"repeat","background-position":"center center","background-size":"auto","background-attachment":"scroll","background-type":"","background-media":"","overlay-type":"","overlay-color":"","overlay-opacity":"","overlay-gradient":""}},"ast-content-background-meta":{"desktop":{"background-color":"var(--ast-global-color-5)","background-image":"","background-repeat":"repeat","background-position":"center center","background-size":"auto","background-attachment":"scroll","background-type":"","background-media":"","overlay-type":"","overlay-color":"","overlay-opacity":"","overlay-gradient":""},"tablet":{"background-color":"var(--ast-global-color-5)","background-image":"","background-repeat":"repeat","background-position":"center center","background-size":"auto","background-attachment":"scroll","background-type":"","background-media":"","overlay-type":"","overlay-color":"","overlay-opacity":"","overlay-gradient":""},"mobile":{"background-color":"var(--ast-global-color-5)","background-image":"","background-repeat":"repeat","background-position":"center center","background-size":"auto","background-attachment":"scroll","background-type":"","background-media":"","overlay-type":"","overlay-color":"","overlay-opacity":"","overlay-gradient":""}},"footnotes":""},"categories":[8],"tags":[24544,5950,24545,24543],"class_list":["post-73261","post","type-post","status-publish","format-standard","has-post-thumbnail","hentry","category-noticias","tag-ana-karen-val-medina","tag-anabel-hernandez","tag-la-historia-secreta-amnlo-y-ek-cartel-de-sinaloa","tag-ruben-rocha-moya"],"_links":{"self":[{"href":"https:\/\/losperiodistas.com.mx\/portal\/wp-json\/wp\/v2\/posts\/73261","targetHints":{"allow":["GET"]}}],"collection":[{"href":"https:\/\/losperiodistas.com.mx\/portal\/wp-json\/wp\/v2\/posts"}],"about":[{"href":"https:\/\/losperiodistas.com.mx\/portal\/wp-json\/wp\/v2\/types\/post"}],"author":[{"embeddable":true,"href":"https:\/\/losperiodistas.com.mx\/portal\/wp-json\/wp\/v2\/users\/1"}],"replies":[{"embeddable":true,"href":"https:\/\/losperiodistas.com.mx\/portal\/wp-json\/wp\/v2\/comments?post=73261"}],"version-history":[{"count":1,"href":"https:\/\/losperiodistas.com.mx\/portal\/wp-json\/wp\/v2\/posts\/73261\/revisions"}],"predecessor-version":[{"id":73263,"href":"https:\/\/losperiodistas.com.mx\/portal\/wp-json\/wp\/v2\/posts\/73261\/revisions\/73263"}],"wp:featuredmedia":[{"embeddable":true,"href":"https:\/\/losperiodistas.com.mx\/portal\/wp-json\/wp\/v2\/media\/73262"}],"wp:attachment":[{"href":"https:\/\/losperiodistas.com.mx\/portal\/wp-json\/wp\/v2\/media?parent=73261"}],"wp:term":[{"taxonomy":"category","embeddable":true,"href":"https:\/\/losperiodistas.com.mx\/portal\/wp-json\/wp\/v2\/categories?post=73261"},{"taxonomy":"post_tag","embeddable":true,"href":"https:\/\/losperiodistas.com.mx\/portal\/wp-json\/wp\/v2\/tags?post=73261"}],"curies":[{"name":"wp","href":"https:\/\/api.w.org\/{rel}","templated":true}]}}