{"id":73258,"date":"2024-04-28T11:21:11","date_gmt":"2024-04-28T16:21:11","guid":{"rendered":"https:\/\/losperiodistas.com.mx\/portal\/?p=73258"},"modified":"2024-04-28T11:21:13","modified_gmt":"2024-04-28T16:21:13","slug":"mueren-4-policias-estatales-tras-enfrentarse-con-criminales-en-chignahuapan-oem","status":"publish","type":"post","link":"https:\/\/losperiodistas.com.mx\/portal\/mueren-4-policias-estatales-tras-enfrentarse-con-criminales-en-chignahuapan-oem\/","title":{"rendered":"Mueren 4 polic\u00edas estatales tras enfrentarse con criminales en Chignahuapan | OEM"},"content":{"rendered":"\n<h3 class=\"has-medium-font-size wp-block-heading\">Dos oficiales m\u00e1s resultaron heridos mientras que tres presuntos criminales fueron abatidos y sus cuerpos levantados por sus c\u00f3mplices<\/h3>\n\n\n\n<p><img decoding=\"async\" src=\"https:\/\/www.elsoldepuebla.com.mx\/policiaca\/hmavh9-mueren-4-policias-estales-tras-enfrentarse-con-criminales-en-chignahuapan\/alternates\/LANDSCAPE_768\/Mueren%204%20polic%C3%ADas%20estales%20tras%20enfrentarse%20con%20criminales%20en%20Chignahuapan\" alt=\"\"><\/p>\n\n\n\n<h4 class=\"wp-block-heading\">Mueren 4 polic\u00edas estales tras enfrentarse con criminales en Chignahuapan. Foto: Archivo | El Sol de Puebla<a href=\"https:\/\/www.elsoldepuebla.com.mx\/policiaca\/matan-a-4-policias-estales-en-chignahuapan-11832303.html\" target=\"_blank\" rel=\"noreferrer noopener\"><\/a><\/h4>\n\n\n\n<h2 class=\"wp-block-heading\"><a href=\"https:\/\/www.elsoldepuebla.com.mx\/policiaca\/matan-a-4-policias-estales-en-chignahuapan-11832303.html\"><\/a><\/h2>\n\n\n\n<p class=\"has-vivid-red-color has-text-color has-medium-font-size\"><strong>Paulina G\u00f3mez \/ El Sol de Puebla<\/strong><\/p>\n\n\n\n<p><strong>Cuatro polic\u00edas estatales&nbsp;<\/strong>fueron asesinados en cumplimiento del deber tras enfrentarse a balazos con un grupo de delincuentes que intent\u00f3 rescatar a sujetos que previament<strong>e fueron detenidos por los agentes del estado en el municipio de Chignahuapan<\/strong>; dos oficiales m\u00e1s resultaron heridos mientras que tres presuntos criminales fueron abatidos y sus cuerpos levantados por sus c\u00f3mplices.<\/p>\n\n\n\n<p>Todo sucedi\u00f3 en la<strong>&nbsp;localidad de San Francisco Terrerillos, municipio de Chignahuapan<\/strong>, donde seg\u00fan lo informado por la Secretar\u00eda de Seguridad P\u00fablica Estatal (SSP) mediante comunicado de prensa, los elementos policiacos detuvieron a algunas&nbsp;<strong>personas en posesi\u00f3n de equipo t\u00e1ctico.<\/strong><\/p>\n\n\n\n<p><a href=\"https:\/\/www.elsoldepuebla.com.mx\/policiaca\/\">POLICIACA<\/a><\/p>\n\n\n\n<figure class=\"wp-block-image\"><a href=\"https:\/\/www.elsoldepuebla.com.mx\/policiaca\/rafaguean-vehiculo-y-asesinan-a-dos-en-la-entrada-a-acatlan-de-osorio-11829474.html\"><img decoding=\"async\" src=\"https:\/\/www.elsoldepuebla.com.mx\/policiaca\/h695hx-rafaguean-vehiculo-y-asesinan-a-dos-en-la-entrada-a-acatlan-de-osorio\/alternates\/LANDSCAPE_200\/Rafaguean%20veh%C3%ADculo%20y%20asesinan%20a%20dos%20en%20la%20entrada%20a%20Acatl%C3%A1n%20de%20Osorio\" alt=\"\" title=\"Rafaguean veh\u00edculo y asesinan a dos en la entrada a Acatl\u00e1n de Osorio\"\/><\/a><\/figure>\n\n\n\n<p>Sin embargo, durante el traslado de los<strong>&nbsp;presuntos delincuentes, l<\/strong>os uniformados fueron interceptados por un grupo de hombres armados que los agredieron, provocando una confrontaci\u00f3n.<\/p>\n\n\n\n<p>Tras los hechos, en el lugar&nbsp;<strong>fueron aseguradas dos camionetas, adem\u00e1s,<\/strong>&nbsp;seg\u00fan la SSP, se tiene el reporte de que aproximadamente tres probables delincuentes perdieron la vida, sin embargo, sus cuerpos fueron retirados por el grupo armado al momento de su huida.<\/p>\n\n\n\n<p>La dependencia asegur\u00f3 que se encuentra colaborando estrechamente con las autoridades ministeriales para investigar a<strong>&nbsp;fondo este hecho y asegurar que los responsables se enfrenten a la justicia<\/strong>.<\/p>\n\n\n\n<p>Adem\u00e1s, destac\u00f3,\u00a0<strong>se han dispuesto todos los recursos necesarios<\/strong>\u00a0para apoyar a las familias de los polic\u00edas fallecidos.<\/p>\n\n\n\n<p>Fuente: <a href=\"https:\/\/www.elsoldepuebla.com.mx\/policiaca\/matan-a-4-policias-estales-en-chignahuapan-11832303.html\">https:\/\/www.elsoldepuebla.com.mx\/policiaca\/matan-a-4-policias-estales-en-chignahuapan-11832303.html<\/a><\/p>\n","protected":false},"excerpt":{"rendered":"<p>Dos oficiales m\u00e1s resultaron heridos mientras que tres presuntos criminales fueron abatidos y sus cuerpos levantados por sus c\u00f3mplices Mueren [&hellip;]<\/p>\n","protected":false},"author":1,"featured_media":73259,"comment_status":"open","ping_status":"open","sticky":false,"template":"","format":"standard","meta":{"site-sidebar-layout":"default","site-content-layout":"","ast-site-content-layout":"default","site-content-style":"default","site-sidebar-style":"default","ast-global-header-display":"","ast-banner-title-visibility":"","ast-main-header-display":"","ast-hfb-above-header-display":"","ast-hfb-below-header-display":"","ast-hfb-mobile-header-display":"","site-post-title":"","ast-breadcrumbs-content":"","ast-featured-img":"","footer-sml-layout":"","theme-transparent-header-meta":"","adv-header-id-meta":"","stick-header-meta":"","header-above-stick-meta":"","header-main-stick-meta":"","header-below-stick-meta":"","astra-migrate-meta-layouts":"default","ast-page-background-enabled":"default","ast-page-background-meta":{"desktop":{"background-color":"var(--ast-global-color-4)","background-image":"","background-repeat":"repeat","background-position":"center center","background-size":"auto","background-attachment":"scroll","background-type":"","background-media":"","overlay-type":"","overlay-color":"","overlay-opacity":"","overlay-gradient":""},"tablet":{"background-color":"","background-image":"","background-repeat":"repeat","background-position":"center center","background-size":"auto","background-attachment":"scroll","background-type":"","background-media":"","overlay-type":"","overlay-color":"","overlay-opacity":"","overlay-gradient":""},"mobile":{"background-color":"","background-image":"","background-repeat":"repeat","background-position":"center center","background-size":"auto","background-attachment":"scroll","background-type":"","background-media":"","overlay-type":"","overlay-color":"","overlay-opacity":"","overlay-gradient":""}},"ast-content-background-meta":{"desktop":{"background-color":"var(--ast-global-color-5)","background-image":"","background-repeat":"repeat","background-position":"center center","background-size":"auto","background-attachment":"scroll","background-type":"","background-media":"","overlay-type":"","overlay-color":"","overlay-opacity":"","overlay-gradient":""},"tablet":{"background-color":"var(--ast-global-color-5)","background-image":"","background-repeat":"repeat","background-position":"center center","background-size":"auto","background-attachment":"scroll","background-type":"","background-media":"","overlay-type":"","overlay-color":"","overlay-opacity":"","overlay-gradient":""},"mobile":{"background-color":"var(--ast-global-color-5)","background-image":"","background-repeat":"repeat","background-position":"center center","background-size":"auto","background-attachment":"scroll","background-type":"","background-media":"","overlay-type":"","overlay-color":"","overlay-opacity":"","overlay-gradient":""}},"footnotes":""},"categories":[8],"tags":[24539,24541,24542],"class_list":["post-73258","post","type-post","status-publish","format-standard","has-post-thumbnail","hentry","category-noticias","tag-chignahuapan-violenciia","tag-enfrentamiento-policias-y-delincuentes","tag-violencia-en-puebla"],"_links":{"self":[{"href":"https:\/\/losperiodistas.com.mx\/portal\/wp-json\/wp\/v2\/posts\/73258","targetHints":{"allow":["GET"]}}],"collection":[{"href":"https:\/\/losperiodistas.com.mx\/portal\/wp-json\/wp\/v2\/posts"}],"about":[{"href":"https:\/\/losperiodistas.com.mx\/portal\/wp-json\/wp\/v2\/types\/post"}],"author":[{"embeddable":true,"href":"https:\/\/losperiodistas.com.mx\/portal\/wp-json\/wp\/v2\/users\/1"}],"replies":[{"embeddable":true,"href":"https:\/\/losperiodistas.com.mx\/portal\/wp-json\/wp\/v2\/comments?post=73258"}],"version-history":[{"count":1,"href":"https:\/\/losperiodistas.com.mx\/portal\/wp-json\/wp\/v2\/posts\/73258\/revisions"}],"predecessor-version":[{"id":73260,"href":"https:\/\/losperiodistas.com.mx\/portal\/wp-json\/wp\/v2\/posts\/73258\/revisions\/73260"}],"wp:featuredmedia":[{"embeddable":true,"href":"https:\/\/losperiodistas.com.mx\/portal\/wp-json\/wp\/v2\/media\/73259"}],"wp:attachment":[{"href":"https:\/\/losperiodistas.com.mx\/portal\/wp-json\/wp\/v2\/media?parent=73258"}],"wp:term":[{"taxonomy":"category","embeddable":true,"href":"https:\/\/losperiodistas.com.mx\/portal\/wp-json\/wp\/v2\/categories?post=73258"},{"taxonomy":"post_tag","embeddable":true,"href":"https:\/\/losperiodistas.com.mx\/portal\/wp-json\/wp\/v2\/tags?post=73258"}],"curies":[{"name":"wp","href":"https:\/\/api.w.org\/{rel}","templated":true}]}}