{"id":73254,"date":"2024-04-28T11:03:58","date_gmt":"2024-04-28T16:03:58","guid":{"rendered":"https:\/\/losperiodistas.com.mx\/portal\/?p=73254"},"modified":"2024-04-28T11:04:00","modified_gmt":"2024-04-28T16:04:00","slug":"las-claves-del-segundo-debate-galvez-saldra-en-tromba-sheinbaum-huira-del-barro-y-se-centrara-en-las-propuestas-el-pais","status":"publish","type":"post","link":"https:\/\/losperiodistas.com.mx\/portal\/las-claves-del-segundo-debate-galvez-saldra-en-tromba-sheinbaum-huira-del-barro-y-se-centrara-en-las-propuestas-el-pais\/","title":{"rendered":"Las claves del segundo debate: G\u00e1lvez saldr\u00e1 en tromba; Sheinbaum huir\u00e1 del barro y se centrar\u00e1 en las propuestas | El Pa\u00eds"},"content":{"rendered":"\n<h2 class=\"has-medium-font-size wp-block-heading\">La candidata opositora tratar\u00e1 de remontar los flacos resultados que obtuvo en el primer encuentro con preguntas inc\u00f3modas para la morenista. La conversaci\u00f3n versar\u00e1 sobre econom\u00eda, desigualdad, empleo y cambio clim\u00e1tico<\/h2>\n\n\n\n<figure class=\"wp-block-image size-large\"><img fetchpriority=\"high\" decoding=\"async\" width=\"1024\" height=\"575\" src=\"https:\/\/losperiodistas.com.mx\/portal\/wp-content\/uploads\/2024\/04\/Captura-de-Pantalla-2024-04-28-a-las-10.00.34-1024x575.jpg\" alt=\"\" class=\"wp-image-73256\" srcset=\"https:\/\/losperiodistas.com.mx\/portal\/wp-content\/uploads\/2024\/04\/Captura-de-Pantalla-2024-04-28-a-las-10.00.34-1024x575.jpg 1024w, https:\/\/losperiodistas.com.mx\/portal\/wp-content\/uploads\/2024\/04\/Captura-de-Pantalla-2024-04-28-a-las-10.00.34-300x168.jpg 300w, https:\/\/losperiodistas.com.mx\/portal\/wp-content\/uploads\/2024\/04\/Captura-de-Pantalla-2024-04-28-a-las-10.00.34-768x431.jpg 768w, https:\/\/losperiodistas.com.mx\/portal\/wp-content\/uploads\/2024\/04\/Captura-de-Pantalla-2024-04-28-a-las-10.00.34-1536x863.jpg 1536w, https:\/\/losperiodistas.com.mx\/portal\/wp-content\/uploads\/2024\/04\/Captura-de-Pantalla-2024-04-28-a-las-10.00.34-2048x1150.jpg 2048w\" sizes=\"(max-width: 1024px) 100vw, 1024px\" \/><figcaption>Claudia Sheinbaum y X\u00f3chitl G\u00e1lvez en eventos de precampa\u00f1a. EFE \/ GETTY<\/figcaption><\/figure>\n\n\n\n<p><\/p>\n\n\n\n<p class=\"has-vivid-red-color has-text-color has-medium-font-size\"><strong>CARMEN MOR\u00c1N BRE\u00d1A \/ EL PA\u00cdS<\/strong><\/p>\n\n\n\n<p>Dos d\u00edas ha paralizado la candidata de Frente y Coraz\u00f3n por M\u00e9xico su agenda p\u00fablica de campa\u00f1a para dedicarse a actividades \u201cprivadas\u201d que todos han traducido como la preparaci\u00f3n exhaustiva de un debate que no se le puede ir de las manos, aunque solo sea el segundo y falte uno m\u00e1s. El nuevo encuentro presidencial que se celebra este domingo es clave, sobre todo, para&nbsp;<a href=\"https:\/\/elpais.com\/mexico\/2024-04-23\/que-sera-de-xochitl.html\">X\u00f3chitl G\u00e1lvez<\/a>, que no sali\u00f3 favorecida en el primero, como ella misma ha reconocido, explicando que se sinti\u00f3 inc\u00f3moda. En esta ocasi\u00f3n, hasta el atuendo ser\u00e1 distinto, probablemente lucir\u00e1 su ropa habitual, el huipil. La tarea no es f\u00e1cil, primero, porque G\u00e1lvez se ver\u00e1 las caras de nuevo con la morenista Claudia Sheinbaum, cuya ventaja en las encuestas le aporta tranquilidad y&nbsp;<a href=\"https:\/\/elpais.com\/mexico\/elecciones-mexicanas\/2024-04-08\/encuesta-flash-sheinbaum-gana-46-el-primer-debate-presidencial-frente-a-galvez-25.html\">as\u00ed se la vio en el primer debate, serena y confiada<\/a>. Y segundo, porque el asunto a tratar en esta ocasi\u00f3n es la econom\u00eda, una de las asignaturas m\u00e1s fuertes de Morena, donde puede exhibir logros reconocidos incluso internacionalmente. Tambi\u00e9n en M\u00e9xico, aunque los banqueros aplaudan a G\u00e1lvez en pie, como ocurri\u00f3 en Acapulco recientemente.<\/p>\n\n\n\n<p>Hay cierto estancamiento en la candidatura del Frente. Salida pr\u00e1cticamente de la nada para afrontar el reto presidencial, G\u00e1lvez ha tenido primero que darse a conocer en todo el pa\u00eds, y lo ha logrado, el 84% de la ciudadan\u00eda sabe qui\u00e9n es y lo que representa, pero no es capaz de trasladar eso en simpat\u00edas pol\u00edticas que a\u00fapen las preferencias de voto, que todav\u00eda andan por un 33% respecto al 60% de su contrincante en Morena, seg\u00fan el \u00faltimo sondeo publicado en este peri\u00f3dico.&nbsp;<a href=\"https:\/\/elpais.com\/mexico\/elecciones-mexicanas\/2024-04-08\/los-ataques-entre-sheinbaum-y-galvez-dominan-el-primer-debate-presidencial-y-quitan-foco-a-las-propuestas.html\">Los debates son vitales para ambas cosas<\/a>, para reforzar su presencia como candidata y para convencer al electorado de la conveniencia de votar por ella. No puede fallar. Con su espontaneidad caracter\u00edstica, reconoc\u00eda el fin de semana pasado que se hace dif\u00edcil atender los consejos del grupo de asesores, en ocasiones tirando cada uno en direcciones distintas. Y adelant\u00f3 que tratar\u00e1 de preguntar m\u00e1s a Sheinbaum. Otra cosa es que ella conteste, no lo hizo en la pasada ocasi\u00f3n, no entr\u00f3 al trapo.<\/p>\n\n\n\n<p>Desde el equipo de la candidata de Morena anticipan una escalada de ataques por parte de su adversaria. \u201cAsumimos que llegar\u00e1 con la espada desenvainada, pero no vamos a caer en descalificaciones\u201d. Aunque no descartan responder en casos muy concretos, Sheinbaum buscar\u00e1 huir del barro y presentar propuestas. G\u00e1lvez, por su parte, tambi\u00e9n ha pedido que los moderadores del debate que no \u201csalven\u201d a la morenista de sus preguntas.<\/p>\n\n\n\n<p>Los Estudios Churubusco recibir\u00e1n el nuevo encuentro entre los tres aspirantes a la presidencia con el formato cl\u00e1sico de exponer preguntas de la ciudadan\u00eda que en esta ocasi\u00f3n versar\u00e1n sobre&nbsp;<a href=\"https:\/\/elpais.com\/mexico\/economia\/2024-04-20\/economia-solida-y-utilidades-record-lopez-obrador-se-cuelga-medallas-economicas-ante-los-banqueros.html\">crecimiento econ\u00f3mico,&nbsp;<\/a>empleo e inflaci\u00f3n; infraestructura y desarrollo; pobreza y desigualdad; y cambio clim\u00e1tico y desarrollo sustentable. En lo que a crecimiento econ\u00f3mico se refiere, si Sheinbaum contesta a G\u00e1lvez quiz\u00e1 no le gusten las respuestas, porque es un \u00e1rea en la que&nbsp;<a href=\"https:\/\/elpais.com\/mexico\/economia\/2024-02-07\/mexico-supera-por-primera-vez-a-china-como-principal-exportador-de-ee-uu-desde-2002.html#:~:text=Las%20exportaciones%20mexicanas%20a%20su,Las%20exportaciones%20sumaron%20427.229%20d%C3%B3lares.\">M\u00e9xico luce algunas de las mejores cifras de las \u00faltimas d\u00e9cadas&nbsp;<\/a>y hay casi un consenso en un probable despegue econ\u00f3mico y laboral inmediato, si se sabe aprovechar el viento que sopla a favor. La propia G\u00e1lvez ha reconocido que hay cosas que mantener en esta materia, con las que est\u00e1 de acuerdo. Saldr\u00e1 a relucir el salario m\u00ednimo,&nbsp;<a href=\"https:\/\/elpais.com\/mexico\/2024-04-23\/lopez-obrador-responsabiliza-a-la-suprema-corte-del-futuro-del-fondo-de-pensiones-del-bienestar.html\">las pensiones&nbsp;<\/a>(campo de batalla de los \u00faltimos d\u00edas), las&nbsp;<a href=\"https:\/\/elpais.com\/mexico\/2023-02-01\/las-remesas-en-mexico-alcanzan-un-record-historico-de-58497-millones-de-dolares-en-2022.html\">ayudas sociales a los m\u00e1s pobres<\/a>, las becas. En estas materias, Sheinbaum podr\u00eda decirse que juega en casa, aunque a veces lo que queda de un debate no es lo serio, sino cualquier desliz, matiz, o ataque de tos que le entre a uno de los candidatos.<\/p>\n\n\n\n<p>Un flanco mucho m\u00e1s desguarnecido es el medioambiental, que tambi\u00e9n se tratar\u00e1 el domingo bajo el ep\u00edgrafe de cambio clim\u00e1tico.&nbsp;<a href=\"https:\/\/elpais.com\/mexico\/2024-04-20\/petroleo-mexicano-para-dos-bocas-el-sueno-energetico-de-lopez-obrador-recorta-las-exportaciones.html\">Petr\u00f3leo en lugar de energ\u00edas limpias,&nbsp;<\/a>refiner\u00edas con sobrecoste\u2026 la pol\u00edtica medioambiental no ha sido el fuerte de este sexenio y es probable que Sheinbaum, a pesar de ser toda una experta en esa materia, encuentre m\u00e1s dif\u00edcil su defensa. La candidata tiene que seguir manejando el equilibrio entre la continuidad de las pol\u00edticas de su mentor y alguna propuesta novedosa propia de su factor\u00eda. La encuesta publicada por este peri\u00f3dico dejaba claro que el 68% que valora la gesti\u00f3n desarrollada por L\u00f3pez Obrador dar\u00e1 su voto por la sucesora. No se puede desperdiciar ese potencial, pero ser\u00e1 la l\u00ednea de ataque m\u00e1s evidente de la opositora, poner a Sheinbaum frente al espejo de los peores resultados del sexenio.<\/p>\n\n\n\n<p>Y Jorge \u00c1lvarez M\u00e1ynez. A buen seguro, el candidato de Movimiento Ciudadano lucir\u00e1 de nuevo su impert\u00e9rrita sonrisa y sacar\u00e1 partido al debate, como viene haciendo, solo sea porque es todav\u00eda el m\u00e1s desconocido entre el p\u00fablico y la audiencia que proporcionan estos encuentros le viene como anillo al dedo. Para el emecista todo es ganancia, le basta con criticar a diestra y siniestra y exponer sus propuestas sin arriesgarse a pu\u00f1etazo alguno, porque generalmente las dos adversarias le hacen ver como un convidado de piedra. A menos que G\u00e1lvez opte por atacarle para sacar partido a ese electorado que se decanta por el movimiento naranja y que a ella le vendr\u00eda muy bien para sumar puntos. Improbable, puesto que ya ha dicho que su objetivo, como debe ser, es sacar los colores a Claudia Sheinbaum. En el ecuador de la campa\u00f1a, G\u00e1lvez es la figura m\u00e1s d\u00e9bil, la que debe echar toda la carne en el asador. Y se ha tomado unos d\u00edas para prepararse bien.<\/p>\n\n\n\n<p>Fuente: <a href=\"https:\/\/elpais.com\/mexico\/elecciones-mexicanas\/2024-04-28\/las-claves-del-segundo-debate-galvez-saldra-en-tromba-sheinbaum-huira-del-barro-y-se-centrara-en-las-propuestas.html\">https:\/\/elpais.com\/mexico\/elecciones-mexicanas\/2024-04-28\/las-claves-del-segundo-debate-galvez-saldra-en-tromba-sheinbaum-huira-del-barro-y-se-centrara-en-las-propuestas.html<\/a><\/p>\n","protected":false},"excerpt":{"rendered":"<p>La candidata opositora tratar\u00e1 de remontar los flacos resultados que obtuvo en el primer encuentro con preguntas inc\u00f3modas para la [&hellip;]<\/p>\n","protected":false},"author":1,"featured_media":73256,"comment_status":"open","ping_status":"open","sticky":false,"template":"","format":"standard","meta":{"site-sidebar-layout":"default","site-content-layout":"","ast-site-content-layout":"default","site-content-style":"default","site-sidebar-style":"default","ast-global-header-display":"","ast-banner-title-visibility":"","ast-main-header-display":"","ast-hfb-above-header-display":"","ast-hfb-below-header-display":"","ast-hfb-mobile-header-display":"","site-post-title":"","ast-breadcrumbs-content":"","ast-featured-img":"","footer-sml-layout":"","theme-transparent-header-meta":"","adv-header-id-meta":"","stick-header-meta":"","header-above-stick-meta":"","header-main-stick-meta":"","header-below-stick-meta":"","astra-migrate-meta-layouts":"default","ast-page-background-enabled":"default","ast-page-background-meta":{"desktop":{"background-color":"var(--ast-global-color-4)","background-image":"","background-repeat":"repeat","background-position":"center center","background-size":"auto","background-attachment":"scroll","background-type":"","background-media":"","overlay-type":"","overlay-color":"","overlay-opacity":"","overlay-gradient":""},"tablet":{"background-color":"","background-image":"","background-repeat":"repeat","background-position":"center center","background-size":"auto","background-attachment":"scroll","background-type":"","background-media":"","overlay-type":"","overlay-color":"","overlay-opacity":"","overlay-gradient":""},"mobile":{"background-color":"","background-image":"","background-repeat":"repeat","background-position":"center center","background-size":"auto","background-attachment":"scroll","background-type":"","background-media":"","overlay-type":"","overlay-color":"","overlay-opacity":"","overlay-gradient":""}},"ast-content-background-meta":{"desktop":{"background-color":"var(--ast-global-color-5)","background-image":"","background-repeat":"repeat","background-position":"center center","background-size":"auto","background-attachment":"scroll","background-type":"","background-media":"","overlay-type":"","overlay-color":"","overlay-opacity":"","overlay-gradient":""},"tablet":{"background-color":"var(--ast-global-color-5)","background-image":"","background-repeat":"repeat","background-position":"center center","background-size":"auto","background-attachment":"scroll","background-type":"","background-media":"","overlay-type":"","overlay-color":"","overlay-opacity":"","overlay-gradient":""},"mobile":{"background-color":"var(--ast-global-color-5)","background-image":"","background-repeat":"repeat","background-position":"center center","background-size":"auto","background-attachment":"scroll","background-type":"","background-media":"","overlay-type":"","overlay-color":"","overlay-opacity":"","overlay-gradient":""}},"footnotes":""},"categories":[8],"tags":[5743,24155],"class_list":["post-73254","post","type-post","status-publish","format-standard","has-post-thumbnail","hentry","category-noticias","tag-elecciones-mexico-2024","tag-segundo-debate-presidencial"],"_links":{"self":[{"href":"https:\/\/losperiodistas.com.mx\/portal\/wp-json\/wp\/v2\/posts\/73254","targetHints":{"allow":["GET"]}}],"collection":[{"href":"https:\/\/losperiodistas.com.mx\/portal\/wp-json\/wp\/v2\/posts"}],"about":[{"href":"https:\/\/losperiodistas.com.mx\/portal\/wp-json\/wp\/v2\/types\/post"}],"author":[{"embeddable":true,"href":"https:\/\/losperiodistas.com.mx\/portal\/wp-json\/wp\/v2\/users\/1"}],"replies":[{"embeddable":true,"href":"https:\/\/losperiodistas.com.mx\/portal\/wp-json\/wp\/v2\/comments?post=73254"}],"version-history":[{"count":1,"href":"https:\/\/losperiodistas.com.mx\/portal\/wp-json\/wp\/v2\/posts\/73254\/revisions"}],"predecessor-version":[{"id":73257,"href":"https:\/\/losperiodistas.com.mx\/portal\/wp-json\/wp\/v2\/posts\/73254\/revisions\/73257"}],"wp:featuredmedia":[{"embeddable":true,"href":"https:\/\/losperiodistas.com.mx\/portal\/wp-json\/wp\/v2\/media\/73256"}],"wp:attachment":[{"href":"https:\/\/losperiodistas.com.mx\/portal\/wp-json\/wp\/v2\/media?parent=73254"}],"wp:term":[{"taxonomy":"category","embeddable":true,"href":"https:\/\/losperiodistas.com.mx\/portal\/wp-json\/wp\/v2\/categories?post=73254"},{"taxonomy":"post_tag","embeddable":true,"href":"https:\/\/losperiodistas.com.mx\/portal\/wp-json\/wp\/v2\/tags?post=73254"}],"curies":[{"name":"wp","href":"https:\/\/api.w.org\/{rel}","templated":true}]}}