{"id":73251,"date":"2024-04-28T10:08:22","date_gmt":"2024-04-28T15:08:22","guid":{"rendered":"https:\/\/losperiodistas.com.mx\/portal\/?p=73251"},"modified":"2024-04-28T10:08:25","modified_gmt":"2024-04-28T15:08:25","slug":"dia-mundial-de-la-seguridad-y-la-salud-en-el-trabajo-did","status":"publish","type":"post","link":"https:\/\/losperiodistas.com.mx\/portal\/dia-mundial-de-la-seguridad-y-la-salud-en-el-trabajo-did\/","title":{"rendered":"D\u00eda Mundial de la Seguridad y la Salud en el Trabajo | DID"},"content":{"rendered":"\n<div class=\"wp-block-image\"><figure class=\"alignleft size-full\"><img fetchpriority=\"high\" decoding=\"async\" width=\"305\" height=\"204\" src=\"https:\/\/losperiodistas.com.mx\/portal\/wp-content\/uploads\/2024\/04\/04-28_dia-seguridad-salud-trabajo.jpeg\" alt=\"\" class=\"wp-image-73252\" srcset=\"https:\/\/losperiodistas.com.mx\/portal\/wp-content\/uploads\/2024\/04\/04-28_dia-seguridad-salud-trabajo.jpeg 305w, https:\/\/losperiodistas.com.mx\/portal\/wp-content\/uploads\/2024\/04\/04-28_dia-seguridad-salud-trabajo-300x201.jpeg 300w\" sizes=\"(max-width: 305px) 100vw, 305px\" \/><\/figure><\/div>\n\n\n\n<p class=\"has-vivid-red-color has-text-color has-medium-font-size\"><strong>REDACCI\u00d3N D\u00cdA INTERNACIONAL DE<\/strong><\/p>\n\n\n\n<p><strong>El 28 de abril se celebra en todo el mundo el D\u00eda Mundial de la Seguridad y la Salud en el Trabajo<\/strong>, proclamado por la Organizaci\u00f3n Internacional del Trabajo (OIT).<\/p>\n\n\n\n<h2 class=\"wp-block-heading\" id=\"resTit_1\">\u00bfPor qu\u00e9 se celebra el D\u00eda de la Seguridad y Salud en el Trabajo?<\/h2>\n\n\n\n<p>La celebraci\u00f3n consiste en una campa\u00f1a anual internacional para promover el trabajo seguro, saludable y digno. Adem\u00e1s se rinde homenaje a las v\u00edctimas de los accidentes de trabajo y las enfermedades profesionales.<\/p>\n\n\n\n<p>El objetivo del\u00a0<strong>D\u00eda Mundial de la Seguridad y la Salud en el Trabajo<\/strong>\u00a0es la prevenci\u00f3n de los accidentes laborales y de las enfermedades profesionales.<\/p>\n\n\n\n<p>Se trata de mostrar al mundo la magnitud del problema y hacer ver que una cultura de la seguridad y salud en el trabajo puede ayudar a reducir considerablemente el n\u00famero de muertes y lesiones en el trabajo.<\/p>\n\n\n\n<h2 class=\"wp-block-heading\" id=\"resTit_2\">Lema 2024 en el D\u00eda Mundial de la Seguridad y la Salud en el Trabajo<\/h2>\n\n\n\n<p>Cada a\u00f1o la OIT desarrolla un tema para trabajar a favor del trabajo digno y saludable. En 2024, el tema es&nbsp;<em><strong>\u00abLos impactos del cambio clim\u00e1tico en la seguridad y la salud en el trabajo\u00bb.<\/strong><\/em><\/p>\n\n\n\n<p>El cambio clim\u00e1tico supone mayores riesgos para los trabajadores de todo el mundo. A medida que se intensifican los fen\u00f3menos clim\u00e1ticos adversos, los trabajadores corren un mayor riesgo de exposici\u00f3n a peligros como el calor excesivo, la radiaci\u00f3n ultravioleta, la contaminaci\u00f3n del aire, las enfermedades transmitidas por vectores y los agroqu\u00edmicos.<\/p>\n\n\n\n<h2 class=\"wp-block-heading\" id=\"resTit_3\">Origen del D\u00eda Mundial de la Seguridad y la Salud en el Trabajo<\/h2>\n\n\n\n<figure class=\"wp-block-image\"><img decoding=\"async\" src=\"https:\/\/www.diainternacionalde.com\/imagenes\/dias\/abril\/04-28_dia-seguridad-salud-trabajo_incendio_m.jpg\" alt=\"Incendio en una f\u00e1brica\" title=\"Incendio en una f\u00e1brica\"\/><figcaption>Incendio en una f\u00e1brica<\/figcaption><\/figure>\n\n\n\n<p>El origen de esta fecha tan relevante, fue gracias a la iniciativa de la&nbsp;<strong>Organizaci\u00f3n Internacional del Trabajo<\/strong>&nbsp;(OIT). La creaci\u00f3n del&nbsp;<strong>D\u00eda Mundial de la Seguridad y la Salud en el Trabajo<\/strong>&nbsp;tiene como prioridad atender las necesidades laborales y profesionales de todas las personas, que han sufrido accidentes o enfermedades laborales. As\u00ed mismo, se quiere buscar la forma de prevenir accidentes y otros riesgos profesionales.<\/p>\n\n\n\n<p>La idea primordial, es&nbsp;<strong>crear una conciencia social para disminuir los riesgos y da\u00f1os<\/strong>&nbsp;que puedan sufrir los empleados y profesionales en el campo laboral en todo el mundo.<\/p>\n\n\n\n<p>Esta fecha tambi\u00e9n es propicia para rendir tributo a todas las v\u00edctimas de accidentes laborales, as\u00ed como a aquellas personas que sufren enfermedades ocupacionales, como consecuencia del desempe\u00f1o de sus funciones.<\/p>\n\n\n\n<p>Para la OIT, es primordial que exista una cultura de conciencia y responsabilidad de los empresarios, para asegurar a sus trabajadores un empleo digno y libre de riesgos que atenten contra su integridad y calidad de vida.<\/p>\n\n\n\n<h2 class=\"wp-block-heading\" id=\"resTit_4\">\u00bfC\u00f3mo celebrar el D\u00eda Mundial de la Seguridad y la Salud en el Trabajo?<\/h2>\n\n\n\n<figure class=\"wp-block-image\"><img decoding=\"async\" src=\"https:\/\/www.diainternacionalde.com\/imagenes\/dias\/abril\/04-28_dia-seguridad-salud-trabajo_quimico_m.jpg\" alt=\"Trabajador con un traje qu\u00edmico\" title=\"Trabajador con un traje qu\u00edmico\"\/><figcaption>Trabajador con un traje qu\u00edmico<\/figcaption><\/figure>\n\n\n\n<p>Para celebrar este d\u00eda, cada a\u00f1o la OIT programa distintas actividades a nivel mundial, de acuerdo a las campa\u00f1as anuales promovidas por el organismo.<\/p>\n\n\n\n<p>Tambi\u00e9n, el 28 de abril de cada a\u00f1o los sindicatos celebran su&nbsp;<strong>Jornada Internacional de Conmemoraci\u00f3n de los Trabajadores Fallecidos y Lesionados<\/strong>, para honrar la memoria de las v\u00edctimas de accidentes de trabajo y enfermedades profesionales. Se organizan, con este motivo, movilizaciones y campa\u00f1as en todo el mundo.<\/p>\n\n\n\n<p>S\u00ed quieres formar parte de estas actividades, te invitamos a aportar tu granito de arena a trav\u00e9s de las distintas redes sociales, donde podr\u00e1s publicar alg\u00fan material o video sobre este interesante tema, incluyendo la etiqueta<br><strong><em>#D\u00edaMundialdelaSeguridadylaSaludenelTrabajo<\/em><\/strong>.<\/p>\n\n\n\n<h2 class=\"wp-block-heading\" id=\"resTit_5\">Hist\u00f3rico de lemas del D\u00eda Mundial de la Seguridad y la Salud en el Trabajo<\/h2>\n\n\n\n<h3 class=\"wp-block-heading\" id=\"resTit_5_1\">Campa\u00f1a 2023<\/h3>\n\n\n\n<p>En 2023 el tema fue: \u00abUn entorno laboral seguro y saludable es un principio y un derecho fundamental en el trabajo\u00bb.<\/p>\n\n\n\n<h3 class=\"wp-block-heading\" id=\"resTit_5_2\">Campa\u00f1a 2022<\/h3>\n\n\n\n<p>La campa\u00f1a para 2022 se centr\u00f3 en la participaci\u00f3n y dialogo social para conseguir una cultura de seguridad y salud positiva. El lema fue:<em><strong>&nbsp;\u00abActuar juntos para construir una cultura de seguridad y salud positiva\u00bb.<\/strong><\/em><\/p>\n\n\n\n<h3 class=\"wp-block-heading\" id=\"resTit_5_3\">Campa\u00f1a 2021: Sistemas Resilientes de Seguridad y Salud en el Trabajo<\/h3>\n\n\n\n<p>Para el a\u00f1o 2021 la campa\u00f1a del D\u00eda Mundial de la Seguridad y Salud en el Trabajo se denomin\u00f3&nbsp;<strong>\u00abAnticiparse a las Crisis, Prepararse y Responder\u00bb<\/strong>.<\/p>\n\n\n\n<p>Con ella, se pretende incentivar inversiones en&nbsp;<strong>Sistemas Resilientes de Seguridad y Salud en el Trabajo (SST)<\/strong>, de acuerdo a lo establecido en el Convenio sobre el marco promocional para la seguridad y salud en el trabajo del a\u00f1o 2006.<\/p>\n\n\n\n<p>En tal sentido, es de vital importancia sensibilizar a la opini\u00f3n p\u00fablica acerca de la importancia de crear y fortalecer estos Sistemas de Seguridad y Salud, los cuales contribuir\u00e1n a mitigar y prevenir la propagaci\u00f3n del virus Covid-19 en los lugares de trabajo.<\/p>\n\n\n\n<p>Los trabajadores est\u00e1n continuamente expuestos a contraer el virus en sus lugares de trabajo, especialmente en el sector salud y sanitario.<\/p>\n\n\n\n<p>Este riesgo se ha visto potenciado por la proximidad en los espacios laborales que no permiten cumplir con el distanciamiento f\u00edsico adecuado, aunado a la escasa ventilaci\u00f3n, interacci\u00f3n con compa\u00f1eros de trabajo y el traslado diario o frecuente en transporte p\u00fablico o privado.<\/p>\n\n\n\n<p>A fin de disminuir el riesgo por contagio y propagaci\u00f3n del virus entre los trabajadores, se han adoptado pr\u00e1cticas y procedimientos tales como controles administrativos, modalidades de trabajo a distancia (teletrabajo), desinfecci\u00f3n de espacios de trabajo, entre otros.<\/p>\n\n\n\n<p>Sin embargo, tales medidas han generado efectos adversos en los trabajadores, tales como riesgos qu\u00edmicos, impacto psicosocial y enfermedades ocupacionales.<\/p>\n\n\n\n<h3 class=\"wp-block-heading\" id=\"resTit_5_4\">2020: Detener la pandemia de COVID-19<\/h3>\n\n\n\n<figure class=\"wp-block-image\"><img decoding=\"async\" src=\"https:\/\/www.diainternacionalde.com\/imagenes\/dias\/abril\/04-28_dia-seguridad-salud-trabajo_coronavirus_m.jpg\" alt=\"Cartel de la campa\u00f1a de 2020 centrado en el COVID-19\" title=\"Cartel de la campa\u00f1a de 2020 centrado en el COVID-19\"\/><figcaption>Cartel de la campa\u00f1a de 2020 centrado en el COVID-19<\/figcaption><\/figure>\n\n\n\n<p>Detener la pandemia de coronavirus existente en todo el mundo es el gran reto de la Humanidad, y por ello durante la campa\u00f1a del a\u00f1o 2020, el&nbsp;<strong>D\u00eda Mundial de la Seguridad y la Salud en el Trabajo<\/strong>&nbsp;se enfoc\u00f3 en controlar posibles brotes de enfermedades infecciosas en el \u00e1mbito laboral, y m\u00e1s concretamente el brote de COVID-19.<\/p>\n\n\n\n<p>Hemos visto c\u00f3mo m\u00e9dicos, sanitarios y personas que trabajan en hospitales, farmacias, supermercados y otros establecimientos de cara al p\u00fablico, arriesgan su salud para poder atender a las personas que lo necesitan. Y muchas veces no acceden a los equipos de protecci\u00f3n adecuados para evitar posibles contagios.<\/p>\n\n\n\n<p>La campa\u00f1a del a\u00f1o 2020 estuvo orientada a sensibilizar sobre la adopci\u00f3n de pr\u00e1cticas seguras en los lugares de trabajo, haciendo especial hincapi\u00e9 en el mediano y largo plazo para que se adopten todas las medidas necesarias, garantizando que todas las personas desempe\u00f1en su labor en un ambiente sano y seguro.<\/p>\n\n\n\n<p>Patricia L\u00f3pez. Periodista.<a href=\"https:\/\/twitter.com\/plcasalengua\" target=\"_blank\" rel=\"noreferrer noopener\">plcasalengua<\/a><\/p>\n\n\n\n<p>Fuente: <a href=\"https:\/\/www.diainternacionalde.com\/ficha\/dia-mundial-seguridad-y-salud-en-trabajo\">https:\/\/www.diainternacionalde.com\/ficha\/dia-mundial-seguridad-y-salud-en-trabajo<\/a><\/p>\n","protected":false},"excerpt":{"rendered":"<p>REDACCI\u00d3N D\u00cdA INTERNACIONAL DE El 28 de abril se celebra en todo el mundo el D\u00eda Mundial de la Seguridad [&hellip;]<\/p>\n","protected":false},"author":1,"featured_media":73252,"comment_status":"open","ping_status":"open","sticky":false,"template":"","format":"standard","meta":{"site-sidebar-layout":"default","site-content-layout":"","ast-site-content-layout":"default","site-content-style":"default","site-sidebar-style":"default","ast-global-header-display":"","ast-banner-title-visibility":"","ast-main-header-display":"","ast-hfb-above-header-display":"","ast-hfb-below-header-display":"","ast-hfb-mobile-header-display":"","site-post-title":"","ast-breadcrumbs-content":"","ast-featured-img":"","footer-sml-layout":"","theme-transparent-header-meta":"","adv-header-id-meta":"","stick-header-meta":"","header-above-stick-meta":"","header-main-stick-meta":"","header-below-stick-meta":"","astra-migrate-meta-layouts":"default","ast-page-background-enabled":"default","ast-page-background-meta":{"desktop":{"background-color":"var(--ast-global-color-4)","background-image":"","background-repeat":"repeat","background-position":"center center","background-size":"auto","background-attachment":"scroll","background-type":"","background-media":"","overlay-type":"","overlay-color":"","overlay-opacity":"","overlay-gradient":""},"tablet":{"background-color":"","background-image":"","background-repeat":"repeat","background-position":"center center","background-size":"auto","background-attachment":"scroll","background-type":"","background-media":"","overlay-type":"","overlay-color":"","overlay-opacity":"","overlay-gradient":""},"mobile":{"background-color":"","background-image":"","background-repeat":"repeat","background-position":"center center","background-size":"auto","background-attachment":"scroll","background-type":"","background-media":"","overlay-type":"","overlay-color":"","overlay-opacity":"","overlay-gradient":""}},"ast-content-background-meta":{"desktop":{"background-color":"var(--ast-global-color-5)","background-image":"","background-repeat":"repeat","background-position":"center center","background-size":"auto","background-attachment":"scroll","background-type":"","background-media":"","overlay-type":"","overlay-color":"","overlay-opacity":"","overlay-gradient":""},"tablet":{"background-color":"var(--ast-global-color-5)","background-image":"","background-repeat":"repeat","background-position":"center center","background-size":"auto","background-attachment":"scroll","background-type":"","background-media":"","overlay-type":"","overlay-color":"","overlay-opacity":"","overlay-gradient":""},"mobile":{"background-color":"var(--ast-global-color-5)","background-image":"","background-repeat":"repeat","background-position":"center center","background-size":"auto","background-attachment":"scroll","background-type":"","background-media":"","overlay-type":"","overlay-color":"","overlay-opacity":"","overlay-gradient":""}},"footnotes":""},"categories":[8],"tags":[24538],"class_list":["post-73251","post","type-post","status-publish","format-standard","has-post-thumbnail","hentry","category-noticias","tag-diamundialdelaseguridadylasaludeneltrabajo"],"_links":{"self":[{"href":"https:\/\/losperiodistas.com.mx\/portal\/wp-json\/wp\/v2\/posts\/73251","targetHints":{"allow":["GET"]}}],"collection":[{"href":"https:\/\/losperiodistas.com.mx\/portal\/wp-json\/wp\/v2\/posts"}],"about":[{"href":"https:\/\/losperiodistas.com.mx\/portal\/wp-json\/wp\/v2\/types\/post"}],"author":[{"embeddable":true,"href":"https:\/\/losperiodistas.com.mx\/portal\/wp-json\/wp\/v2\/users\/1"}],"replies":[{"embeddable":true,"href":"https:\/\/losperiodistas.com.mx\/portal\/wp-json\/wp\/v2\/comments?post=73251"}],"version-history":[{"count":1,"href":"https:\/\/losperiodistas.com.mx\/portal\/wp-json\/wp\/v2\/posts\/73251\/revisions"}],"predecessor-version":[{"id":73253,"href":"https:\/\/losperiodistas.com.mx\/portal\/wp-json\/wp\/v2\/posts\/73251\/revisions\/73253"}],"wp:featuredmedia":[{"embeddable":true,"href":"https:\/\/losperiodistas.com.mx\/portal\/wp-json\/wp\/v2\/media\/73252"}],"wp:attachment":[{"href":"https:\/\/losperiodistas.com.mx\/portal\/wp-json\/wp\/v2\/media?parent=73251"}],"wp:term":[{"taxonomy":"category","embeddable":true,"href":"https:\/\/losperiodistas.com.mx\/portal\/wp-json\/wp\/v2\/categories?post=73251"},{"taxonomy":"post_tag","embeddable":true,"href":"https:\/\/losperiodistas.com.mx\/portal\/wp-json\/wp\/v2\/tags?post=73251"}],"curies":[{"name":"wp","href":"https:\/\/api.w.org\/{rel}","templated":true}]}}