{"id":73248,"date":"2024-04-28T09:58:11","date_gmt":"2024-04-28T14:58:11","guid":{"rendered":"https:\/\/losperiodistas.com.mx\/portal\/?p=73248"},"modified":"2024-04-28T09:58:13","modified_gmt":"2024-04-28T14:58:13","slug":"la-cuarta-transformacion-se-ha-contaminado-alvaro-delgado-intolerancia-diario","status":"publish","type":"post","link":"https:\/\/losperiodistas.com.mx\/portal\/la-cuarta-transformacion-se-ha-contaminado-alvaro-delgado-intolerancia-diario\/","title":{"rendered":"La \u00abCuarta Transformaci\u00f3n\u00bb se ha contaminado: \u00c1lvaro Delgado | Intolerancia Diario"},"content":{"rendered":"\n<h2 class=\"has-medium-font-size wp-block-heading\">Present\u00f3 ante estudiantes de la Universidad Iberoamericana su libro \u00abIzquierda 1923-2023: La Terca Traves\u00eda\u00bb, junto con el periodista Alejandro P\u00e1ez Varela.<\/h2>\n\n\n\n<figure class=\"wp-block-image size-large\"><img fetchpriority=\"high\" decoding=\"async\" width=\"1024\" height=\"710\" src=\"https:\/\/losperiodistas.com.mx\/portal\/wp-content\/uploads\/2024\/04\/gmnz0zzwoaa3exf-1714273509157-1024x710.jpg\" alt=\"\" class=\"wp-image-73249\" srcset=\"https:\/\/losperiodistas.com.mx\/portal\/wp-content\/uploads\/2024\/04\/gmnz0zzwoaa3exf-1714273509157-1024x710.jpg 1024w, https:\/\/losperiodistas.com.mx\/portal\/wp-content\/uploads\/2024\/04\/gmnz0zzwoaa3exf-1714273509157-300x208.jpg 300w, https:\/\/losperiodistas.com.mx\/portal\/wp-content\/uploads\/2024\/04\/gmnz0zzwoaa3exf-1714273509157-768x533.jpg 768w, https:\/\/losperiodistas.com.mx\/portal\/wp-content\/uploads\/2024\/04\/gmnz0zzwoaa3exf-1714273509157.jpg 1280w\" sizes=\"(max-width: 1024px) 100vw, 1024px\" \/><figcaption>Foto: X\/ @alvaro_delgado<\/figcaption><\/figure>\n\n\n\n<p class=\"has-vivid-red-color has-text-color has-medium-font-size\"><strong>Fracisco S\u00e1nchez \/ Intolerancia Diario<\/strong><\/p>\n\n\n\n<p>Tras haber gobernado por primera vez el pa\u00eds un gobierno de izquierda, este se ha ido contaminando con la llegada de pri\u00edstas y panistas que dif\u00edcilmente van a dejar el poder, advirti\u00f3 el periodista&nbsp;<strong>\u00c1lvaro Delgado<\/strong>.<\/p>\n\n\n\n<p>Al presentar ante estudiantes de la&nbsp;<strong>Universidad Iberoamericana&nbsp;<\/strong>su libro \u00ab<em>Izquierda 1923-2023: La Terca Traves\u00eda\u00bb,<\/em>&nbsp;junto con el periodista&nbsp;<strong>Alejandro P\u00e1ez Varela<\/strong>, \u00c1lvaro Delgado destac\u00f3 el avance que se tuvo con el gobierno de&nbsp;<strong>Andr\u00e9s Manuel L\u00f3pez Obrador&nbsp;<\/strong>a partir de&nbsp;<strong>2018.<\/strong><\/p>\n\n\n\n<p>Advirti\u00f3 que el caso de Puebla es especial a nivel nacional porque han llegado pri\u00edstas y panistas para quedarse dentro de la&nbsp;<strong>\u00abCuarta Transformaci\u00f3n\u00bb<\/strong>, ya que una vez que est\u00e1n en el sistema, dif\u00edcilmente se van a poder deshacer de ellos.<\/p>\n\n\n\n<p>Dijo que estos personajes son los&nbsp;<em>\u201cchapulines\u201d<\/em>&nbsp;que se acomodan con la izquierda o la derecha, ya que si posteriormente ven otra opci\u00f3n, se van a ir para all\u00e1, y record\u00f3 que lo mismo pas\u00f3 cuando lleg\u00f3&nbsp;<strong>Moreno Valle<\/strong>.<\/p>\n\n\n\n<p>Alejandro P\u00e1ez consider\u00f3 que es penoso que est\u00e9n llegando personajes con un pasado en la derecha, o del viejo PRI, pero indic\u00f3 que una caracter\u00edstica de la izquierda en la historia, ha sido la de resistir.<\/p>\n\n\n\n<p>Delgado G\u00f3mez al hablar de la oposici\u00f3n, dijo que es sabido el discurso de la derecha ante este gobierno \u2014la destrucci\u00f3n de todo\u2014 y se conoce tambi\u00e9n el programa que propone \u2014la vuelta al pasado\u2014, y nada cambiar\u00e1 ese dise\u00f1o en las campa\u00f1as que vienen, pero la reflexi\u00f3n sustantiva debe venir desde la izquierda sobre lo que se hizo, lo que no se pudo hacer, lo que se qued\u00f3 corto o ni se inici\u00f3 siquiera en el gobierno de L\u00f3pez Obrador.<\/p>\n\n\n\n<p>Dijo que si la \u00abCuarta Transformaci\u00f3n\u00bb reivindica tambi\u00e9n los derechos pol\u00edticos para que un ciudadano sea igual a un voto, independientemente de su condici\u00f3n econ\u00f3mica,<em>\u00a0\u00ab\u00bfse ha consolidado en M\u00e9xico un r\u00e9gimen democr\u00e1tico de derecho o prevalecen pr\u00e1cticas que escamotean la voluntad popular? \u00bfTienen vigencia las libertades que consagra la Constituci\u00f3n, entre ellas la de expresi\u00f3n, o se persigue a los cr\u00edticos, incluidos los periodistas?\u00bb.<\/em><\/p>\n\n\n\n<p>Fuente: <a href=\"https:\/\/intoleranciadiario.com\/articles\/especiales\/2024\/04\/27\/1024699-la-cuarta-transformacion-se-ha-contaminado-alvaro-delgado.html\">https:\/\/intoleranciadiario.com\/articles\/especiales\/2024\/04\/27\/1024699-la-cuarta-transformacion-se-ha-contaminado-alvaro-delgado.html<\/a><\/p>\n","protected":false},"excerpt":{"rendered":"<p>Present\u00f3 ante estudiantes de la Universidad Iberoamericana su libro \u00abIzquierda 1923-2023: La Terca Traves\u00eda\u00bb, junto con el periodista Alejandro P\u00e1ez [&hellip;]<\/p>\n","protected":false},"author":1,"featured_media":73249,"comment_status":"open","ping_status":"open","sticky":false,"template":"","format":"standard","meta":{"site-sidebar-layout":"default","site-content-layout":"","ast-site-content-layout":"default","site-content-style":"default","site-sidebar-style":"default","ast-global-header-display":"","ast-banner-title-visibility":"","ast-main-header-display":"","ast-hfb-above-header-display":"","ast-hfb-below-header-display":"","ast-hfb-mobile-header-display":"","site-post-title":"","ast-breadcrumbs-content":"","ast-featured-img":"","footer-sml-layout":"","theme-transparent-header-meta":"","adv-header-id-meta":"","stick-header-meta":"","header-above-stick-meta":"","header-main-stick-meta":"","header-below-stick-meta":"","astra-migrate-meta-layouts":"default","ast-page-background-enabled":"default","ast-page-background-meta":{"desktop":{"background-color":"var(--ast-global-color-4)","background-image":"","background-repeat":"repeat","background-position":"center center","background-size":"auto","background-attachment":"scroll","background-type":"","background-media":"","overlay-type":"","overlay-color":"","overlay-opacity":"","overlay-gradient":""},"tablet":{"background-color":"","background-image":"","background-repeat":"repeat","background-position":"center center","background-size":"auto","background-attachment":"scroll","background-type":"","background-media":"","overlay-type":"","overlay-color":"","overlay-opacity":"","overlay-gradient":""},"mobile":{"background-color":"","background-image":"","background-repeat":"repeat","background-position":"center center","background-size":"auto","background-attachment":"scroll","background-type":"","background-media":"","overlay-type":"","overlay-color":"","overlay-opacity":"","overlay-gradient":""}},"ast-content-background-meta":{"desktop":{"background-color":"var(--ast-global-color-5)","background-image":"","background-repeat":"repeat","background-position":"center center","background-size":"auto","background-attachment":"scroll","background-type":"","background-media":"","overlay-type":"","overlay-color":"","overlay-opacity":"","overlay-gradient":""},"tablet":{"background-color":"var(--ast-global-color-5)","background-image":"","background-repeat":"repeat","background-position":"center center","background-size":"auto","background-attachment":"scroll","background-type":"","background-media":"","overlay-type":"","overlay-color":"","overlay-opacity":"","overlay-gradient":""},"mobile":{"background-color":"var(--ast-global-color-5)","background-image":"","background-repeat":"repeat","background-position":"center center","background-size":"auto","background-attachment":"scroll","background-type":"","background-media":"","overlay-type":"","overlay-color":"","overlay-opacity":"","overlay-gradient":""}},"footnotes":""},"categories":[8],"tags":[24537,24536,19532,24535],"class_list":["post-73248","post","type-post","status-publish","format-standard","has-post-thumbnail","hentry","category-noticias","tag-4t-contaminada","tag-alejandro-paez-varela","tag-alvaro-delgado","tag-izquierda-1923-2023-la-terca-travesia"],"_links":{"self":[{"href":"https:\/\/losperiodistas.com.mx\/portal\/wp-json\/wp\/v2\/posts\/73248","targetHints":{"allow":["GET"]}}],"collection":[{"href":"https:\/\/losperiodistas.com.mx\/portal\/wp-json\/wp\/v2\/posts"}],"about":[{"href":"https:\/\/losperiodistas.com.mx\/portal\/wp-json\/wp\/v2\/types\/post"}],"author":[{"embeddable":true,"href":"https:\/\/losperiodistas.com.mx\/portal\/wp-json\/wp\/v2\/users\/1"}],"replies":[{"embeddable":true,"href":"https:\/\/losperiodistas.com.mx\/portal\/wp-json\/wp\/v2\/comments?post=73248"}],"version-history":[{"count":1,"href":"https:\/\/losperiodistas.com.mx\/portal\/wp-json\/wp\/v2\/posts\/73248\/revisions"}],"predecessor-version":[{"id":73250,"href":"https:\/\/losperiodistas.com.mx\/portal\/wp-json\/wp\/v2\/posts\/73248\/revisions\/73250"}],"wp:featuredmedia":[{"embeddable":true,"href":"https:\/\/losperiodistas.com.mx\/portal\/wp-json\/wp\/v2\/media\/73249"}],"wp:attachment":[{"href":"https:\/\/losperiodistas.com.mx\/portal\/wp-json\/wp\/v2\/media?parent=73248"}],"wp:term":[{"taxonomy":"category","embeddable":true,"href":"https:\/\/losperiodistas.com.mx\/portal\/wp-json\/wp\/v2\/categories?post=73248"},{"taxonomy":"post_tag","embeddable":true,"href":"https:\/\/losperiodistas.com.mx\/portal\/wp-json\/wp\/v2\/tags?post=73248"}],"curies":[{"name":"wp","href":"https:\/\/api.w.org\/{rel}","templated":true}]}}