{"id":73244,"date":"2024-04-28T09:44:46","date_gmt":"2024-04-28T14:44:46","guid":{"rendered":"https:\/\/losperiodistas.com.mx\/portal\/?p=73244"},"modified":"2024-04-28T09:49:37","modified_gmt":"2024-04-28T14:49:37","slug":"reforma-fiscal-el-espinoso-tema-que-los-candidatos-presidenciales-no-tocan-proces","status":"publish","type":"post","link":"https:\/\/losperiodistas.com.mx\/portal\/reforma-fiscal-el-espinoso-tema-que-los-candidatos-presidenciales-no-tocan-proces\/","title":{"rendered":"Reforma fiscal: el espinoso tema que los candidatos presidenciales no tocan | Proceso"},"content":{"rendered":"\n<p class=\"has-light-green-cyan-background-color has-background has-medium-font-size\"><strong>Para que los candidatos puedan cumplir con sus promesas es forzoso hacer una reforma fiscal para recaudar m\u00e1s impuestos, de no ser as\u00ed quitar\u00e1n recursos a sectores clave de desarrollo, estimaron acad\u00e9micos del Colmex en el ciclo de seminarios \u201c2024 a\u00f1o de elecciones, a\u00f1o de reflexiones\u201d.<\/strong><\/p>\n\n\n\n<figure class=\"wp-block-image\"><a href=\"https:\/\/www.proceso.com.mx\/u\/fotografias\/fotosnoticias\/2024\/4\/27\/197968.jpeg\"><img decoding=\"async\" src=\"https:\/\/www.proceso.com.mx\/u\/fotografias\/m\/2024\/4\/27\/f685x385-197968_235661_5050.jpeg\" alt=\"Reforma fiscal: el espinoso tema que los candidatos presidenciales no tocan\"\/><\/a><figcaption>Seminarios en El Colegio de M\u00e9xico. Foto: Colmex<\/figcaption><\/figure>\n\n\n\n<p><\/p>\n\n\n\n<p class=\"has-vivid-red-color has-text-color has-medium-font-size\"><strong><a href=\"https:\/\/www.proceso.com.mx\/autor\/sara-pantoja.html\">Sara Pantoja<\/a> \/ Proceso<\/strong><\/p>\n\n\n\n<p>CIUDAD DE M\u00c9XICO (<strong>Proceso<\/strong>).- Las grandes apuestas de los candidatos a la Presidencia de la Rep\u00fablica de crear y ampliar programas sociales y otras iniciativas para conseguir el voto de los mexicanos tienen un \u201cpeque\u00f1o\u201d obst\u00e1culo que preocupa a especialistas del Colegio de M\u00e9xico (Colmex): ni Claudia Sheinbaum, de Morena-PT-PVEM, ni X\u00f3chitl G\u00e1lvez, de PAN-PRI-PRD, incluyen una reforma fiscal que resulta fundamental para hacer posible su cumplimiento, mientras que Jorge \u00c1lvarez M\u00e1ynez, de MC, s\u00f3lo ha mencionado el tema con ligereza.<\/p>\n\n\n\n<p>El riesgo, alertan, es que de no hacer una reforma fiscal que le genere mayor recaudaci\u00f3n de impuestos al Estado, el pr\u00f3ximo gobierno tendr\u00eda que quitar recursos a sectores b\u00e1sicos como educaci\u00f3n, salud e infraestructura, para destinarlos a las pensiones de adultos mayores, las becas universales, el apoyo a personas de 60 a 64 a\u00f1os y otros nuevos programas que prometen.<\/p>\n\n\n\n<p><strong>NOTICIAS RELACIONADAS<\/strong><\/p>\n\n\n\n<ul class=\"wp-block-list\"><li><a href=\"https:\/\/www.proceso.com.mx\/nacional\/elecciones-2024\/2024\/3\/1\/arrancan-campanas-por-la-presidencia-de-mexico-entre-ofertas-de-continuidad-criticas-la-violencia-324854.html\">Arrancan campa\u00f1as por la presidencia de M\u00e9xico entre ofertas de continuidad y cr\u00edticas a la violencia<\/a><\/li><li><a href=\"https:\/\/www.proceso.com.mx\/reportajes\/2022\/5\/13\/monica-serrano-investigadora-del-colmex-el-prestigio-del-ejercito-muy-raspado-285894.html\">M\u00f3nica Serrano, investigadora del Colmex: El prestigio del Ej\u00e9rcito, muy \u00abraspado\u00bb<\/a><\/li><li><a href=\"https:\/\/www.proceso.com.mx\/economia\/2021\/10\/19\/mexico-puede-perder-al-limitar-su-politica-exterior-contener-migrantes-colmex-274214.html\">M\u00e9xico puede perder al limitar su pol\u00edtica exterior a contener migrantes: Colmex<\/a><\/li><\/ul>\n\n\n\n<figure class=\"wp-block-image\"><img decoding=\"async\" src=\"https:\/\/www.proceso.com.mx\/u\/fotografias\/m\/2024\/4\/27\/f768x1-197970_198097_15.jpeg\" alt=\"\"\/><figcaption>Sheinbaum. No a reforma. Foto: Daniel Augusto\/Cuartoscuro<\/figcaption><\/figure>\n\n\n\n<p>Peor a\u00fan, los especialistas alertan que los aspirantes a gobernar M\u00e9xico de 2024 a 2030 son poco claros o nulos en la explicaci\u00f3n de c\u00f3mo obtendr\u00e1n los recursos para cumplir con sus otras promesas de campa\u00f1a, lo mismo en materia educativa, de salud, medio ambiente, combate a la corrupci\u00f3n, entre otros.<\/p>\n\n\n\n<p>La econom\u00eda, el empleo, la inflaci\u00f3n, la pobreza y la desigualdad, as\u00ed como el cambio clim\u00e1tico y el desarrollo sustentable, son los temas que los tres candidatos van a exponer este domingo 28 en el segundo debate presidencial rumbo a las elecciones del pr\u00f3ximo 2 de junio.<\/p>\n\n\n\n<p>Raymundo Campos, director del Centro de Estudios Econ\u00f3micos (CEE) del Colmex, analiz\u00f3 las plataformas de los tres candidatos en materia econ\u00f3mica y resalt\u00f3 que tanto Sheinbaum Pardo como G\u00e1lvez Ruiz ya han dicho expl\u00edcitamente que, de ganar la elecci\u00f3n, no promover\u00e1n una reforma fiscal; mientras que \u00c1lvarez M\u00e1ynez ha hablado de una reforma \u201cprogresiva\u201d con impuestos verdes, mayores cargas a productos nocivos a la salud y con transparencia para los grandes contribuyentes.<\/p>\n\n\n\n<p>Durante su participaci\u00f3n en el ciclo de seminarios \u201c2024 a\u00f1o de elecciones, a\u00f1o de reflexiones\u201d, inaugurado el pasado mi\u00e9rcoles 24, enfatiz\u00f3 que con la recaudaci\u00f3n que M\u00e9xico tiene ahora, que apenas equivale a 14% del PIB, \u201ccualquier cosa que queramos aumentar, \u00bfde d\u00f3nde va a salir?\u201d.<\/p>\n\n\n\n<p>Doctor en Econom\u00eda por la Universidad de California, en Berkeley, Estados Unidos, Campos present\u00f3 un c\u00e1lculo de lo que significa una de las principales propuestas de las dos candidatas hacia el a\u00f1o 2030, seg\u00fan una simulaci\u00f3n del Centro de Investigaci\u00f3n Econ\u00f3mica Presupuestaria, con base en el cambio demogr\u00e1fico proyectado para el final del sexenio.<\/p>\n\n\n\n<p>De la morenista, el programa de apoyo mensual a mujeres de 60 a 64 a\u00f1os con la mitad de lo que equivale a la pensi\u00f3n de adultos mayores, ser\u00edan unos 55 mil millones de pesos; mientras que, de la aliancista, el mismo apoyo, pero para hombres y mujeres en ese mismo rango de edad, equivalente a m\u00e1s de 200 mil millones de pesos.<\/p>\n\n\n\n<p>\u201c\u00a1Es un mont\u00f3n de dinero! Se calcula que para 2030, el plan de X\u00f3chitl G\u00e1lvez ser\u00eda 7.7% del PIB y el de Claudia, 7.2%. S\u00f3lo en pensiones, eso implicar\u00eda m\u00e1s de la mitad de lo que estamos recaudando. Falta meterle todo lo que le damos a los estados, municipios, participaciones, aportaciones. Entonces, \u00bfde d\u00f3nde va a salir esto?\u201d.<\/p>\n\n\n\n<figure class=\"wp-block-image\"><img decoding=\"async\" src=\"https:\/\/www.proceso.com.mx\/u\/fotografias\/m\/2024\/4\/27\/f768x1-197971_198098_15.jpeg\" alt=\"\"\/><figcaption>G\u00e1lvez. No se arriesgar\u00e1. Foto: Mario Jasso\/Cuartoscuro.<\/figcaption><\/figure>\n\n\n\n<p>Inquirido por&nbsp;<strong>Proceso&nbsp;<\/strong>sobre si esas proyecciones y la negativa de las candidatas punteras a hacer una reforma fiscal deben preocupar a los votantes, el profesor-investigador del Colmex y Premio al M\u00e9rito Econ\u00f3mico 2022, asegur\u00f3: \u201cS\u00ed debe preocuparnos, porque si no aumentamos la capacidad recaudatoria del Estado, simplemente hay que quitar recursos en otros rubros\u201d.<\/p>\n\n\n\n<p>En este a\u00f1o, dijo, el gobierno decidi\u00f3 \u201cmeterle cinco puntos del PIB de d\u00e9ficit y pregunt\u00f3: \u201c\u00bfEs esto sostenible? \u00bfPodemos tener este d\u00e9ficit todos los a\u00f1os? \u00a1No! Y si no tenemos este d\u00e9ficit, debemos recortar de otras \u00e1reas\u201d.<\/p>\n\n\n\n<p>Y alert\u00f3: \u201cLo m\u00e1s probable que se quite en educaci\u00f3n, salud, infraestructuras, carreteras, y simplemente ya no vamos a poder invertir lo mismo que ven\u00edamos invirtiendo antes si no aumentamos la capacidad recaudatoria del Estado. Para m\u00ed s\u00ed es un aspecto de preocupaci\u00f3n, porque nos evitar\u00eda enfrentar los problemas m\u00e1s importantes del pa\u00eds en t\u00e9rminos de \u00edndices de pobreza y desigualdad\u201d.<\/p>\n\n\n\n<h2 class=\"wp-block-heading\">Desconfianza al gobierno<\/h2>\n\n\n\n<p>Entre los estudiantes surgi\u00f3 la pregunta de por qu\u00e9 Sheinbaum y G\u00e1lvez no proponen una reforma fiscal. Campos respondi\u00f3: \u201cLa gente no quiere pagar, hay aversi\u00f3n a pagar impuestos y las candidatas no quieren tener ese costo pol\u00edtico\u201d.<\/p>\n\n\n\n<p>En otra estimaci\u00f3n, advirti\u00f3: \u201cHicimos c\u00e1lculos para ciertas cosas, como el sistema nacional de cuidados que proponen, las transferencias de recursos, reformar el sistema de salud y nos da cinco puntos del PIB. \u00bfEso se puede obtener s\u00f3lo con impuestos a los m\u00e1s ricos y a herencias? Probablemente no. Tendr\u00edan que aumentar los impuestos a toda la poblaci\u00f3n\u201d.<\/p>\n\n\n\n<p>En el mismo panel, Jos\u00e9 Luis M\u00e9ndez, profesor-investigador del Centro de Estudios Internacionales del Colmex, con m\u00e1s de 40 a\u00f1os de experiencia en la administraci\u00f3n p\u00fablica, fue m\u00e1s simple: \u201cNo se propone una reforma fiscal porque hay una desconfianza muy fuerte de los ciudadanos en su gobierno. La gente no quiere pagar impuestos porque cree que no le van a regresar su dinero en servicios, en bienes p\u00fablicos\u201d.<\/p>\n\n\n\n<p>Luego, compar\u00f3 el 14% de recaudaci\u00f3n como porcentaje del PIB de M\u00e9xico, con el 35% en promedio de los pa\u00edses europeos y el 45% de los escandinavos. \u201cEso revela un nivel de confianza de los ciudadanos en el profesionalismo y el bajo nivel de corrupci\u00f3n en los gobiernos de esos pa\u00edses\u201d, elemento que carece M\u00e9xico y otros pa\u00edses de Am\u00e9rica Latina.<\/p>\n\n\n\n<h2 class=\"wp-block-heading\">Propuestas sin el c\u00f3mo<\/h2>\n\n\n\n<p>En el seminario del Colmex, los especialistas tocaron otros temas como educaci\u00f3n, programas sociales, salud, medio ambiente, combate a la corrupci\u00f3n y migraci\u00f3n. En cada uno de los rubros encontraron coincidencias entre las tres propuestas, en particular en la oferta de continuar y ampliar programas sociales que ya existen.<\/p>\n\n\n\n<p>Sin embargo, el elemento com\u00fan en sus comentarios hacia las tres plataformas fue la falta de claridad en el c\u00f3mo las llevar\u00e1n a cabo y con qu\u00e9 recursos e instrumentos.<\/p>\n\n\n\n<figure class=\"wp-block-image\"><img decoding=\"async\" src=\"https:\/\/www.proceso.com.mx\/u\/fotografias\/m\/2024\/4\/27\/f768x1-197972_198099_15.jpeg\" alt=\"\"\/><figcaption>M\u00e1ynez. Reforma \u00abprogresiva\u00bb. Foto: Galo Ca\u00f1as\/Cuartoscuro.<\/figcaption><\/figure>\n\n\n\n<p>Laura Flamand, del Centro de Estudios Internacionales y coordinadora de la Red de Estudios sobre Desigualdades del Colegio, se ocup\u00f3 de las plataformas de gobierno en materia de salud y dijo que los tres son \u201ccomplementarios\u201d, ante el panorama \u201cbastante preocupante\u201d que hay en el pa\u00eds. Y dio un dato: seis de cada 10 mexicanos se atienden en consultorios privados; de esos seis, cuatro van a consultorios de farmacias.<\/p>\n\n\n\n<p>Emilio Blanco, del Centro de Estudios Sociales y experto en educaci\u00f3n, asegur\u00f3 que las propuestas de los tres aspirantes a gobernar M\u00e9xico \u201cson muy amplias y, adem\u00e1s, salen car\u00edsimas y nadie se anima a hablar, bueno salvo \u00c1lvarez M\u00e1ynez muy de pasada, sobre una reforma fiscal para financiarlas\u201d, en particular en lo que respecta al incremento de las becas estudiantiles y la construcci\u00f3n de planteles en todos los niveles educativos.<\/p>\n\n\n\n<p>Luicy Pedroza, del Centro de Estudios Internacionales y experta en temas de migraci\u00f3n, acus\u00f3 que ninguna de las tres plataformas tiene una propuesta clara ni trata el fen\u00f3meno como un asunto de pol\u00edtica p\u00fablica; peor a\u00fan, dijo, \u201calgunas son vagas y contradictorias\u201d y les falta visi\u00f3n de colaboraci\u00f3n con Centroam\u00e9rica.<\/p>\n\n\n\n<p>Nain Mart\u00ednez, del Centro de Estudios Internacionales y experto en Gesti\u00f3n Ambiental, asegur\u00f3 que hay consenso entre los tres aspirantes en materia de transici\u00f3n energ\u00e9tica y en la necesidad de hacer acciones urgentes para enfrentar el cambio clim\u00e1tico.<\/p>\n\n\n\n<p>Por \u00faltimo, Fernando Nieto, tambi\u00e9n del Centro de Estudios Internacionales y experto en procesos de cambio y las patolog\u00edas burocr\u00e1ticas en las organizaciones gubernamentales, acus\u00f3 que en el tema de combate a la corrupci\u00f3n, los candidatos ofrecen \u201cmuchas ideas, pero pocas metas. Son propuestas con ideas que ya se han barajado antes, como la Agencia Federal Anticorrupci\u00f3n que propone Sheinbaum, pero que ya ven\u00eda del Pacto por M\u00e9xico propuesto con el presidente Enrique Pe\u00f1a Nieto y que no lleg\u00f3 a un puerto. Y hay otras que ya existen, por ejemplo, la de G\u00e1lvez, de que todos los funcionarios hagan declaraci\u00f3n patrimonial. \u00a1Eso ya lo tienen que hacer!\u201d.<\/p>\n\n\n\n<p>Y cerr\u00f3: \u201cEn transparencia y combate a la corrupci\u00f3n, las propuestas se quedan cortas en aspecto de organizaci\u00f3n e implementaci\u00f3n, hay muchas preguntas sobre c\u00f3mo van a funcionar, cu\u00e1les son los instrumentos que se van a desplegar, no hay informaci\u00f3n sobre de d\u00f3nde van a salir los recursos para hacer todas estas cosas y no hay respuesta sobre si se va investigar a la administraci\u00f3n actual.<\/p>\n\n\n\n<p>Fuente: <a href=\"https:\/\/www.proceso.com.mx\/nacional\/2024\/4\/28\/reforma-fiscal-el-espinoso-tema-que-los-candidatos-presidenciales-no-tocan-327987.html\">https:\/\/www.proceso.com.mx\/nacional\/2024\/4\/28\/reforma-fiscal-el-espinoso-tema-que-los-candidatos-presidenciales-no-tocan-327987.html<\/a><\/p>\n","protected":false},"excerpt":{"rendered":"<p>Para que los candidatos puedan cumplir con sus promesas es forzoso hacer una reforma fiscal para recaudar m\u00e1s impuestos, de [&hellip;]<\/p>\n","protected":false},"author":1,"featured_media":73245,"comment_status":"open","ping_status":"open","sticky":false,"template":"","format":"standard","meta":{"site-sidebar-layout":"default","site-content-layout":"","ast-site-content-layout":"default","site-content-style":"default","site-sidebar-style":"default","ast-global-header-display":"","ast-banner-title-visibility":"","ast-main-header-display":"","ast-hfb-above-header-display":"","ast-hfb-below-header-display":"","ast-hfb-mobile-header-display":"","site-post-title":"","ast-breadcrumbs-content":"","ast-featured-img":"","footer-sml-layout":"","theme-transparent-header-meta":"","adv-header-id-meta":"","stick-header-meta":"","header-above-stick-meta":"","header-main-stick-meta":"","header-below-stick-meta":"","astra-migrate-meta-layouts":"default","ast-page-background-enabled":"default","ast-page-background-meta":{"desktop":{"background-color":"var(--ast-global-color-4)","background-image":"","background-repeat":"repeat","background-position":"center center","background-size":"auto","background-attachment":"scroll","background-type":"","background-media":"","overlay-type":"","overlay-color":"","overlay-opacity":"","overlay-gradient":""},"tablet":{"background-color":"","background-image":"","background-repeat":"repeat","background-position":"center center","background-size":"auto","background-attachment":"scroll","background-type":"","background-media":"","overlay-type":"","overlay-color":"","overlay-opacity":"","overlay-gradient":""},"mobile":{"background-color":"","background-image":"","background-repeat":"repeat","background-position":"center center","background-size":"auto","background-attachment":"scroll","background-type":"","background-media":"","overlay-type":"","overlay-color":"","overlay-opacity":"","overlay-gradient":""}},"ast-content-background-meta":{"desktop":{"background-color":"var(--ast-global-color-5)","background-image":"","background-repeat":"repeat","background-position":"center center","background-size":"auto","background-attachment":"scroll","background-type":"","background-media":"","overlay-type":"","overlay-color":"","overlay-opacity":"","overlay-gradient":""},"tablet":{"background-color":"var(--ast-global-color-5)","background-image":"","background-repeat":"repeat","background-position":"center center","background-size":"auto","background-attachment":"scroll","background-type":"","background-media":"","overlay-type":"","overlay-color":"","overlay-opacity":"","overlay-gradient":""},"mobile":{"background-color":"var(--ast-global-color-5)","background-image":"","background-repeat":"repeat","background-position":"center center","background-size":"auto","background-attachment":"scroll","background-type":"","background-media":"","overlay-type":"","overlay-color":"","overlay-opacity":"","overlay-gradient":""}},"footnotes":""},"categories":[8],"tags":[18774,24533,24534,2249],"class_list":["post-73244","post","type-post","status-publish","format-standard","has-post-thumbnail","hentry","category-noticias","tag-colmex","tag-elecciones-2024-campanas-presidenciales","tag-propuestas-candidatos","tag-reforma-fiscal"],"_links":{"self":[{"href":"https:\/\/losperiodistas.com.mx\/portal\/wp-json\/wp\/v2\/posts\/73244","targetHints":{"allow":["GET"]}}],"collection":[{"href":"https:\/\/losperiodistas.com.mx\/portal\/wp-json\/wp\/v2\/posts"}],"about":[{"href":"https:\/\/losperiodistas.com.mx\/portal\/wp-json\/wp\/v2\/types\/post"}],"author":[{"embeddable":true,"href":"https:\/\/losperiodistas.com.mx\/portal\/wp-json\/wp\/v2\/users\/1"}],"replies":[{"embeddable":true,"href":"https:\/\/losperiodistas.com.mx\/portal\/wp-json\/wp\/v2\/comments?post=73244"}],"version-history":[{"count":2,"href":"https:\/\/losperiodistas.com.mx\/portal\/wp-json\/wp\/v2\/posts\/73244\/revisions"}],"predecessor-version":[{"id":73247,"href":"https:\/\/losperiodistas.com.mx\/portal\/wp-json\/wp\/v2\/posts\/73244\/revisions\/73247"}],"wp:featuredmedia":[{"embeddable":true,"href":"https:\/\/losperiodistas.com.mx\/portal\/wp-json\/wp\/v2\/media\/73245"}],"wp:attachment":[{"href":"https:\/\/losperiodistas.com.mx\/portal\/wp-json\/wp\/v2\/media?parent=73244"}],"wp:term":[{"taxonomy":"category","embeddable":true,"href":"https:\/\/losperiodistas.com.mx\/portal\/wp-json\/wp\/v2\/categories?post=73244"},{"taxonomy":"post_tag","embeddable":true,"href":"https:\/\/losperiodistas.com.mx\/portal\/wp-json\/wp\/v2\/tags?post=73244"}],"curies":[{"name":"wp","href":"https:\/\/api.w.org\/{rel}","templated":true}]}}