{"id":73241,"date":"2024-04-28T09:38:23","date_gmt":"2024-04-28T14:38:23","guid":{"rendered":"https:\/\/losperiodistas.com.mx\/portal\/?p=73241"},"modified":"2024-04-28T09:38:25","modified_gmt":"2024-04-28T14:38:25","slug":"oracion-del-papa-por-la-poblacion-de-haiti-y-por-la-paz-mundial-vatican-news","status":"publish","type":"post","link":"https:\/\/losperiodistas.com.mx\/portal\/oracion-del-papa-por-la-poblacion-de-haiti-y-por-la-paz-mundial-vatican-news\/","title":{"rendered":"Oraci\u00f3n del Papa por la poblaci\u00f3n de Hait\u00ed y por la paz mundial | Vatican News"},"content":{"rendered":"\n<p class=\"has-luminous-vivid-amber-background-color has-background has-medium-font-size\">A la hora del Regina Caeli, al final de la misa en la plaza de San Marcos de Venecia, Francisco hizo un llamamiento por Hait\u00ed: que la comunidad internacional apoye el trabajo del nuevo consejo presidencial. Despu\u00e9s, su oraci\u00f3n por la martirizada Ucrania, Palestina, Israel, los Rohingy\u00e1 y las numerosas poblaciones en guerra<\/p>\n\n\n\n<figure class=\"wp-block-image size-large\"><img fetchpriority=\"high\" decoding=\"async\" width=\"1024\" height=\"576\" src=\"https:\/\/losperiodistas.com.mx\/portal\/wp-content\/uploads\/2024\/04\/cq5dam.thumbnail.cropped.1500.844-1024x576.jpeg\" alt=\"\" class=\"wp-image-73242\" srcset=\"https:\/\/losperiodistas.com.mx\/portal\/wp-content\/uploads\/2024\/04\/cq5dam.thumbnail.cropped.1500.844-1024x576.jpeg 1024w, https:\/\/losperiodistas.com.mx\/portal\/wp-content\/uploads\/2024\/04\/cq5dam.thumbnail.cropped.1500.844-300x169.jpeg 300w, https:\/\/losperiodistas.com.mx\/portal\/wp-content\/uploads\/2024\/04\/cq5dam.thumbnail.cropped.1500.844-768x432.jpeg 768w, https:\/\/losperiodistas.com.mx\/portal\/wp-content\/uploads\/2024\/04\/cq5dam.thumbnail.cropped.1500.844.jpeg 1500w\" sizes=\"(max-width: 1024px) 100vw, 1024px\" \/><figcaption>El Papa en Venecia<\/figcaption><\/figure>\n\n\n\n<p class=\"has-vivid-red-color has-text-color has-medium-font-size\"><strong>Paolo Ondarza \/ Vatican News<\/strong><\/p>\n\n\n\n<p>Al final de su visita pastoral a Venecia, el Santo Padre Francisco dedic\u00f3 la oraci\u00f3n del\u00a0<em><a href=\"https:\/\/www.vatican.va\/content\/francesco\/es\/events\/event.dir.html\/content\/vaticanevents\/es\/2024\/4\/28\/venezia-regina-caeli.html\" target=\"_blank\" rel=\"noreferrer noopener\">Regina Caeli<\/a><\/em>\u00a0a las \u00abmuchas situaciones de sufrimiento en el mundo\u00bb.<\/p>\n\n\n\n<p>LEA TAMBI\u00c9N<a href=\"https:\/\/www.vaticannews.va\/es\/papa\/news\/2024-04\/misa-homilia-francisco-venecia-permnecer-en-jesus-papa-francisco.html\"><\/a>28\/04\/2024<\/p>\n\n\n\n<h2 class=\"has-medium-font-size wp-block-heading\"><a href=\"https:\/\/www.vaticannews.va\/es\/papa\/news\/2024-04\/misa-homilia-francisco-venecia-permnecer-en-jesus-papa-francisco.html\">Francisco en Venecia: \u201cS\u00f3lo da fruto quien permanece unido a Jes\u00fas\u201d<\/a><\/h2>\n\n\n\n<h2 class=\"wp-block-heading\">&nbsp;<\/h2>\n\n\n\n<h2 class=\"wp-block-heading\"><strong>Paz y estabilidad para Hait\u00ed<\/strong><\/h2>\n\n\n\n<p>En primer lugar, el Papa dirigi\u00f3 su pensamiento a Hait\u00ed, \u00abdonde est\u00e1 vigente el estado de emergencia y la poblaci\u00f3n est\u00e1 desesperada por el colapso del sistema sanitario, la escasez de alimentos y la violencia que impulsa a la gente a huir\u00bb:<\/p>\n\n\n\n<blockquote class=\"wp-block-quote is-layout-flow wp-block-quote-is-layout-flow\"><p>\u201cConfiamos al Se\u00f1or el trabajo y las decisiones del nuevo Consejo presidencial de transici\u00f3n, que tom\u00f3 posesi\u00f3n el pasado jueves en Puerto Pr\u00edncipe, para que, con el apoyo renovado de la comunidad internacional, conduzca al pa\u00eds a alcanzar la paz y la estabilidad que tanto necesita\u201d<\/p><\/blockquote>\n\n\n\n<h2 class=\"wp-block-heading\"><strong>Paz, di\u00e1logo y reconciliaci\u00f3n<\/strong><\/h2>\n\n\n\n<p>La mirada del Obispo de Roma se extendi\u00f3 a las numerosas situaciones de sufrimiento en el mundo, a los escenarios b\u00e9licos que amenazan la paz y la estabilidad internacionales:<\/p>\n\n\n\n<blockquote class=\"wp-block-quote is-layout-flow wp-block-quote-is-layout-flow\"><p>\u201cPienso en la martirizada Ucrania, en Palestina, en Israel, en los Rohingy\u00e1 y en los numerosos pueblos que sufren a causa de las guerras y la violencia. Que el Dios de la paz ilumine los corazones para que crezca en todos la voluntad de di\u00e1logo y de reconciliaci\u00f3n\u201d<\/p><\/blockquote>\n\n\n\n<h2 class=\"wp-block-heading\"><strong>Agradecimiento del Papa a Venecia<\/strong><\/h2>\n\n\n\n<p>Luego el Obispo de Roma expres\u00f3 su agradecimiento al patriarca de Venecia, Francesco Moraglia, a las autoridades civiles, a las fuerzas del orden, a los colaboradores, a los voluntarios y a todos los que han facilitado la visita de esta ma\u00f1ana:<\/p>\n\n\n\n<p><em>Queridos hermanos y hermanas, gracias de nuevo por su acogida. Gracias al patriarca. Los acompa\u00f1o con mi oraci\u00f3n y, por favor, no se olviden de rezar por m\u00ed, \u00a1porque este trabajo no es f\u00e1cil!<\/em><\/p>\n\n\n\n<p>Fuente: <a href=\"https:\/\/www.vaticannews.va\/es\/papa\/news\/2024-04\/oracion-del-papa-por-la-poblacion-de-haiti-y-por-la-paz-mundial.html\">https:\/\/www.vaticannews.va\/es\/papa\/news\/2024-04\/oracion-del-papa-por-la-poblacion-de-haiti-y-por-la-paz-mundial.html<\/a><\/p>\n","protected":false},"excerpt":{"rendered":"<p>A la hora del Regina Caeli, al final de la misa en la plaza de San Marcos de Venecia, Francisco [&hellip;]<\/p>\n","protected":false},"author":1,"featured_media":73242,"comment_status":"open","ping_status":"open","sticky":false,"template":"","format":"standard","meta":{"site-sidebar-layout":"default","site-content-layout":"","ast-site-content-layout":"default","site-content-style":"default","site-sidebar-style":"default","ast-global-header-display":"","ast-banner-title-visibility":"","ast-main-header-display":"","ast-hfb-above-header-display":"","ast-hfb-below-header-display":"","ast-hfb-mobile-header-display":"","site-post-title":"","ast-breadcrumbs-content":"","ast-featured-img":"","footer-sml-layout":"","theme-transparent-header-meta":"","adv-header-id-meta":"","stick-header-meta":"","header-above-stick-meta":"","header-main-stick-meta":"","header-below-stick-meta":"","astra-migrate-meta-layouts":"default","ast-page-background-enabled":"default","ast-page-background-meta":{"desktop":{"background-color":"var(--ast-global-color-4)","background-image":"","background-repeat":"repeat","background-position":"center center","background-size":"auto","background-attachment":"scroll","background-type":"","background-media":"","overlay-type":"","overlay-color":"","overlay-opacity":"","overlay-gradient":""},"tablet":{"background-color":"","background-image":"","background-repeat":"repeat","background-position":"center center","background-size":"auto","background-attachment":"scroll","background-type":"","background-media":"","overlay-type":"","overlay-color":"","overlay-opacity":"","overlay-gradient":""},"mobile":{"background-color":"","background-image":"","background-repeat":"repeat","background-position":"center center","background-size":"auto","background-attachment":"scroll","background-type":"","background-media":"","overlay-type":"","overlay-color":"","overlay-opacity":"","overlay-gradient":""}},"ast-content-background-meta":{"desktop":{"background-color":"var(--ast-global-color-5)","background-image":"","background-repeat":"repeat","background-position":"center center","background-size":"auto","background-attachment":"scroll","background-type":"","background-media":"","overlay-type":"","overlay-color":"","overlay-opacity":"","overlay-gradient":""},"tablet":{"background-color":"var(--ast-global-color-5)","background-image":"","background-repeat":"repeat","background-position":"center center","background-size":"auto","background-attachment":"scroll","background-type":"","background-media":"","overlay-type":"","overlay-color":"","overlay-opacity":"","overlay-gradient":""},"mobile":{"background-color":"var(--ast-global-color-5)","background-image":"","background-repeat":"repeat","background-position":"center center","background-size":"auto","background-attachment":"scroll","background-type":"","background-media":"","overlay-type":"","overlay-color":"","overlay-opacity":"","overlay-gradient":""}},"footnotes":""},"categories":[8],"tags":[4793,196],"class_list":["post-73241","post","type-post","status-publish","format-standard","has-post-thumbnail","hentry","category-noticias","tag-haiti-2","tag-papa-francisco"],"_links":{"self":[{"href":"https:\/\/losperiodistas.com.mx\/portal\/wp-json\/wp\/v2\/posts\/73241","targetHints":{"allow":["GET"]}}],"collection":[{"href":"https:\/\/losperiodistas.com.mx\/portal\/wp-json\/wp\/v2\/posts"}],"about":[{"href":"https:\/\/losperiodistas.com.mx\/portal\/wp-json\/wp\/v2\/types\/post"}],"author":[{"embeddable":true,"href":"https:\/\/losperiodistas.com.mx\/portal\/wp-json\/wp\/v2\/users\/1"}],"replies":[{"embeddable":true,"href":"https:\/\/losperiodistas.com.mx\/portal\/wp-json\/wp\/v2\/comments?post=73241"}],"version-history":[{"count":1,"href":"https:\/\/losperiodistas.com.mx\/portal\/wp-json\/wp\/v2\/posts\/73241\/revisions"}],"predecessor-version":[{"id":73243,"href":"https:\/\/losperiodistas.com.mx\/portal\/wp-json\/wp\/v2\/posts\/73241\/revisions\/73243"}],"wp:featuredmedia":[{"embeddable":true,"href":"https:\/\/losperiodistas.com.mx\/portal\/wp-json\/wp\/v2\/media\/73242"}],"wp:attachment":[{"href":"https:\/\/losperiodistas.com.mx\/portal\/wp-json\/wp\/v2\/media?parent=73241"}],"wp:term":[{"taxonomy":"category","embeddable":true,"href":"https:\/\/losperiodistas.com.mx\/portal\/wp-json\/wp\/v2\/categories?post=73241"},{"taxonomy":"post_tag","embeddable":true,"href":"https:\/\/losperiodistas.com.mx\/portal\/wp-json\/wp\/v2\/tags?post=73241"}],"curies":[{"name":"wp","href":"https:\/\/api.w.org\/{rel}","templated":true}]}}