{"id":73238,"date":"2024-04-27T23:25:04","date_gmt":"2024-04-28T04:25:04","guid":{"rendered":"https:\/\/losperiodistas.com.mx\/portal\/?p=73238"},"modified":"2024-04-27T23:25:06","modified_gmt":"2024-04-28T04:25:06","slug":"matan-a-mario-olvera-empresario-de-conciertos-y-restaurantes-en-puebla-e-consulta","status":"publish","type":"post","link":"https:\/\/losperiodistas.com.mx\/portal\/matan-a-mario-olvera-empresario-de-conciertos-y-restaurantes-en-puebla-e-consulta\/","title":{"rendered":"Matan a Mario Olvera, empresario de conciertos y restaurantes, en Puebla | e-consulta"},"content":{"rendered":"\n<p class=\"has-medium-font-size\">El homicidio del empresario Mario Olvera ocurri\u00f3 en Camino Real a Momoxpan la madrugada de hoy<\/p>\n\n\n\n<figure class=\"wp-block-image size-full\"><img fetchpriority=\"high\" decoding=\"async\" width=\"640\" height=\"426\" src=\"https:\/\/losperiodistas.com.mx\/portal\/wp-content\/uploads\/2024\/04\/asesinan_a_mario_olvera_empresario_de_conciertos_y_restaurantes_en_puebla.jpg\" alt=\"\" class=\"wp-image-73239\" srcset=\"https:\/\/losperiodistas.com.mx\/portal\/wp-content\/uploads\/2024\/04\/asesinan_a_mario_olvera_empresario_de_conciertos_y_restaurantes_en_puebla.jpg 640w, https:\/\/losperiodistas.com.mx\/portal\/wp-content\/uploads\/2024\/04\/asesinan_a_mario_olvera_empresario_de_conciertos_y_restaurantes_en_puebla-300x200.jpg 300w\" sizes=\"(max-width: 640px) 100vw, 640px\" \/><\/figure>\n\n\n\n<p><\/p>\n\n\n\n<p class=\"has-vivid-red-color has-text-color has-medium-font-size\"><strong>RICARDO JU\u00c1REZ \/ e-consulta<\/strong><\/p>\n\n\n\n<p>La madrugada de este s\u00e1bado&nbsp;<strong>Mario Olvera<\/strong>, empresario restaurantero y de conciertos de banda, fue&nbsp;<strong>asesinado a disparos<\/strong>&nbsp;por sujetos armados, en tanto que su esposa que lo acompa\u00f1a, result\u00f3 ilesa.<\/p>\n\n\n\n<p>Los hechos ocurrieron a las 00:00 horas de hoy en&nbsp;<strong>Camino Real a Momoxpan<\/strong>, a la altura de Lomas de la Carca\u00f1a; de acuerdo con los primeros reportes Mario Olvera iba en su camioneta Suburban marca Cadillac color blanco, cuando una&nbsp;<strong>camioneta negra lo impact\u00f3 por detr\u00e1s<\/strong>.<\/p>\n\n\n\n<p>De inmediato&nbsp;<strong>el empresario se baj\u00f3 a reclamar<\/strong>&nbsp;y entonces&nbsp;<strong>otro sujeto<\/strong>&nbsp;que iba a bordo de una motocicleta&nbsp;<strong>se detuvo frente a \u00e9l y le dispar\u00f3 en cuatro ocasiones<\/strong>.<\/p>\n\n\n\n<p>De inmediato el chofer de la camioneta negra junto con el hombre que dispar\u00f3 huyeron hacia el Perif\u00e9rico Ecol\u00f3gico donde abandonaron sus unidades.<\/p>\n\n\n\n<p>Te puede interesar:<\/p>\n\n\n\n<p><a href=\"https:\/\/www.e-consulta.com\/nota\/2024-04-23\/seguridad\/puebla-entre-las-30-ciudades-mas-inseguras-del-pais-supero-iztapalapa\">Puebla, entre las 30 ciudades m\u00e1s inseguras del pa\u00eds; super\u00f3 a Iztapalapa: INEGI<\/a><\/p>\n\n\n\n<p>Tras el ataque directo a Mario, la esposa del empresario dio aviso a las autoridades.<\/p>\n\n\n\n<p>Al llegar, elementos policiacos acordonaron la zona y emprendieron la b\u00fasqueda de los sicarios; minutos m\u00e1s tarde encontraron la motocicleta en la que huyeron, sin embargo, ambos hombres no fueron ubicados ya que escaparon en otro veh\u00edculo.<\/p>\n\n\n\n<p>Mario Olvera era un empresario, due\u00f1o de los restaurantes\u00a0<strong>Humo Gris<\/strong>\u00a0y\u00a0<strong>Puerto Marisco<\/strong>, era amante de las motocicletas, adem\u00e1s se dedicaba a traer eventos art\u00edsticos a Puebla y estados vecinos.<\/p>\n\n\n\n<p>Fuente: <a href=\"https:\/\/www.e-consulta.com\/nota\/2024-04-27\/seguridad\/matan-mario-olvera-empresario-de-conciertos-y-restaurantes-en-puebla\">https:\/\/www.e-consulta.com\/nota\/2024-04-27\/seguridad\/matan-mario-olvera-empresario-de-conciertos-y-restaurantes-en-puebla<\/a><\/p>\n","protected":false},"excerpt":{"rendered":"<p>El homicidio del empresario Mario Olvera ocurri\u00f3 en Camino Real a Momoxpan la madrugada de hoy RICARDO JU\u00c1REZ \/ e-consulta [&hellip;]<\/p>\n","protected":false},"author":1,"featured_media":73239,"comment_status":"open","ping_status":"open","sticky":false,"template":"","format":"standard","meta":{"site-sidebar-layout":"default","site-content-layout":"","ast-site-content-layout":"default","site-content-style":"default","site-sidebar-style":"default","ast-global-header-display":"","ast-banner-title-visibility":"","ast-main-header-display":"","ast-hfb-above-header-display":"","ast-hfb-below-header-display":"","ast-hfb-mobile-header-display":"","site-post-title":"","ast-breadcrumbs-content":"","ast-featured-img":"","footer-sml-layout":"","theme-transparent-header-meta":"","adv-header-id-meta":"","stick-header-meta":"","header-above-stick-meta":"","header-main-stick-meta":"","header-below-stick-meta":"","astra-migrate-meta-layouts":"default","ast-page-background-enabled":"default","ast-page-background-meta":{"desktop":{"background-color":"var(--ast-global-color-4)","background-image":"","background-repeat":"repeat","background-position":"center center","background-size":"auto","background-attachment":"scroll","background-type":"","background-media":"","overlay-type":"","overlay-color":"","overlay-opacity":"","overlay-gradient":""},"tablet":{"background-color":"","background-image":"","background-repeat":"repeat","background-position":"center center","background-size":"auto","background-attachment":"scroll","background-type":"","background-media":"","overlay-type":"","overlay-color":"","overlay-opacity":"","overlay-gradient":""},"mobile":{"background-color":"","background-image":"","background-repeat":"repeat","background-position":"center center","background-size":"auto","background-attachment":"scroll","background-type":"","background-media":"","overlay-type":"","overlay-color":"","overlay-opacity":"","overlay-gradient":""}},"ast-content-background-meta":{"desktop":{"background-color":"var(--ast-global-color-5)","background-image":"","background-repeat":"repeat","background-position":"center center","background-size":"auto","background-attachment":"scroll","background-type":"","background-media":"","overlay-type":"","overlay-color":"","overlay-opacity":"","overlay-gradient":""},"tablet":{"background-color":"var(--ast-global-color-5)","background-image":"","background-repeat":"repeat","background-position":"center center","background-size":"auto","background-attachment":"scroll","background-type":"","background-media":"","overlay-type":"","overlay-color":"","overlay-opacity":"","overlay-gradient":""},"mobile":{"background-color":"var(--ast-global-color-5)","background-image":"","background-repeat":"repeat","background-position":"center center","background-size":"auto","background-attachment":"scroll","background-type":"","background-media":"","overlay-type":"","overlay-color":"","overlay-opacity":"","overlay-gradient":""}},"footnotes":""},"categories":[8],"tags":[8409,24532],"class_list":["post-73238","post","type-post","status-publish","format-standard","has-post-thumbnail","hentry","category-noticias","tag-asesinatos-puebla","tag-mario-olvera"],"_links":{"self":[{"href":"https:\/\/losperiodistas.com.mx\/portal\/wp-json\/wp\/v2\/posts\/73238","targetHints":{"allow":["GET"]}}],"collection":[{"href":"https:\/\/losperiodistas.com.mx\/portal\/wp-json\/wp\/v2\/posts"}],"about":[{"href":"https:\/\/losperiodistas.com.mx\/portal\/wp-json\/wp\/v2\/types\/post"}],"author":[{"embeddable":true,"href":"https:\/\/losperiodistas.com.mx\/portal\/wp-json\/wp\/v2\/users\/1"}],"replies":[{"embeddable":true,"href":"https:\/\/losperiodistas.com.mx\/portal\/wp-json\/wp\/v2\/comments?post=73238"}],"version-history":[{"count":1,"href":"https:\/\/losperiodistas.com.mx\/portal\/wp-json\/wp\/v2\/posts\/73238\/revisions"}],"predecessor-version":[{"id":73240,"href":"https:\/\/losperiodistas.com.mx\/portal\/wp-json\/wp\/v2\/posts\/73238\/revisions\/73240"}],"wp:featuredmedia":[{"embeddable":true,"href":"https:\/\/losperiodistas.com.mx\/portal\/wp-json\/wp\/v2\/media\/73239"}],"wp:attachment":[{"href":"https:\/\/losperiodistas.com.mx\/portal\/wp-json\/wp\/v2\/media?parent=73238"}],"wp:term":[{"taxonomy":"category","embeddable":true,"href":"https:\/\/losperiodistas.com.mx\/portal\/wp-json\/wp\/v2\/categories?post=73238"},{"taxonomy":"post_tag","embeddable":true,"href":"https:\/\/losperiodistas.com.mx\/portal\/wp-json\/wp\/v2\/tags?post=73238"}],"curies":[{"name":"wp","href":"https:\/\/api.w.org\/{rel}","templated":true}]}}