{"id":73224,"date":"2024-04-27T17:39:40","date_gmt":"2024-04-27T22:39:40","guid":{"rendered":"https:\/\/losperiodistas.com.mx\/portal\/?p=73224"},"modified":"2024-04-27T17:39:42","modified_gmt":"2024-04-27T22:39:42","slug":"mclaughlin-se-lleva-la-pole-en-barber-y-oward-es-cuarto-motorsport","status":"publish","type":"post","link":"https:\/\/losperiodistas.com.mx\/portal\/mclaughlin-se-lleva-la-pole-en-barber-y-oward-es-cuarto-motorsport\/","title":{"rendered":"McLaughlin se lleva la pole en Barber y O&#8217;Ward es cuarto | Motorsport"},"content":{"rendered":"\n<h2 class=\"has-medium-font-size wp-block-heading\">Scott McLaughlin, del Team Penske, se hizo con la pole position para la tercera ronda de la IndyCar Series en el Barber Motorsports Park el s\u00e1bado, donde Pato O&#8217;Ward finaliz\u00f3 cuarto. Agust\u00edn Canapino iniciar\u00e1 20\u00ba.<\/h2>\n\n\n\n<p><img fetchpriority=\"high\" decoding=\"async\" width=\"1000\" height=\"666\" src=\"https:\/\/cdn-3.motorsport.com\/images\/amp\/68yrlax0\/s1000\/scott-mclaughlin-team-penske-c.jpg\" alt=\"Scott McLaughlin, Team Penske Chevrolet\"><\/p>\n\n\n\n<p>Foto de: Richard Dole \/ Motorsport Images<\/p>\n\n\n\n<p><\/p>\n\n\n\n<p><a href=\"https:\/\/lat.motorsport.com\/info\/about-us\/charles_bradley\/97373\/\">Charles Bradley<\/a> \/ Motorsport<\/p>\n\n\n\n<p>McLaughlin, ganador el a\u00f1o pasado, saldr\u00e1 por delante de su compa\u00f1ero de equipo&nbsp;<a href=\"https:\/\/lat.motorsport.com\/driver\/will-power\/469312\/\" target=\"_blank\" rel=\"noreferrer noopener\">Will Power<\/a>&nbsp;y de&nbsp;<a href=\"https:\/\/lat.motorsport.com\/driver\/christian-lundgaard\/659757\/\" target=\"_blank\" rel=\"noreferrer noopener\">Christian Lundgaard<\/a>, de&nbsp;<a href=\"https:\/\/lat.motorsport.com\/team\/rahal-letterman-lanigan-racing\/25763\/\" target=\"_blank\" rel=\"noreferrer noopener\">Rahal Letterman Lanigan Racing<\/a>, despu\u00e9s de las tres fases de la sesi\u00f3n de clasificaci\u00f3n de la IndyCar.<\/p>\n\n\n\n<h2 class=\"wp-block-heading\">El Fast Six<\/h2>\n\n\n\n<p>McLaughlin estableci\u00f3 una marca temprana en los neum\u00e1ticos alternativos de 1m06.3295s y corri\u00f3 una segunda vuelta en este set, pero cometi\u00f3 un peque\u00f1o error en la curva 5&nbsp; antes de cambiar a su segundo set.<\/p>\n\n\n\n<p>Power pas\u00f3 antes a su segundo juego de alternativos y baj\u00f3 el list\u00f3n a 1m06.046s a falta de un minuto, pero entonces se fue largo en la curva 5.<\/p>\n\n\n\n<p>McLaughlin no se qued\u00f3 atr\u00e1s con 1m05.949s en su \u00faltimo esfuerzo para arrebatarle la pole, que fue la n\u00famero 300 de Penske en la categor\u00eda.<\/p>\n\n\n\n<p>Lundgaard se coloc\u00f3 tercero con 1m06.0818s, por delante de&nbsp;<a href=\"https:\/\/lat.motorsport.com\/driver\/pato-oward\/838158\/\" target=\"_blank\" rel=\"noreferrer noopener\">Pato O&#8217;Ward<\/a>&nbsp;(Arrow McLaren),&nbsp;<a href=\"https:\/\/lat.motorsport.com\/driver\/felix-rosenqvist-2\/646548\/\" target=\"_blank\" rel=\"noreferrer noopener\">Felix Rosenqvist<\/a>&nbsp;(Meyer Shank Racing) y&nbsp;<a href=\"https:\/\/lat.motorsport.com\/driver\/marcus-armstrong\/659556\/\" target=\"_blank\" rel=\"noreferrer noopener\">Marcus Armstrong<\/a>, este \u00faltimo participando en su primer Fast Six para&nbsp;<a href=\"https:\/\/lat.motorsport.com\/team\/chip-ganassi-racing\/25767\/\" target=\"_blank\" rel=\"noreferrer noopener\">Chip Ganassi Racing<\/a>.<\/p>\n\n\n\n<figure class=\"wp-block-table\"><table><tbody><tr><td>Pos.&nbsp;<\/td><td>&nbsp;N\u00ba&nbsp;<\/td><td>&nbsp;Piloto&nbsp;<\/td><td>&nbsp;Chasis \/ Motor&nbsp;<\/td><td>&nbsp;Tiempo&nbsp;<\/td><td>&nbsp;Dif.&nbsp;<\/td><td>&nbsp;Vueltas&nbsp;<\/td><\/tr><tr><td>1&nbsp;<\/td><td>3<\/td><td>Scott McLaughlin<\/td><td>Dallara\/Chevrolet<\/td><td>1&#8217;05.9490<\/td><td>&nbsp;<\/td><td>5<\/td><\/tr><tr><td>2&nbsp;<\/td><td>12<\/td><td>Will Power<\/td><td>Dallara\/Chevrolet<\/td><td>1&#8217;06.0460<\/td><td>0.0970<\/td><td>4<\/td><\/tr><tr><td>3&nbsp;<\/td><td>45<\/td><td>C.Lundgaard<\/td><td>Dallara\/Honda<\/td><td>1&#8217;06.0818<\/td><td>0.1328<\/td><td>4<\/td><\/tr><tr><td>4&nbsp;<\/td><td>5<\/td><td>Patricio O&#8217;Ward<\/td><td>Dallara\/Chevrolet<\/td><td>1&#8217;06.2940<\/td><td>0.3450<\/td><td>4<\/td><\/tr><tr><td>5&nbsp;<\/td><td>60<\/td><td>Felix Rosenqvist<\/td><td>Dallara\/Honda<\/td><td>1&#8217;06.4524<\/td><td>0.5034<\/td><td>5<\/td><\/tr><tr><td>6&nbsp;<\/td><td>11<\/td><td>Marcus Armstrong<\/td><td>Dallara\/Honda<\/td><td>1&#8217;06.9022<\/td><td>0.9532<\/td><td>4<\/td><\/tr><\/tbody><\/table><\/figure>\n\n\n\n<h2 class=\"wp-block-heading\">La batalla por el Top 12<\/h2>\n\n\n\n<p>Despu\u00e9s de que&nbsp;<a href=\"https:\/\/lat.motorsport.com\/driver\/romain-grosjean\/467590\/\" target=\"_blank\" rel=\"noreferrer noopener\">Romain Grosjean<\/a>&nbsp;marcara el ritmo con los neum\u00e1ticos primarios para&nbsp;<a href=\"https:\/\/lat.motorsport.com\/team\/juncos-hollinger-racing\/46904\/\" target=\"_blank\" rel=\"noreferrer noopener\">Juncos Hollinger Racing<\/a>, Lundgaard marc\u00f3 la referencia con los alternativos en 1m05.813s antes de abortar una vuelta a\u00fan m\u00e1s r\u00e1pida para salvar sus gomas.<\/p>\n\n\n\n<p>Power se ha colocado segundo, s\u00f3lo 0.0635s m\u00e1s lento que McLaughlin, con Armstrong, O&#8217;Ward y Rosenqvist tambi\u00e9n progresando.<\/p>\n\n\n\n<p><a href=\"https:\/\/lat.motorsport.com\/driver\/graham-rahal\/465184\/\" target=\"_blank\" rel=\"noreferrer noopener\">Graham Rahal<\/a>&nbsp;(RLL),&nbsp;<a href=\"https:\/\/lat.motorsport.com\/driver\/josef-newgarden\/464871\/\" target=\"_blank\" rel=\"noreferrer noopener\">Josef Newgarden<\/a>&nbsp;(Penske),&nbsp;<a href=\"https:\/\/lat.motorsport.com\/driver\/kyle-kirkwood\/658733\/\" target=\"_blank\" rel=\"noreferrer noopener\">Kyle Kirkwood<\/a>&nbsp;(Andretti Global),&nbsp;<a href=\"https:\/\/lat.motorsport.com\/driver\/alex-palou-2\/657709\/\" target=\"_blank\" rel=\"noreferrer noopener\">Alex Palou<\/a>&nbsp;(CGR &#8211; que estaba desconcertado por el ritmo perdido desde la Q1), Grosjean y&nbsp;<a href=\"https:\/\/lat.motorsport.com\/driver\/tom-blomqvist-2\/648403\/\" target=\"_blank\" rel=\"noreferrer noopener\">Tom Blomqvist<\/a>&nbsp;(MSR).<\/p>\n\n\n\n<figure class=\"wp-block-image size-large\"><img decoding=\"async\" width=\"1024\" height=\"756\" src=\"https:\/\/losperiodistas.com.mx\/portal\/wp-content\/uploads\/2024\/04\/Captura-de-Pantalla-2024-04-27-a-las-16.33.30-1-1024x756.jpg\" alt=\"\" class=\"wp-image-73226\" srcset=\"https:\/\/losperiodistas.com.mx\/portal\/wp-content\/uploads\/2024\/04\/Captura-de-Pantalla-2024-04-27-a-las-16.33.30-1-1024x756.jpg 1024w, https:\/\/losperiodistas.com.mx\/portal\/wp-content\/uploads\/2024\/04\/Captura-de-Pantalla-2024-04-27-a-las-16.33.30-1-300x222.jpg 300w, https:\/\/losperiodistas.com.mx\/portal\/wp-content\/uploads\/2024\/04\/Captura-de-Pantalla-2024-04-27-a-las-16.33.30-1-768x567.jpg 768w, https:\/\/losperiodistas.com.mx\/portal\/wp-content\/uploads\/2024\/04\/Captura-de-Pantalla-2024-04-27-a-las-16.33.30-1.jpg 1292w\" sizes=\"(max-width: 1024px) 100vw, 1024px\" \/><\/figure>\n\n\n\n<h2 class=\"wp-block-heading\">La fase de grupos<\/h2>\n\n\n\n<p>En el grupo 1, Grosjean y&nbsp;<a href=\"https:\/\/lat.motorsport.com\/driver\/linus-lundqvist\/468648\/\" target=\"_blank\" rel=\"noreferrer noopener\">Linus Lundqvist<\/a>, de Ganassi, se enzarzaron en una temprana guerra territorial por la posici\u00f3n en pista.<\/p>\n\n\n\n<p>O&#8217;Ward se puso primero a falta de un minuto, pero Palou lo super\u00f3 con una vuelta de 1m05.5862s. Armstrong fue el tercero m\u00e1s r\u00e1pido, por delante de Rahal, Grosjean y Kirkwood.<\/p>\n\n\n\n<p>Se quedaron fuera el ganador el GP de Long Beach,\u00a0<a href=\"https:\/\/lat.motorsport.com\/driver\/scott-dixon\/463665\/\" target=\"_blank\" rel=\"noreferrer noopener\">Scott Dixon<\/a>\u00a0(CGR),\u00a0<a href=\"https:\/\/lat.motorsport.com\/driver\/colton-herta-2\/468661\/\" target=\"_blank\" rel=\"noreferrer noopener\">Colton Herta<\/a>\u00a0(Andretti),\u00a0<a href=\"https:\/\/lat.motorsport.com\/driver\/santino-ferrucci-2\/468555\/\" target=\"_blank\" rel=\"noreferrer noopener\">Santino Ferrucci<\/a>\u00a0(AJ Foyt Racing), Lundqvist, el debutante Luca Ghiotto<a href=\"https:\/\/lat.motorsport.com\/team\/dale-coyne-racing\/26037\/\" target=\"_blank\" rel=\"noreferrer noopener\">(Dale Coyne Racing<\/a>),\u00a0<a href=\"https:\/\/lat.motorsport.com\/driver\/kyffin-simpson\/879347\/\" target=\"_blank\" rel=\"noreferrer noopener\">Kyffin Simpson<\/a>\u00a0(CGR) y\u00a0<a href=\"https:\/\/lat.motorsport.com\/driver\/sting-ray-robb\/659774\/\" target=\"_blank\" rel=\"noreferrer noopener\">Sting Ray Robb<\/a>\u00a0(Foyt).<\/p>\n\n\n\n<p>En el grupo 2, el l\u00edder de los entrenamientos,&nbsp;<a href=\"https:\/\/lat.motorsport.com\/driver\/rinus-veekay\/833589\/\" target=\"_blank\" rel=\"noreferrer noopener\">Rinus VeeKay<\/a><a href=\"https:\/\/lat.motorsport.com\/driver\/ed-carpenter-2\/647746\/\" target=\"_blank\" rel=\"noreferrer noopener\">(Ed Carpenter<\/a>&nbsp;Racing), inform\u00f3 por radio de que \u00abno ten\u00eda potencia\u00bb en su primera salida y que la situaci\u00f3n \u00abestaba empeorando\u00bb.<\/p>\n\n\n\n<p>McLaughlin ha marcado el ritmo con una vuelta de 1m05.8147s, un par de d\u00e9cimas por delante de sus compa\u00f1eros de equipo Power y Newgarden. Lundgaard fue cuarto, por delante de Rosenqvist y Blomqvist.<\/p>\n\n\n\n<p>Newgarden tuvo un gran momento a la salida de la \u00faltima curva en su pen\u00faltima vuelta, justo salvando el coche donde&nbsp;<a href=\"https:\/\/lat.motorsport.com\/driver\/alexander-rossi\/465385\/\" target=\"_blank\" rel=\"noreferrer noopener\">Alexander Rossi<\/a>&nbsp;sufri\u00f3 un enorme trompo hace unos a\u00f1os.<\/p>\n\n\n\n<p>Se quedaron fuera\u00a0<a href=\"https:\/\/lat.motorsport.com\/driver\/christian-rasmussen\/947631\/\" target=\"_blank\" rel=\"noreferrer noopener\">Christian Rasmussen<\/a>\u00a0(ECR), que tuvo un gran derrape en la curva 12 en su vuelta r\u00e1pida, Rossi (McLaren),\u00a0<a href=\"https:\/\/lat.motorsport.com\/driver\/marcus-ericsson\/463673\/\" target=\"_blank\" rel=\"noreferrer noopener\">Marcus Ericsson<\/a>\u00a0(Andretti),\u00a0<a href=\"https:\/\/lat.motorsport.com\/driver\/agustin-canapino\/657967\/\" target=\"_blank\" rel=\"noreferrer noopener\">Agust\u00edn Canapino<\/a>\u00a0(JHR),\u00a0<a href=\"https:\/\/lat.motorsport.com\/driver\/jack-harvey-2\/644767\/\" target=\"_blank\" rel=\"noreferrer noopener\">Jack Harvey<\/a>\u00a0(Coyne), Theo Pourchaire (McLaren),\u00a0<a href=\"https:\/\/lat.motorsport.com\/driver\/pietro-fittipaldi-2\/647926\/\" target=\"_blank\" rel=\"noreferrer noopener\">Pietro Fittipaldi<\/a>\u00a0(RLL) y eVeeKay, que dijo que el problema el\u00e9ctrico no pod\u00eda arreglarse a tiempo para volver a correr.<\/p>\n\n\n\n<p>Fuente: <a href=\"https:\/\/lat.motorsport.com\/indycar\/news\/mclaughlin-pole-barber-indycar-resultados-canapino-oward\/10604157\/\">https:\/\/lat.motorsport.com\/indycar\/news\/mclaughlin-pole-barber-indycar-resultados-canapino-oward\/10604157\/<\/a><\/p>\n","protected":false},"excerpt":{"rendered":"<p>Scott McLaughlin, del Team Penske, se hizo con la pole position para la tercera ronda de la IndyCar Series en [&hellip;]<\/p>\n","protected":false},"author":1,"featured_media":73227,"comment_status":"open","ping_status":"open","sticky":false,"template":"","format":"standard","meta":{"site-sidebar-layout":"default","site-content-layout":"","ast-site-content-layout":"default","site-content-style":"default","site-sidebar-style":"default","ast-global-header-display":"","ast-banner-title-visibility":"","ast-main-header-display":"","ast-hfb-above-header-display":"","ast-hfb-below-header-display":"","ast-hfb-mobile-header-display":"","site-post-title":"","ast-breadcrumbs-content":"","ast-featured-img":"","footer-sml-layout":"","theme-transparent-header-meta":"","adv-header-id-meta":"","stick-header-meta":"","header-above-stick-meta":"","header-main-stick-meta":"","header-below-stick-meta":"","astra-migrate-meta-layouts":"default","ast-page-background-enabled":"default","ast-page-background-meta":{"desktop":{"background-color":"var(--ast-global-color-4)","background-image":"","background-repeat":"repeat","background-position":"center center","background-size":"auto","background-attachment":"scroll","background-type":"","background-media":"","overlay-type":"","overlay-color":"","overlay-opacity":"","overlay-gradient":""},"tablet":{"background-color":"","background-image":"","background-repeat":"repeat","background-position":"center center","background-size":"auto","background-attachment":"scroll","background-type":"","background-media":"","overlay-type":"","overlay-color":"","overlay-opacity":"","overlay-gradient":""},"mobile":{"background-color":"","background-image":"","background-repeat":"repeat","background-position":"center center","background-size":"auto","background-attachment":"scroll","background-type":"","background-media":"","overlay-type":"","overlay-color":"","overlay-opacity":"","overlay-gradient":""}},"ast-content-background-meta":{"desktop":{"background-color":"var(--ast-global-color-5)","background-image":"","background-repeat":"repeat","background-position":"center center","background-size":"auto","background-attachment":"scroll","background-type":"","background-media":"","overlay-type":"","overlay-color":"","overlay-opacity":"","overlay-gradient":""},"tablet":{"background-color":"var(--ast-global-color-5)","background-image":"","background-repeat":"repeat","background-position":"center center","background-size":"auto","background-attachment":"scroll","background-type":"","background-media":"","overlay-type":"","overlay-color":"","overlay-opacity":"","overlay-gradient":""},"mobile":{"background-color":"var(--ast-global-color-5)","background-image":"","background-repeat":"repeat","background-position":"center center","background-size":"auto","background-attachment":"scroll","background-type":"","background-media":"","overlay-type":"","overlay-color":"","overlay-opacity":"","overlay-gradient":""}},"footnotes":""},"categories":[8],"tags":[],"class_list":["post-73224","post","type-post","status-publish","format-standard","has-post-thumbnail","hentry","category-noticias"],"_links":{"self":[{"href":"https:\/\/losperiodistas.com.mx\/portal\/wp-json\/wp\/v2\/posts\/73224","targetHints":{"allow":["GET"]}}],"collection":[{"href":"https:\/\/losperiodistas.com.mx\/portal\/wp-json\/wp\/v2\/posts"}],"about":[{"href":"https:\/\/losperiodistas.com.mx\/portal\/wp-json\/wp\/v2\/types\/post"}],"author":[{"embeddable":true,"href":"https:\/\/losperiodistas.com.mx\/portal\/wp-json\/wp\/v2\/users\/1"}],"replies":[{"embeddable":true,"href":"https:\/\/losperiodistas.com.mx\/portal\/wp-json\/wp\/v2\/comments?post=73224"}],"version-history":[{"count":1,"href":"https:\/\/losperiodistas.com.mx\/portal\/wp-json\/wp\/v2\/posts\/73224\/revisions"}],"predecessor-version":[{"id":73228,"href":"https:\/\/losperiodistas.com.mx\/portal\/wp-json\/wp\/v2\/posts\/73224\/revisions\/73228"}],"wp:featuredmedia":[{"embeddable":true,"href":"https:\/\/losperiodistas.com.mx\/portal\/wp-json\/wp\/v2\/media\/73227"}],"wp:attachment":[{"href":"https:\/\/losperiodistas.com.mx\/portal\/wp-json\/wp\/v2\/media?parent=73224"}],"wp:term":[{"taxonomy":"category","embeddable":true,"href":"https:\/\/losperiodistas.com.mx\/portal\/wp-json\/wp\/v2\/categories?post=73224"},{"taxonomy":"post_tag","embeddable":true,"href":"https:\/\/losperiodistas.com.mx\/portal\/wp-json\/wp\/v2\/tags?post=73224"}],"curies":[{"name":"wp","href":"https:\/\/api.w.org\/{rel}","templated":true}]}}