{"id":73221,"date":"2024-04-27T17:29:22","date_gmt":"2024-04-27T22:29:22","guid":{"rendered":"https:\/\/losperiodistas.com.mx\/portal\/?p=73221"},"modified":"2024-04-27T17:29:24","modified_gmt":"2024-04-27T22:29:24","slug":"ruanda-los-hijos-del-genocidio-xl-semanal","status":"publish","type":"post","link":"https:\/\/losperiodistas.com.mx\/portal\/ruanda-los-hijos-del-genocidio-xl-semanal\/","title":{"rendered":"Ruanda, los hijos del genocidio | XL Semanal"},"content":{"rendered":"\n<p class=\"has-white-color has-text-color has-background has-medium-font-size\" style=\"background-color:#9e3f6f\">Son los \u00abhijos de los asesinos\u00bb. As\u00ed los llaman en Ruanda. Sus propios parientes incluso. M\u00e1s de 20.000 ni\u00f1os nacidos de mujeres violadas por las milicias hutus durante el genocidio de 1994 se han hecho mayores. Un fot\u00f3grafo israel\u00ed recogi\u00f3 sus historias en plena infancia, cuando todav\u00eda ignoraban de d\u00f3nde proced\u00edan. Ahora ya lo saben. Proceden del horror. El que han logrado combatir sus madres.<\/p>\n\n\n\n<figure class=\"wp-block-image size-large\"><img fetchpriority=\"high\" decoding=\"async\" width=\"1024\" height=\"632\" src=\"https:\/\/losperiodistas.com.mx\/portal\/wp-content\/uploads\/2024\/04\/ruanda-genocidio-hijos-mujeres-violadas-milicias-hutus-1024x632.jpeg\" alt=\"\" class=\"wp-image-73222\" srcset=\"https:\/\/losperiodistas.com.mx\/portal\/wp-content\/uploads\/2024\/04\/ruanda-genocidio-hijos-mujeres-violadas-milicias-hutus-1024x632.jpeg 1024w, https:\/\/losperiodistas.com.mx\/portal\/wp-content\/uploads\/2024\/04\/ruanda-genocidio-hijos-mujeres-violadas-milicias-hutus-300x185.jpeg 300w, https:\/\/losperiodistas.com.mx\/portal\/wp-content\/uploads\/2024\/04\/ruanda-genocidio-hijos-mujeres-violadas-milicias-hutus-768x474.jpeg 768w, https:\/\/losperiodistas.com.mx\/portal\/wp-content\/uploads\/2024\/04\/ruanda-genocidio-hijos-mujeres-violadas-milicias-hutus-1536x948.jpeg 1536w, https:\/\/losperiodistas.com.mx\/portal\/wp-content\/uploads\/2024\/04\/ruanda-genocidio-hijos-mujeres-violadas-milicias-hutus.jpeg 1920w\" sizes=\"(max-width: 1024px) 100vw, 1024px\" \/><\/figure>\n\n\n\n<p><\/p>\n\n\n\n<p class=\"has-vivid-red-color has-text-color has-medium-font-size\"><a><strong>FOTOS Y ENTREVISTAS: JONATHAN TORGOVNIK | TEXTO: FERNANDO GOITIA<\/strong><\/a><strong> \/ XL Semanal<\/strong><\/p>\n\n\n\n<p>Cuando mi madre me cont\u00f3 c\u00f3mo fue violada, sent\u00ed que algo me perforaba el coraz\u00f3n. Mi padre fue un violador y un asesino\u00bb. Faustin ten\u00eda 13 a\u00f1os cuando supo por qu\u00e9 sus compa\u00f1eros de colegio, sus vecinos, su propio t\u00edo, lo llamaban \u00abhijo de los\u00a0asesinos\u00bb. Se lo revel\u00f3 su madre, Bernadette. \u00abTarde o temprano ten\u00eda que contarle la verdad \u2013dice\u2013. Fue duro, pero liberador\u00bb.<\/p>\n\n\n\n<p>La historia de Faustin y Bernadette se replica por toda Ruanda, una diminuta naci\u00f3n centroafricana a la que pocos prestaron atenci\u00f3n hasta 1994. Entre abril y junio de aquel a\u00f1o, en apenas 100 d\u00edas, m\u00e1s de 800.000 personas fueron asesinadas y miles de mujeres violadas durante el genocidio de la poblaci\u00f3n tutsi alentado por el Gobierno hutu.<\/p>\n\n\n\n<p>Pasados 28 a\u00f1os, el pa\u00eds presume de ser uno de los m\u00e1s seguros, estables y con s\u00f3lido crecimiento econ\u00f3mico de \u00c1frica, pero muchas de las heridas que dej\u00f3 aquel horror siguen abiertas. Supurantes incluso, como las que sufren m\u00e1s de 20.000 ni\u00f1os, fruto de las violaciones masivas, y sus madres, la mayor\u00eda contagiadas de sida por sus agresores.<\/p>\n\n\n\n<h2 class=\"wp-block-heading\">Muchas fueron violadas por sus vecinos; solo unas pocas llegaron a declarar contra ellos<\/h2>\n\n\n\n<p>Cargan secuelas f\u00edsicas de las violaciones y sobre todo traumas severos, incurables, con los que conviven, casi todas, despreciadas por parientes y vecinos, un factor que redobla el dolor, la verg\u00fcenza de sentirse, en parte, tambi\u00e9n culpables.<\/p>\n\n\n\n<p>Insultos, mentiras y exageraciones llevan a\u00f1os ti\u00f1endo los d\u00edas de Bernadette, violada por un hutu de su propio vecindario contra el que testific\u00f3 ante un tribunal y a quien perdon\u00f3 tras salir de prisi\u00f3n. \u00abEn mi comunidad, alguien se dedic\u00f3 a propagar por ah\u00ed que los Interahamwe (&#8216;los que atacan juntos&#8217;, en bant\u00fa; sanguinarias milicias hutus) me dejaron atada a un \u00e1rbol y que un mont\u00f3n de hombres fueron pasando para violarme\u00bb, cuenta Bernadette, cuyo hijo se neg\u00f3 a conocer a su padre, hoy desterrado de su comunidad.<\/p>\n\n\n\n<p>Testimonios como los de Bernadette y Faustin han sido recogidos por el fot\u00f3grafo israel\u00ed Jonathan Torgovnik como parte de su proyecto Disclosure (&#8216;Revelaci\u00f3n&#8217;), respaldado por el Pulitzer Center for Crisis Reporting, para denunciar el uso de la violaci\u00f3n como arma de guerra y sus consecuencias. El t\u00edtulo alude al momento en que una madre se decide al fin a revelarle a su hijo la verdad sobre su origen.<\/p>\n\n\n\n<p>\u00abViaj\u00e9 a Ruanda por primera vez en 2006, preparando un reportaje para&nbsp;<em>Newsweek<\/em>&nbsp;sobre VIH \u2013cuenta Torgovnik\u2013. Y all\u00ed conoc\u00ed a Odette\u00bb. Esta mujer, infectada con sida durante el genocidio, le cont\u00f3 historias terribles que nunca hab\u00eda compartido con nadie y que cambiaron para siempre la vida del reportero.<\/p>\n\n\n\n<h2 class=\"wp-block-heading\">\u00abEstas mujeres son los seres humanos m\u00e1s fuertes con los que me he topado jam\u00e1s\u00bb, dice Torgovnik<\/h2>\n\n\n\n<p>\u00abMe describi\u00f3 con detalle el asesinato de toda su familia y las m\u00faltiples violaciones que sufri\u00f3 \u2013prosigue Torgovnik\u2013. Se qued\u00f3 embarazada y tuvo a su hijo Martin. Tras escuchar su testimonio, decid\u00ed documentar las historias de las mujeres como Odette y mostr\u00e1rselas al mundo\u00bb. El fot\u00f3grafo israel\u00ed empez\u00f3 as\u00ed a retratar y a escuchar a madres violadas por los Interahamwe y a sus hijos, entonces con 11 o 12 a\u00f1os, y comenz\u00f3 a divulgar sus casos.<\/p>\n\n\n\n<p>A\u00f1os despu\u00e9s, ha visitado de nuevo a aquellas madres y sus hijos, hoy veintea\u00f1eros, para ver qu\u00e9 ha pasado con ellos. Descubri\u00f3 que tras aquel primer viaje de 2006 su vida no era la \u00fanica que hab\u00eda cambiado. \u00abHablar con usted me cur\u00f3 \u2013le confes\u00f3 Odette\u2013. Fue como vomitar todas las cosas malas que sent\u00eda hacia los hombres. Ahora estoy casada, tengo trabajo y otra hija\u00bb.<\/p>\n\n\n\n<p>Muchas mujeres como ella sienten que sus vidas han mejorado. A ello ha contribuido la ONG Foundation Rwanda (www.foundationrwanda.org), con educaci\u00f3n para sus hijos y atenci\u00f3n sanitaria y psicol\u00f3gica para las madres. \u00abEstas mujeres son los seres humanos m\u00e1s fuertes con los que me he topado jam\u00e1s\u00bb, sentencia Torgovnik, su fundador.<\/p>\n\n\n\n<h2 class=\"wp-block-heading\">Sus historias<\/h2>\n\n\n\n<figure class=\"wp-block-image\"><img decoding=\"async\" src=\"https:\/\/www.abc.es\/xlsemanal\/wp-content\/uploads\/sites\/5\/2022\/07\/ruanda-genocidio-hijos-mujeres-violadas-milicias-hutus-2.jpg\" alt=\"alternative text\"\/><\/figure>\n\n\n\n<p>JUSTIN Y ALICE<\/p>\n\n\n\n<h3 class=\"wp-block-heading\">\u00abNo s\u00e9 qui\u00e9n es tu padre, porque me violaron muchos hombres, y despu\u00e9s naciste t\u00fa\u00bb<\/h3>\n\n\n\n<p>\u00bfQui\u00e9n es mi padre? Esta pregunta taladr\u00f3 los o\u00eddos de Justin durante 23 a\u00f1os. Alice, su hija, se la repiti\u00f3 hasta el hast\u00edo. \u00abNunca quiso responderme\u00bb. Hasta el d\u00eda en que, hace un a\u00f1o, la madre regres\u00f3 a casa, la llev\u00f3 a su habitaci\u00f3n y le pidi\u00f3 que se sentara. \u00abHija, he estado asistiendo a unas sesiones con mujeres violadas durante el genocidio y quiero contarte lo que llevo a\u00f1os evitando \u2013le lanz\u00f3\u2013. Fui violada durante aquellos d\u00edas y despu\u00e9s naciste t\u00fa. No tengo idea de qui\u00e9n es tu padre, porque me violaron muchos hombres\u00bb. Ambas mujeres se miraron en silencio. Alice, en estado de&nbsp;<em>shock;<\/em>&nbsp;Justin, preocupada por su hija, pero aliviada, como si se hubiera despojado de una piedra de cien kilos. \u00abDese\u00e9 que me hiciera m\u00e1s preguntas, pero se qued\u00f3 callada \u2013rememora Justin, la madre\u2013. Todav\u00eda no le hab\u00eda contado que tengo sida\u00bb. Sumida en su mutismo, la mente de Alice record\u00f3 a las mujeres violadas que hab\u00eda visto en documentales sobre el genocidio y las lecciones de historia en el colegio. \u00abEntre lo que me acababa de contar y lo que ya sab\u00eda ten\u00eda suficiente \u2013contrasta la hija\u2013. Desde aquel d\u00eda hablamos con m\u00e1s libertad. Ya no hay nada que esconder\u00bb.<\/p>\n\n\n\n<figure class=\"wp-block-image\"><img decoding=\"async\" src=\"https:\/\/www.abc.es\/xlsemanal\/wp-content\/uploads\/sites\/5\/2022\/07\/ruanda-genocidio-hijos-mujeres-violadas-milicias-hutus-3.jpg\" alt=\"alternative text\"\/><\/figure>\n\n\n\n<p>YVETTE E ISAAC<\/p>\n\n\n\n<h3 class=\"wp-block-heading\">\u00abSaber de qui\u00e9n era hijo me afect\u00f3 mucho, pero tuve que aceptar la realidad\u00bb<\/h3>\n\n\n\n<p>Durante 16 a\u00f1os, Isaac crey\u00f3 que su padre estaba muerto. Es lo que le dec\u00eda su madre. As\u00ed que no entend\u00eda por qu\u00e9 sus t\u00edos lo llamaban \u00abhijo de asesinos\u00bb. \u00abEstaba traumatizado; iba mal en la escuela, no se aceptaba&#8230;\u00bb, revela Yvette, la madre. Un d\u00eda, al fin, le cont\u00f3 la verdad. Hab\u00eda sido violada por tres hombres nueve meses antes de que \u00e9l viniera al mundo. \u00abDesde que conoce la verdad \u2013cuenta Yvette\u2013, es m\u00e1s responsable y trabaja duro mirando al futuro\u00bb. Saberse hijo de un asesino violador fue, sin embargo, un choque brutal para Isaac. \u00abMe afect\u00f3 mucho \u2013admite\u2013, pero tuve que aceptar la realidad. Ahora aprecio todos los sacrificios que mi madre hizo por m\u00ed\u00bb. Como \u00abhijo del genocidio\u00bb, de madre tutsi y padre hutu, Isaac reniega de esta distinci\u00f3n \u00e9tnico-social atribuida por muchos al colonialismo belga. \u00abNo soy ni hutu ni tutsi. Yo soy ruand\u00e9s\u00bb, proclama. Sentimiento que su madre, infectada de sida por sus violadores y v\u00edctima directa del odio y la violencia, le inculc\u00f3 desde ni\u00f1o. \u00abSiempre le dije que fuera respetuoso con los dem\u00e1s, que amara al pr\u00f3jimo y que no odiara a nadie \u2013dice Yvette, puro orgullo\u2013. Es un chico de pocas palabras, pero ha seguido ese camino\u00bb.<\/p>\n\n\n\n<figure class=\"wp-block-image\"><img decoding=\"async\" src=\"https:\/\/www.abc.es\/xlsemanal\/wp-content\/uploads\/sites\/5\/2022\/07\/ruanda-genocidio-hijos-mujeres-violadas-milicias-hutus-4.jpg\" alt=\"alternative text\"\/><\/figure>\n\n\n\n<p>ISABELLE Y JEAN-PAUL<\/p>\n\n\n\n<h3 class=\"wp-block-heading\">\u00abRespeto mucho a las mujeres. S\u00e9 lo que es capaz de luchar una madre\u00bb<\/h3>\n\n\n\n<p>La mente de Isabelle bulle al observar la foto que Torgovnik le tom\u00f3 con su hijo cuando era un ni\u00f1o. \u00abMi vida era miserable, estaba traumatizada; cada vez que miraba a mi hijo, todo volv\u00eda a mi cabeza. Ahora soy m\u00e1s fuerte y feliz por haber tenido a Jean-Paul. \u00c9l da sentido a mi vida. Ya no siento que hubiera sido mejor haber muerto\u00bb. Este sentimiento, hoy un residuo en su memoria, la persigui\u00f3 desde que vecinos y parientes descubrieron su embarazo. \u00ab&#8217;\u00bfC\u00f3mo vas a dar a luz a un beb\u00e9 sin padre?&#8217;, me dijeron primero. Despu\u00e9s supieron que el padre era uno de los asesinos \u2013cuenta\u2013. As\u00ed que nunca pude hablar con nadie sobre ello\u00bb. Tard\u00f3 19 a\u00f1os en cont\u00e1rselo todo a su hijo. \u00abLe dije que me violaron varios hombres, que despu\u00e9s huyeron al Congo y que no s\u00e9 qui\u00e9n es su padre\u00bb. Conocer la verdad despert\u00f3 en Jean-Paul un sentimiento protector hacia Isabelle. \u00abLa admiro, s\u00e9 bien lo que es capaz de luchar una madre \u2013dice\u2013. Cuando tenga hijos, los educar\u00e9 con amor\u00bb. En su proceso personal valora sus encuentros con otros chicos como \u00e9l, promovidos por la Foundation Rwanda. \u00abMe ayudaron a lidiar con mi situaci\u00f3n\u00bb, comenta Jean-Paul, que se siente tutsi, como su madre.<\/p>\n\n\n\n<figure class=\"wp-block-image\"><img decoding=\"async\" src=\"https:\/\/www.abc.es\/xlsemanal\/wp-content\/uploads\/sites\/5\/2022\/07\/ruanda-genocidio-hijos-mujeres-violadas-milicias-hutus-5.jpg\" alt=\"alternative text\"\/><\/figure>\n\n\n\n<p>ANNET Y PETER<\/p>\n\n\n\n<h3 class=\"wp-block-heading\">\u00abHoy soy feliz, ayudo a otras mujeres, mi marido quiere a mi hijo, aunque no sea suyo\u00bb<\/h3>\n\n\n\n<p>En 2006, el fot\u00f3grafo Jonathan Torgovnik retrat\u00f3 a Annet y a su hijo Peter en Kibuye, un enclave tur\u00edstico en el lago Kivu. El ni\u00f1o, de 12 a\u00f1os, no sab\u00eda entonces que su madre hab\u00eda sido violada por un miliciano hutu en este id\u00edlico entorno durante el genocidio de 1994, cuando el 90 por ciento de los tutsis de la ciudad fueron asesinados. Annet se lo cont\u00f3 despu\u00e9s de su primer encuentro con Torgovnik. \u00abCompartir mi historia con un extranjero me liber\u00f3 \u2013revela Annet\u2013. Hoy soy feliz, ayudo a otras mujeres, mi marido quiere a mi hijo, aunque no sea suyo, y Peter estudia Ingenier\u00eda en la universidad\u00bb.<\/p>\n\n\n\n<p>Fuente: <a href=\"https:\/\/www.abc.es\/xlsemanal\/a-fondo\/ruanda-los-hijos-del-genocidio-fotos-ok-texto-ok-seo-ok.html\">https:\/\/www.abc.es\/xlsemanal\/a-fondo\/ruanda-los-hijos-del-genocidio-fotos-ok-texto-ok-seo-ok.html<\/a><\/p>\n","protected":false},"excerpt":{"rendered":"<p>Son los \u00abhijos de los asesinos\u00bb. As\u00ed los llaman en Ruanda. Sus propios parientes incluso. M\u00e1s de 20.000 ni\u00f1os nacidos [&hellip;]<\/p>\n","protected":false},"author":1,"featured_media":73222,"comment_status":"open","ping_status":"open","sticky":false,"template":"","format":"standard","meta":{"site-sidebar-layout":"default","site-content-layout":"","ast-site-content-layout":"default","site-content-style":"default","site-sidebar-style":"default","ast-global-header-display":"","ast-banner-title-visibility":"","ast-main-header-display":"","ast-hfb-above-header-display":"","ast-hfb-below-header-display":"","ast-hfb-mobile-header-display":"","site-post-title":"","ast-breadcrumbs-content":"","ast-featured-img":"","footer-sml-layout":"","theme-transparent-header-meta":"","adv-header-id-meta":"","stick-header-meta":"","header-above-stick-meta":"","header-main-stick-meta":"","header-below-stick-meta":"","astra-migrate-meta-layouts":"default","ast-page-background-enabled":"default","ast-page-background-meta":{"desktop":{"background-color":"var(--ast-global-color-4)","background-image":"","background-repeat":"repeat","background-position":"center center","background-size":"auto","background-attachment":"scroll","background-type":"","background-media":"","overlay-type":"","overlay-color":"","overlay-opacity":"","overlay-gradient":""},"tablet":{"background-color":"","background-image":"","background-repeat":"repeat","background-position":"center center","background-size":"auto","background-attachment":"scroll","background-type":"","background-media":"","overlay-type":"","overlay-color":"","overlay-opacity":"","overlay-gradient":""},"mobile":{"background-color":"","background-image":"","background-repeat":"repeat","background-position":"center center","background-size":"auto","background-attachment":"scroll","background-type":"","background-media":"","overlay-type":"","overlay-color":"","overlay-opacity":"","overlay-gradient":""}},"ast-content-background-meta":{"desktop":{"background-color":"var(--ast-global-color-5)","background-image":"","background-repeat":"repeat","background-position":"center center","background-size":"auto","background-attachment":"scroll","background-type":"","background-media":"","overlay-type":"","overlay-color":"","overlay-opacity":"","overlay-gradient":""},"tablet":{"background-color":"var(--ast-global-color-5)","background-image":"","background-repeat":"repeat","background-position":"center center","background-size":"auto","background-attachment":"scroll","background-type":"","background-media":"","overlay-type":"","overlay-color":"","overlay-opacity":"","overlay-gradient":""},"mobile":{"background-color":"var(--ast-global-color-5)","background-image":"","background-repeat":"repeat","background-position":"center center","background-size":"auto","background-attachment":"scroll","background-type":"","background-media":"","overlay-type":"","overlay-color":"","overlay-opacity":"","overlay-gradient":""}},"footnotes":""},"categories":[8],"tags":[24525,24523,24524,24522],"class_list":["post-73221","post","type-post","status-publish","format-standard","has-post-thumbnail","hentry","category-noticias","tag-hijos-de-los-asesinos","tag-milicias-hutus","tag-mujeres-viladas","tag-ruanbda"],"_links":{"self":[{"href":"https:\/\/losperiodistas.com.mx\/portal\/wp-json\/wp\/v2\/posts\/73221","targetHints":{"allow":["GET"]}}],"collection":[{"href":"https:\/\/losperiodistas.com.mx\/portal\/wp-json\/wp\/v2\/posts"}],"about":[{"href":"https:\/\/losperiodistas.com.mx\/portal\/wp-json\/wp\/v2\/types\/post"}],"author":[{"embeddable":true,"href":"https:\/\/losperiodistas.com.mx\/portal\/wp-json\/wp\/v2\/users\/1"}],"replies":[{"embeddable":true,"href":"https:\/\/losperiodistas.com.mx\/portal\/wp-json\/wp\/v2\/comments?post=73221"}],"version-history":[{"count":1,"href":"https:\/\/losperiodistas.com.mx\/portal\/wp-json\/wp\/v2\/posts\/73221\/revisions"}],"predecessor-version":[{"id":73223,"href":"https:\/\/losperiodistas.com.mx\/portal\/wp-json\/wp\/v2\/posts\/73221\/revisions\/73223"}],"wp:featuredmedia":[{"embeddable":true,"href":"https:\/\/losperiodistas.com.mx\/portal\/wp-json\/wp\/v2\/media\/73222"}],"wp:attachment":[{"href":"https:\/\/losperiodistas.com.mx\/portal\/wp-json\/wp\/v2\/media?parent=73221"}],"wp:term":[{"taxonomy":"category","embeddable":true,"href":"https:\/\/losperiodistas.com.mx\/portal\/wp-json\/wp\/v2\/categories?post=73221"},{"taxonomy":"post_tag","embeddable":true,"href":"https:\/\/losperiodistas.com.mx\/portal\/wp-json\/wp\/v2\/tags?post=73221"}],"curies":[{"name":"wp","href":"https:\/\/api.w.org\/{rel}","templated":true}]}}