{"id":73215,"date":"2024-04-27T17:14:33","date_gmt":"2024-04-27T22:14:33","guid":{"rendered":"https:\/\/losperiodistas.com.mx\/portal\/?p=73215"},"modified":"2024-04-27T17:14:36","modified_gmt":"2024-04-27T22:14:36","slug":"josefina-vazquez-mota-estas-pueden-ser-las-ultimas-elecciones-democraticas-de-nuestra-vida-el-pais","status":"publish","type":"post","link":"https:\/\/losperiodistas.com.mx\/portal\/josefina-vazquez-mota-estas-pueden-ser-las-ultimas-elecciones-democraticas-de-nuestra-vida-el-pais\/","title":{"rendered":"Josefina V\u00e1zquez Mota: \u201cEstas pueden ser las \u00faltimas elecciones democr\u00e1ticas de nuestra vida\u201d | El Pa\u00eds"},"content":{"rendered":"\n<h2 class=\"has-medium-font-size wp-block-heading\">La senadora repasa su experiencia como candidata presidencial, habla del machismo en la pol\u00edtica y asegura que hay elementos para creer en el triunfo de X\u00f3chitl G\u00e1lvez, a d\u00edas del segundo debate<\/h2>\n\n\n\n<figure class=\"wp-block-image size-large\"><img fetchpriority=\"high\" decoding=\"async\" width=\"1024\" height=\"683\" src=\"https:\/\/losperiodistas.com.mx\/portal\/wp-content\/uploads\/2024\/04\/Captura-de-Pantalla-2024-04-27-a-las-16.09.23-1024x683.jpg\" alt=\"\" class=\"wp-image-73216\" srcset=\"https:\/\/losperiodistas.com.mx\/portal\/wp-content\/uploads\/2024\/04\/Captura-de-Pantalla-2024-04-27-a-las-16.09.23-1024x683.jpg 1024w, https:\/\/losperiodistas.com.mx\/portal\/wp-content\/uploads\/2024\/04\/Captura-de-Pantalla-2024-04-27-a-las-16.09.23-300x200.jpg 300w, https:\/\/losperiodistas.com.mx\/portal\/wp-content\/uploads\/2024\/04\/Captura-de-Pantalla-2024-04-27-a-las-16.09.23-768x512.jpg 768w, https:\/\/losperiodistas.com.mx\/portal\/wp-content\/uploads\/2024\/04\/Captura-de-Pantalla-2024-04-27-a-las-16.09.23-1536x1025.jpg 1536w, https:\/\/losperiodistas.com.mx\/portal\/wp-content\/uploads\/2024\/04\/Captura-de-Pantalla-2024-04-27-a-las-16.09.23-2048x1367.jpg 2048w\" sizes=\"(max-width: 1024px) 100vw, 1024px\" \/><figcaption>Josefina V\u00e1zquez Mota en el Senado de la Rep\u00fablica.GLADYS SERRANO<\/figcaption><\/figure>\n\n\n\n<p><a href=\"https:\/\/elpais.com\/autor\/elias-farid-camhaji-mascorro\/#?rel=author_top\">EL\u00cdAS CAMHAJI<\/a> \/ El Pa\u00eds<\/p>\n\n\n\n<p>Hasta hace unos meses, su futuro pol\u00edtico era una inc\u00f3gnita.&nbsp;<a href=\"https:\/\/elpais.com\/mexico\/elecciones-mexicanas\/2024-01-19\/xochitl-galvez-quien-es-quien-en-el-equipo-de-campana-de-fuerza-y-corazon-por-mexico.html\">Josefina V\u00e1zquez Mota<\/a>&nbsp;(Ciudad de M\u00e9xico, 1961), la primera mujer en hacerse con la candidatura presidencial del Partido Acci\u00f3n Nacional (PAN), se inclinaba en un inicio por poner punto final a m\u00e1s de tres d\u00e9cadas de trayectoria, recoger la colecci\u00f3n de Mafalda que decora su oficina en el Senado e irse a disfrutar de sus tres nietas. En 2022, la legisladora dio a conocer que padec\u00eda una enfermedad rara, el s\u00edndrome de Sudeck, un padecimiento producido por una alteraci\u00f3n del sistema nervioso. \u201cEste desaf\u00edo de salud me tuvo entre la vida y la muerte, recib\u00ed una segunda oportunidad\u201d, revela en entrevista.<\/p>\n\n\n\n<p>Hab\u00eda que ponderar los temas personales, pero tambi\u00e9n c\u00f3mo se delineaba el panorama electoral. Morena, el partido de&nbsp;<a href=\"https:\/\/elpais.com\/mexico\/elecciones-mexicanas\/2024-04-15\/lopez-obrador-anuncia-una-gira-tras-las-elecciones-voy-a-recorrer-todo-el-pais-antes-de-entregar-la-banda-presidencial.html\">Andr\u00e9s Manuel L\u00f3pez Obrador<\/a>, hab\u00eda afinado las tuercas de su maquinaria y adelantado que, adem\u00e1s de la presidencia, iba a ir por el \u201ccarro completo\u201d del Congreso y las nueve gubernaturas en disputa, el llamado plan C.&nbsp;<a href=\"https:\/\/elpais.com\/mexico\/2024-04-23\/que-sera-de-xochitl.html\">X\u00f3chitl G\u00e1lvez<\/a>, su amiga desde hace 30 a\u00f1os, hab\u00eda ganado la postulaci\u00f3n del frente opositor y la c\u00fapula panista buscaba rostros conocidos para contrarrestar la estrategia de sus rivales. Bast\u00f3 una llamada para que V\u00e1zquez Mota apareciera una semana m\u00e1s tarde en las listas del PAN a la C\u00e1mara de Diputados, contendiendo por un esca\u00f1o de mayor\u00eda relativa en Huixquilucan, Estado de M\u00e9xico. Ahora, alterna esa responsabilidad con el Senado y un cargo en la campa\u00f1a de G\u00e1lvez.<\/p>\n\n\n\n<p>Es mi\u00e9rcoles por la tarde. La anticipaci\u00f3n por el segundo debate presidencial del pr\u00f3ximo domingo es omnipresente en la C\u00e1mara alta y s\u00f3lo se ve interrumpida por el esc\u00e1ndalo del d\u00eda: el sacrificio ritual de una gallina promovido por un senador de Morena en pleno recinto legislativo. \u201cUn debate presidencial implica much\u00edsimas presiones, la parte an\u00edmica es importante y tambi\u00e9n suele haber demasiados consejeros\u201d, dice sobre el cara a cara en puerta. \u201cEs como cuando juega la selecci\u00f3n mexicana, todo mundo se vuelve entrenador, todos te cuestionan por qu\u00e9 no hiciste esto o aquello\u201d, cuenta. S\u00f3lo cinco mujeres en M\u00e9xico saben lo que significa pararse en un debate por la presidencia. En esta campa\u00f1a, las miradas estar\u00e1n puestas en dos candidatas: la oficialista&nbsp;<a href=\"https:\/\/elpais.com\/mexico\/elecciones-mexicanas\/2024-04-22\/hombres-enmascarados-detienen-el-coche-de-sheinbaum-en-chiapas-y-le-piden-ayuda-con-la-inseguridad.html\">Claudia Sheinbaum<\/a>&nbsp;y la opositora G\u00e1lvez. \u201cX\u00f3chitl no necesita consejos, si hace lo que declar\u00f3 en la nota de EL PA\u00cdS [\u2019<a href=\"https:\/\/elpais.com\/mexico\/elecciones-mexicanas\/2024-04-18\/xochitl-galvez-anuncia-cambios-en-su-estrategia-de-campana-voy-al-mandar-al-carajo-muchas-cosas.html\">Voy a ser yo y si me quieren como soy, adelante<\/a>\u2019], me encanta, siempre ha sido una mujer echada para adelante\u201d, agrega. Esta es una versi\u00f3n condensada de la conversaci\u00f3n.<\/p>\n\n\n\n<p><strong>Pregunta.&nbsp;<\/strong>Estamos a poco m\u00e1s de un mes de las elecciones. \u00bfQu\u00e9 sensaciones le ha dejado esta campa\u00f1a?<\/p>\n\n\n\n<p><strong>Respuesta.&nbsp;<\/strong>Es una campa\u00f1a, primero, muy particular, porque se da fundamentalmente entre dos mujeres, que es algo que nunca hab\u00edamos vivido en la historia de nuestro pa\u00eds. En nuestro caso, tenemos una candidata con una historia de vida \u00fanica, inspiradora, una mujer que viene de una comunidad ind\u00edgena y que lejos de negar su identidad y sus or\u00edgenes, los pone por delante. Tenemos por primera vez en la boleta de la presidencia, una mujer con esta historia de vida, valiente y que decidi\u00f3 dar un paso al frente en un momento decisivo de la historia de nuestro pa\u00eds.<\/p>\n\n\n\n<p>En segundo lugar, porque esta es una elecci\u00f3n evidentemente de Estado. El coordinador de la campa\u00f1a de la candidata oficial vive en Palacio Nacional y desde ah\u00ed casi todos los d\u00edas viola la ley electoral flagrantemente. Ha tenido recurrentes llamados de atenci\u00f3n para respetar la ley y lejos de eso, vemos que la violaci\u00f3n a las leyes es cada d\u00eda mayor. Desde Palacio Nacional no solamente se ha construido la mayor f\u00e1brica de odio y de polarizaci\u00f3n del pa\u00eds, sino tambi\u00e9n la mayor f\u00e1brica de ataques a nuestra candidata.<\/p>\n\n\n\n<p><strong>P.&nbsp;<\/strong>\u00bfC\u00f3mo va el marcador?<\/p>\n\n\n\n<p><strong>R.&nbsp;<\/strong>Estoy viendo un fen\u00f3meno muy interesante, que es dif\u00edcil de reflejar en el com\u00fan de&nbsp;<a href=\"https:\/\/elpais.com\/mexico\/elecciones-mexicanas\/2024-04-23\/sheinbaum-mantiene-su-petrea-ventaja-galvez-no-avanza-y-maynez-sube-escalon-a-escalon.html\">las encuestas<\/a>. De unas semanas a la fecha, lo que yo observo caminando mi distrito y en el resto del pa\u00eds es un quiebre en el \u00e1nimo de grandes sectores de la poblaci\u00f3n y en otros un reforzamiento a favor de X\u00f3chitl G\u00e1lvez. Cada vez hay m\u00e1s expresiones de que se puede ganar, de que vamos a ganar y hay esperanza, un aliento real de que esto es posible. Estos son los quiebres que marcan de manera determinante el futuro de una elecci\u00f3n. Hay varias etapas y cada elecci\u00f3n es diferente, pero creo que estamos en ese momento y que no soy la \u00fanica. Creer que es posible ganar genera un \u00e1nimo que hace que todo cambie en las campa\u00f1as.<\/p>\n\n\n\n<p><strong>P.<\/strong>&nbsp;\u00bfCu\u00e1nto han cambiado las cosas desde que usted&nbsp;<a href=\"https:\/\/elpais.com\/internacional\/2012\/02\/06\/actualidad\/1328497439_946357.html\">se postul\u00f3 a la presidencia en 2012<\/a>?<\/p>\n\n\n\n<p><strong>R.&nbsp;<\/strong>La pregunta que m\u00e1s me acompa\u00f1\u00f3 en la campa\u00f1a presidencial fue si M\u00e9xico estaba preparado para una mujer presidenta. M\u00e1s que una pregunta era una descalificaci\u00f3n y as\u00ed lo veo a la distancia. Nunca se le cuestion\u00f3 a un hombre si M\u00e9xico estaba preparado para tener a un hombre en una regidur\u00eda o una alcald\u00eda, menos en la presidencia.<\/p>\n\n\n\n<p><strong>P.&nbsp;<\/strong>Hay dos mujeres con posibilidades de ganar. \u00bfPor qu\u00e9 esto no hab\u00eda pasado antes?<\/p>\n\n\n\n<p><strong>R.&nbsp;<\/strong>Porque venimos de una cultura patriarcal y machista. Todav\u00eda hoy, no obstante la ley de paridad, que aplaudo y celebro, las posiciones de toma de decisi\u00f3n, en su gran mayor\u00eda, siguen estando en manos de hombres. Aun teniendo gabinetes paritarios, muchas de las posiciones donde est\u00e1 el poder real no est\u00e1n en manos de mujeres.<\/p>\n\n\n\n<p>\u201cSiempre tuve al PRI y al PRD como adversarios, pero tambi\u00e9n entiendo el momento que estamos enfrentando como pa\u00eds\u201d, afirma cuando se le cuestiona sobre el hecho de que el PAN y el Partido Revolucionario Institucional (PRI) compitan juntos por primera vez en una elecci\u00f3n presidencial. Ella defiende que, como G\u00e1lvez, lleg\u00f3 como secretaria de Desarrollo Social al Gobierno de Vicente Fox (2000-2006) sin tener militancia panista y se define como una pol\u00edtica que \u201ccree en la interlocuci\u00f3n y el di\u00e1logo, aunque eso no est\u00e9 muy de moda hoy\u201d.<\/p>\n\n\n\n<p>La legisladora repasa las \u00faltimas batallas en el Congreso, como&nbsp;<a href=\"https:\/\/elpais.com\/mexico\/2024-04-25\/el-congreso-aprueba-la-reforma-que-amplia-la-facultad-del-presidente-para-perdonar-todo-tipo-de-delito.html\">la ley de amnist\u00eda<\/a>, la pelea por el&nbsp;<a href=\"https:\/\/elpais.com\/mexico\/2024-04-12\/el-poder-judicial-inicia-una-investigacion-contra-arturo-zaldivar-por-presunta-coaccion-a-jueces.html\">Poder Judicial&nbsp;<\/a>o las modificaciones en materia de amparo y denuncia \u201cse\u00f1ales y decisiones que abonan al autoritarismo\u201d, un mensaje central en la campa\u00f1a de la oposici\u00f3n. \u201cEstas pueden ser las \u00faltimas elecciones democr\u00e1ticas de nuestra vida, si no participamos y vamos a votar, no lo estoy diciendo desde un punto de vista meramente partidista\u201d, se\u00f1ala, al advertir \u201cla acumulaci\u00f3n de poder que se est\u00e1 entregando a L\u00f3pez Obrador\u201d. \u201cLo que est\u00e1 en juego es muy importante, son dos modelos y destinos de pa\u00eds completamente diferentes, y la pregunta de fondo es en qu\u00e9 M\u00e9xico nos queremos despertar el pr\u00f3ximo 3 de junio\u201d, asegura.<\/p>\n\n\n\n<p><strong>P.<\/strong>&nbsp;Usted conoce muy bien a&nbsp;<a href=\"https:\/\/elpais.com\/mexico\/2023-10-06\/el-expresidente-felipe-calderon-pide-a-estados-unidos-vigilar-las-elecciones-de-2024.html\">Felipe Calder\u00f3n<\/a>, \u00bfdeber\u00eda tener un papel m\u00e1s activo en Acci\u00f3n Nacional y en la campa\u00f1a?<\/p>\n\n\n\n<p><strong>R.<\/strong>&nbsp;Yo lo veo activo, particularmente en las redes sociales, expresando sus puntos de vista. Eso tiene que dejarse al juicio de cada uno de los expresidentes. Es decisi\u00f3n de cada quien c\u00f3mo quiere ejercer su libertad.<\/p>\n\n\n\n<p><strong>P.<\/strong>&nbsp;\u00bfPor qu\u00e9 se cuestiona tanto la herencia de Calder\u00f3n en la pol\u00edtica actual?<\/p>\n\n\n\n<p><strong>R.<\/strong>&nbsp;Porque este Gobierno nunca ha asumido su responsabilidad de gobernar. Tal vez, el primer a\u00f1o podr\u00eda decirse \u201cesto es culpa de lo que me dejaron\u201d. Me llama particularmente la atenci\u00f3n que se ha mencionado al expresidente Calder\u00f3n y a ning\u00fan otro. Me parece muy preocupante y tr\u00e1gico que a estas alturas se siga buscando culpables y no se asuma la responsabilidad de gobernar, porque para eso quer\u00edan llegar. Por cierto, llegaron con una fuerza hist\u00f3rica muy importante.<\/p>\n\n\n\n<p><strong>P.<\/strong>&nbsp;L\u00f3pez Obrador sigue siendo tremendamente popular, \u00bfc\u00f3mo se explica eso?<\/p>\n\n\n\n<p><strong>R.<\/strong>&nbsp;La narrativa que el presidente ha manejado, esta polarizaci\u00f3n, seguramente ha tenido efecto y ha sido productiva para hablarle a una base, alentarla en esta contradicci\u00f3n permanente. Nada grande se construye en el odio ni en un pa\u00eds donde sea la polarizaci\u00f3n y la divisi\u00f3n lo que prevalezca, aunque sea muy efectista para ciertos sectores de la poblaci\u00f3n.<\/p>\n\n\n\n<p><strong>P.<\/strong>&nbsp;En una frase o palabra, \u00bfc\u00f3mo definir\u00eda a X\u00f3chitl G\u00e1lvez?<\/p>\n\n\n\n<p><strong>R.<\/strong>&nbsp;Como la \u00fanica opci\u00f3n para un M\u00e9xico con libertad.<\/p>\n\n\n\n<p><strong>P.<\/strong>&nbsp;\u00bfY a Claudia Sheinbaum?<\/p>\n\n\n\n<p><strong>R.<\/strong>&nbsp;Autoritarismo.<\/p>\n\n\n\n<p><strong>P.<\/strong>&nbsp;\u00bfJorge \u00c1lvarez M\u00e1ynez?<\/p>\n\n\n\n<p><strong>R.&nbsp;<\/strong>El palco.<\/p>\n\n\n\n<p><strong>P.&nbsp;<\/strong>\u00bfL\u00f3pez Obrador?<\/p>\n\n\n\n<p><strong>R.&nbsp;<\/strong>Odio y polarizaci\u00f3n.<\/p>\n\n\n\n<p><strong>P.&nbsp;<\/strong>\u00bf<a href=\"https:\/\/elpais.com\/mexico\/2024-04-18\/pena-nieto-afirma-en-un-libro-que-se-exilio-en-espana-para-no-estorbar-al-gobierno-de-lopez-obrador.html\">Enrique Pe\u00f1a Nieto<\/a>?<\/p>\n\n\n\n<p><strong>R.&nbsp;<\/strong>Pasado.<\/p>\n\n\n\n<p><strong>P.&nbsp;<\/strong>\u00bfCalder\u00f3n?<\/p>\n\n\n\n<p><strong>R.&nbsp;<\/strong>Un expresidente, tambi\u00e9n.<\/p>\n\n\n\n<p><strong>P.<\/strong>&nbsp;Estamos a unos d\u00edas del segundo debate presidencial. \u00bfCu\u00e1l es la parte m\u00e1s complicada de estar en uno?<\/p>\n\n\n\n<p><strong>R.&nbsp;<\/strong>Conforme se van acercando las horas del debate, hay una presi\u00f3n que aumenta. Hay que tener control de uno mismo. Es un ejercicio de presi\u00f3n. Es muy relevante sentirse c\u00f3modo y tener tambi\u00e9n la capacidad de disfrutar. Se dice f\u00e1cil, pero no lo es cuando se est\u00e1 ah\u00ed. La verdad, X\u00f3chitl ha tenido una capacidad grande de disfrutar un reto enorme en su vida.<\/p>\n\n\n\n<p><strong>P.&nbsp;<\/strong>\u00bfLos debates influyen en el resultado de las elecciones?<\/p>\n\n\n\n<p><strong>R.<\/strong>&nbsp;Depende. Depende del electorado, del momento y del \u00e1nimo de la gente. Los debates ayudan para varias cosas, para conocer la personalidad m\u00e1s all\u00e1 de las cifras, si quien est\u00e1 frente a nosotros es o no autoritario, si tiene o no empat\u00eda, si tiene o no la capacidad de resolver de bote pronto, si tiene la fortaleza al d\u00eda siguiente de salir y decir \u201cesto lo hice bien y esto lo tengo que hacer mejor\u201d. Siempre son importantes, hay que verlos y ver los posdebates.<\/p>\n\n\n\n<p><strong>P.&nbsp;<\/strong>Dicen que es la \u00faltima oportunidad de G\u00e1lvez. \u00bfLo ve as\u00ed?<\/p>\n\n\n\n<p><strong>R.&nbsp;<\/strong>No. Es una oportunidad m\u00e1s y lo va a hacer extraordinariamente bien. Es una mujer muy consciente de sus retos, de lo que hace bien y de los puntos que en todo caso debe mejorar, lo dijo ella misma. Es una mujer muy segura de s\u00ed misma. Eso me parece s\u00faper importante.<\/p>\n\n\n\n<p>\u201cPor definici\u00f3n, las campa\u00f1as son un caos y las presidenciales, m\u00e1s\u201d, dice mientras repasa su paso por las elecciones de 2012. Se queda con el cari\u00f1o de la gente y admite que hubo errores y retos. \u201cHubo decisiones que tom\u00e9 tard\u00edamente o que no tuve el car\u00e1cter de tomar a tiempo\u201d, reconoce, aunque advierte de que no quiere entrar en detalles.<\/p>\n\n\n\n<p><strong>P.<\/strong>&nbsp;\u00bfSe arrepiente de haber estado en la boleta presidencial?<\/p>\n\n\n\n<p><strong>R.<\/strong>&nbsp;Jam\u00e1s. Al contrario, me siento sumamente orgullosa y muy privilegiada por haber estado ah\u00ed.<\/p>\n\n\n\n<p><strong>P.<\/strong>&nbsp;\u00bfQu\u00e9 se juega en la batalla por el Congreso en 2024?<\/p>\n\n\n\n<p><strong>R.<\/strong>&nbsp;Que tengamos contrapesos. Los sistemas democr\u00e1ticos son mejores con contrapesos que con mayor\u00edas aplastantes.<\/p>\n\n\n\n<p><strong>P.&nbsp;<\/strong>\u00bfDe d\u00f3nde saca \u00e1nimos para otra campa\u00f1a?<\/p>\n\n\n\n<p><strong>R.<\/strong>&nbsp;Soy una persona con un gran amor por la vida. He tenido el desaf\u00edo de enfrentar una enfermedad rara y profundamente dolorosa, que me ha dejado tambi\u00e9n muchas lecciones de empat\u00eda y solidaridad. Y tengo una familia, que es mi mayor bendici\u00f3n. Para m\u00ed, esta es una segunda oportunidad que me ha dado la vida y Dios de vivir. Yo pensaba que no lo iba a lograr. Estoy convencida de que hay que hacer todo por ser una mejor persona de la que fuimos en la primera oportunidad. No s\u00e9 cu\u00e1nto tiempo va a durar porque esta enfermedad no tiene palabra de honor. Pero vivo solo un d\u00eda a la vez.<\/p>\n\n\n\n<p>\u201cGanar la presidencia es la \u00fanica opci\u00f3n para recuperar un M\u00e9xico con certeza, Estado de derecho, legalidad y para la reconstrucci\u00f3n de la paz\u201d, dice sobre su pron\u00f3stico de la elecci\u00f3n. Insiste en la necesidad de un \u201cbloque de contenci\u00f3n\u201d en el Congreso y de tener una Suprema Corte con ministros \u201cque tengan lealtad a la Constituci\u00f3n y no a un hombre o mujer\u201d. Y apunta a que la oposici\u00f3n gane seis de nueve gubernaturas. \u201cHabr\u00e1 que revisar muchas otras cosas\u201d, dice sobre lo que viene, independientemente de que su amiga X\u00f3chitl gane la contienda. \u201cTenemos que hacer ese ejercicio en todos los partidos y tener capacidad de autocr\u00edtica, porque en todos lados se cuecen habas\u201d, concluye.<\/p>\n\n\n\n<p>Fuente: <a href=\"https:\/\/elpais.com\/mexico\/elecciones-mexicanas\/2024-04-27\/josefina-vazquez-mota-estas-pueden-ser-las-ultimas-elecciones-democraticas-de-nuestra-vida.html\">https:\/\/elpais.com\/mexico\/elecciones-mexicanas\/2024-04-27\/josefina-vazquez-mota-estas-pueden-ser-las-ultimas-elecciones-democraticas-de-nuestra-vida.html<\/a><\/p>\n","protected":false},"excerpt":{"rendered":"<p>La senadora repasa su experiencia como candidata presidencial, habla del machismo en la pol\u00edtica y asegura que hay elementos para [&hellip;]<\/p>\n","protected":false},"author":1,"featured_media":73216,"comment_status":"open","ping_status":"open","sticky":false,"template":"","format":"standard","meta":{"site-sidebar-layout":"default","site-content-layout":"","ast-site-content-layout":"default","site-content-style":"default","site-sidebar-style":"default","ast-global-header-display":"","ast-banner-title-visibility":"","ast-main-header-display":"","ast-hfb-above-header-display":"","ast-hfb-below-header-display":"","ast-hfb-mobile-header-display":"","site-post-title":"","ast-breadcrumbs-content":"","ast-featured-img":"","footer-sml-layout":"","theme-transparent-header-meta":"","adv-header-id-meta":"","stick-header-meta":"","header-above-stick-meta":"","header-main-stick-meta":"","header-below-stick-meta":"","astra-migrate-meta-layouts":"default","ast-page-background-enabled":"default","ast-page-background-meta":{"desktop":{"background-color":"var(--ast-global-color-4)","background-image":"","background-repeat":"repeat","background-position":"center center","background-size":"auto","background-attachment":"scroll","background-type":"","background-media":"","overlay-type":"","overlay-color":"","overlay-opacity":"","overlay-gradient":""},"tablet":{"background-color":"","background-image":"","background-repeat":"repeat","background-position":"center center","background-size":"auto","background-attachment":"scroll","background-type":"","background-media":"","overlay-type":"","overlay-color":"","overlay-opacity":"","overlay-gradient":""},"mobile":{"background-color":"","background-image":"","background-repeat":"repeat","background-position":"center center","background-size":"auto","background-attachment":"scroll","background-type":"","background-media":"","overlay-type":"","overlay-color":"","overlay-opacity":"","overlay-gradient":""}},"ast-content-background-meta":{"desktop":{"background-color":"var(--ast-global-color-5)","background-image":"","background-repeat":"repeat","background-position":"center center","background-size":"auto","background-attachment":"scroll","background-type":"","background-media":"","overlay-type":"","overlay-color":"","overlay-opacity":"","overlay-gradient":""},"tablet":{"background-color":"var(--ast-global-color-5)","background-image":"","background-repeat":"repeat","background-position":"center center","background-size":"auto","background-attachment":"scroll","background-type":"","background-media":"","overlay-type":"","overlay-color":"","overlay-opacity":"","overlay-gradient":""},"mobile":{"background-color":"var(--ast-global-color-5)","background-image":"","background-repeat":"repeat","background-position":"center center","background-size":"auto","background-attachment":"scroll","background-type":"","background-media":"","overlay-type":"","overlay-color":"","overlay-opacity":"","overlay-gradient":""}},"footnotes":""},"categories":[8],"tags":[1916,5743,24510,24511,24512,14772],"class_list":["post-73215","post","type-post","status-publish","format-standard","has-post-thumbnail","hentry","category-noticias","tag-democracia","tag-elecciones-mexico-2024","tag-josefina-vazquez-mota","tag-machsmo","tag-politica-mexco","tag-xochitl-galvez"],"_links":{"self":[{"href":"https:\/\/losperiodistas.com.mx\/portal\/wp-json\/wp\/v2\/posts\/73215","targetHints":{"allow":["GET"]}}],"collection":[{"href":"https:\/\/losperiodistas.com.mx\/portal\/wp-json\/wp\/v2\/posts"}],"about":[{"href":"https:\/\/losperiodistas.com.mx\/portal\/wp-json\/wp\/v2\/types\/post"}],"author":[{"embeddable":true,"href":"https:\/\/losperiodistas.com.mx\/portal\/wp-json\/wp\/v2\/users\/1"}],"replies":[{"embeddable":true,"href":"https:\/\/losperiodistas.com.mx\/portal\/wp-json\/wp\/v2\/comments?post=73215"}],"version-history":[{"count":1,"href":"https:\/\/losperiodistas.com.mx\/portal\/wp-json\/wp\/v2\/posts\/73215\/revisions"}],"predecessor-version":[{"id":73217,"href":"https:\/\/losperiodistas.com.mx\/portal\/wp-json\/wp\/v2\/posts\/73215\/revisions\/73217"}],"wp:featuredmedia":[{"embeddable":true,"href":"https:\/\/losperiodistas.com.mx\/portal\/wp-json\/wp\/v2\/media\/73216"}],"wp:attachment":[{"href":"https:\/\/losperiodistas.com.mx\/portal\/wp-json\/wp\/v2\/media?parent=73215"}],"wp:term":[{"taxonomy":"category","embeddable":true,"href":"https:\/\/losperiodistas.com.mx\/portal\/wp-json\/wp\/v2\/categories?post=73215"},{"taxonomy":"post_tag","embeddable":true,"href":"https:\/\/losperiodistas.com.mx\/portal\/wp-json\/wp\/v2\/tags?post=73215"}],"curies":[{"name":"wp","href":"https:\/\/api.w.org\/{rel}","templated":true}]}}