{"id":73206,"date":"2024-04-27T12:29:46","date_gmt":"2024-04-27T17:29:46","guid":{"rendered":"https:\/\/losperiodistas.com.mx\/portal\/?p=73206"},"modified":"2024-04-27T12:29:48","modified_gmt":"2024-04-27T17:29:48","slug":"buckingham-anuncia-que-carlos-iii-vuelve-a-la-vida-publica-la-semana-que-viene-abc","status":"publish","type":"post","link":"https:\/\/losperiodistas.com.mx\/portal\/buckingham-anuncia-que-carlos-iii-vuelve-a-la-vida-publica-la-semana-que-viene-abc\/","title":{"rendered":"Buckingham anuncia que Carlos III vuelve a la vida p\u00fablica la semana que viene | ABC"},"content":{"rendered":"\n<h2 class=\"has-background has-medium-font-size wp-block-heading\" style=\"background-color:#fb46c1\">Las fuentes reales apuntan que \u00absu majestad el Rey pronto retomar\u00e1 sus deberes p\u00fablicos despu\u00e9s de un per\u00edodo de tratamiento y recuperaci\u00f3n tras su reciente diagn\u00f3stico de c\u00e1ncer\u00bb<\/h2>\n\n\n\n<h2 class=\"has-medium-font-size wp-block-heading\"><a href=\"https:\/\/www.abc.es\/internacional\/preocupacion-sobre-salud-carlos-iii-disparan-rumores-20240426113347-nt.html\">La preocupaci\u00f3n sobre la salud de Carlos III dispara los rumores sobre su funeral<\/a><\/h2>\n\n\n\n<figure class=\"wp-block-image\"><img decoding=\"async\" src=\"https:\/\/s3.abcstatics.com\/abc\/www\/multimedia\/internacional\/2024\/04\/26\/CHARLES-RJinePeAZGR4LUHeoZj411L-1200x840@diario_abc.jpg\" alt=\"El Rey de Inglaterra, Carlos III, el d\u00eda de su coronaci\u00f3n\"\/><\/figure>\n\n\n\n<p>El Rey de Inglaterra, Carlos III, el d\u00eda de su coronaci\u00f3n&nbsp;AFP<\/p>\n\n\n\n<p class=\"has-vivid-red-color has-text-color\"><strong><a href=\"https:\/\/www.abc.es\/autor\/ivannia-salazar-3494\/\">IVANNIA SALAZAR<\/a> \/ ABC<\/strong><a href=\"javascript:void(0)\"><\/a><\/p>\n\n\n\n<p>El Palacio del Buckingham ha salido este viernes al paso de los rumores y las publicaciones en la prensa estadounidense de que el Rey se encuentra muy enfermo y que se est\u00e1 preparando su funeral, con sendos comunicados que dejan claro que el monarca se encuentra bien y recuper\u00e1ndose pese al c\u00e1ncer que padece.<\/p>\n\n\n\n<p>En el primero, las fuentes reales apuntan que \u00absu majestad el Rey pronto retomar\u00e1 sus deberes p\u00fablicos despu\u00e9s de un per\u00edodo de tratamiento y recuperaci\u00f3n tras su reciente diagn\u00f3stico de c\u00e1ncer\u00bb y \u00abpara marcar este hito<a href=\"https:\/\/www.abc.es\/gente\/rey-carlos-iii-sentara-aparte-familia-real-20240330175112-nt.html\">, el Rey y la Reina realizar\u00e1n<\/a>&nbsp;una visita conjunta a un centro de tratamiento contra el c\u00e1ncer el pr\u00f3ximo martes, donde se reunir\u00e1n con especialistas m\u00e9dicos y pacientes. El texto indica que \u00abesta visita ser\u00e1 la primera de una serie de compromisos p\u00fablicos que su majestad emprender\u00e1 en las pr\u00f3ximas semanas\u00bb.<\/p>\n\n\n\n<p>En otro comunicado, dieron a conocer que<a href=\"https:\/\/www.abc.es\/gente\/rey-carlos-iii-sentara-aparte-familia-real-20240330175112-nt.html\">\u00a0Carlos III y su esposa, Camila,<\/a>\u00a0\u00abrecibir\u00e1n a sus majestades el Emperador y la Emperatriz de Jap\u00f3n en una visita de estado en junio, a solicitud del gobierno de su majestad\u00bb, y agregaron que \u00aba medida que se acerca el primer aniversario de la coronaci\u00f3n, sus majestades siguen profundamente agradecidos por las numerosas muestras de amabilidad y buenos deseos que han recibido de todo el mundo a lo largo de las alegr\u00edas y desaf\u00edos del \u00faltimo a\u00f1o\u00bb.<\/p>\n\n\n\n<p>NOTICIA RELACIONADA<\/p>\n\n\n\n<div class=\"wp-block-image\"><figure class=\"alignleft is-resized\"><img decoding=\"async\" src=\"https:\/\/s2.abcstatics.com\/abc\/www\/multimedia\/internacional\/2024\/04\/26\/carlos-iii-coronacion-k81H--1200x840@diario_abc.JPG\" alt=\"\" width=\"-525\" height=\"-368\"\/><\/figure><\/div>\n\n\n\n<h3 class=\"wp-block-heading\"><a href=\"https:\/\/www.abc.es\/internacional\/preocupacion-sobre-salud-carlos-iii-disparan-rumores-20240426113347-nt.html#vca=modulo-rel-uno&amp;vso=abc&amp;vmc=noticias-rel&amp;vli=internacional\">La preocupaci\u00f3n sobre Carlos III dispara los rumores sobre su funeral<\/a><\/h3>\n\n\n\n<p>IVANNIA SALAZAR | CORRESPONSAL EN LONDRES<\/p>\n\n\n\n<p><\/p>\n\n\n\n<p><\/p>\n\n\n\n<p>Una fuente real ha confirmado que los preparativos para el funeral del monarca comenzaron poco despu\u00e9s de que la Reina falleciera<\/p>\n\n\n\n<p>Cabe recordar que el Rey visit\u00f3 Jap\u00f3n en cinco ocasiones cuando era el Pr\u00edncipe de Gales, entre ellas la entronizaci\u00f3n del Emperador Naruhito en 2019 y del Emperador Akihito en 1990. Adem\u00e1s, la pareja japonesa asisti\u00f3 al Funeral de Estado de la Reina Isabel II en septiembre de 2022. Este fue el primer viaje al extranjero de ambos despu\u00e9s de la entronizaci\u00f3n del Emperador, que asisti\u00f3 a la recepci\u00f3n organizada por el Rey para Jefes de Estado e invitados oficiales extranjeros en el Palacio de Buckingham el 18 de septiembre de ese a\u00f1o, en la v\u00edspera del funeral.<\/p>\n\n\n\n<p>La visita de estado al Reino Unido estaba planeada en la primavera de 2020, pero fue pospuesta debido a la pandemia de coronavirus.<\/p>\n\n\n\n<p>Fuente: <a href=\"https:\/\/www.abc.es\/internacional\/buckingham-anuncia-carlos-iii-vuelve-vida-publica-20240426183527-nt.html\">https:\/\/www.abc.es\/internacional\/buckingham-anuncia-carlos-iii-vuelve-vida-publica-20240426183527-nt.html<\/a><\/p>\n","protected":false},"excerpt":{"rendered":"<p>Las fuentes reales apuntan que \u00absu majestad el Rey pronto retomar\u00e1 sus deberes p\u00fablicos despu\u00e9s de un per\u00edodo de tratamiento [&hellip;]<\/p>\n","protected":false},"author":1,"featured_media":73207,"comment_status":"open","ping_status":"open","sticky":false,"template":"","format":"standard","meta":{"site-sidebar-layout":"default","site-content-layout":"","ast-site-content-layout":"default","site-content-style":"default","site-sidebar-style":"default","ast-global-header-display":"","ast-banner-title-visibility":"","ast-main-header-display":"","ast-hfb-above-header-display":"","ast-hfb-below-header-display":"","ast-hfb-mobile-header-display":"","site-post-title":"","ast-breadcrumbs-content":"","ast-featured-img":"","footer-sml-layout":"","theme-transparent-header-meta":"","adv-header-id-meta":"","stick-header-meta":"","header-above-stick-meta":"","header-main-stick-meta":"","header-below-stick-meta":"","astra-migrate-meta-layouts":"default","ast-page-background-enabled":"default","ast-page-background-meta":{"desktop":{"background-color":"var(--ast-global-color-4)","background-image":"","background-repeat":"repeat","background-position":"center center","background-size":"auto","background-attachment":"scroll","background-type":"","background-media":"","overlay-type":"","overlay-color":"","overlay-opacity":"","overlay-gradient":""},"tablet":{"background-color":"","background-image":"","background-repeat":"repeat","background-position":"center center","background-size":"auto","background-attachment":"scroll","background-type":"","background-media":"","overlay-type":"","overlay-color":"","overlay-opacity":"","overlay-gradient":""},"mobile":{"background-color":"","background-image":"","background-repeat":"repeat","background-position":"center center","background-size":"auto","background-attachment":"scroll","background-type":"","background-media":"","overlay-type":"","overlay-color":"","overlay-opacity":"","overlay-gradient":""}},"ast-content-background-meta":{"desktop":{"background-color":"var(--ast-global-color-5)","background-image":"","background-repeat":"repeat","background-position":"center center","background-size":"auto","background-attachment":"scroll","background-type":"","background-media":"","overlay-type":"","overlay-color":"","overlay-opacity":"","overlay-gradient":""},"tablet":{"background-color":"var(--ast-global-color-5)","background-image":"","background-repeat":"repeat","background-position":"center center","background-size":"auto","background-attachment":"scroll","background-type":"","background-media":"","overlay-type":"","overlay-color":"","overlay-opacity":"","overlay-gradient":""},"mobile":{"background-color":"var(--ast-global-color-5)","background-image":"","background-repeat":"repeat","background-position":"center center","background-size":"auto","background-attachment":"scroll","background-type":"","background-media":"","overlay-type":"","overlay-color":"","overlay-opacity":"","overlay-gradient":""}},"footnotes":""},"categories":[8],"tags":[24506,12465,22194],"class_list":["post-73206","post","type-post","status-publish","format-standard","has-post-thumbnail","hentry","category-noticias","tag-buckingham","tag-rey-carlos-iii","tag-salud-carlos-iii"],"_links":{"self":[{"href":"https:\/\/losperiodistas.com.mx\/portal\/wp-json\/wp\/v2\/posts\/73206","targetHints":{"allow":["GET"]}}],"collection":[{"href":"https:\/\/losperiodistas.com.mx\/portal\/wp-json\/wp\/v2\/posts"}],"about":[{"href":"https:\/\/losperiodistas.com.mx\/portal\/wp-json\/wp\/v2\/types\/post"}],"author":[{"embeddable":true,"href":"https:\/\/losperiodistas.com.mx\/portal\/wp-json\/wp\/v2\/users\/1"}],"replies":[{"embeddable":true,"href":"https:\/\/losperiodistas.com.mx\/portal\/wp-json\/wp\/v2\/comments?post=73206"}],"version-history":[{"count":1,"href":"https:\/\/losperiodistas.com.mx\/portal\/wp-json\/wp\/v2\/posts\/73206\/revisions"}],"predecessor-version":[{"id":73208,"href":"https:\/\/losperiodistas.com.mx\/portal\/wp-json\/wp\/v2\/posts\/73206\/revisions\/73208"}],"wp:featuredmedia":[{"embeddable":true,"href":"https:\/\/losperiodistas.com.mx\/portal\/wp-json\/wp\/v2\/media\/73207"}],"wp:attachment":[{"href":"https:\/\/losperiodistas.com.mx\/portal\/wp-json\/wp\/v2\/media?parent=73206"}],"wp:term":[{"taxonomy":"category","embeddable":true,"href":"https:\/\/losperiodistas.com.mx\/portal\/wp-json\/wp\/v2\/categories?post=73206"},{"taxonomy":"post_tag","embeddable":true,"href":"https:\/\/losperiodistas.com.mx\/portal\/wp-json\/wp\/v2\/tags?post=73206"}],"curies":[{"name":"wp","href":"https:\/\/api.w.org\/{rel}","templated":true}]}}