{"id":73196,"date":"2024-04-27T11:42:56","date_gmt":"2024-04-27T16:42:56","guid":{"rendered":"https:\/\/losperiodistas.com.mx\/portal\/?p=73196"},"modified":"2024-04-27T11:42:58","modified_gmt":"2024-04-27T16:42:58","slug":"choques-entre-candidatos-y-violencia-crispan-campanas-en-veracruz-proceso","status":"publish","type":"post","link":"https:\/\/losperiodistas.com.mx\/portal\/choques-entre-candidatos-y-violencia-crispan-campanas-en-veracruz-proceso\/","title":{"rendered":"Choques entre candidatos y violencia crispan campa\u00f1as en Veracruz | Proceso"},"content":{"rendered":"\n<p class=\"has-light-green-cyan-background-color has-background has-medium-font-size\"><strong>Mutuas acusaciones de corrupci\u00f3n, viejos grupos pol\u00edticos atenazados al poder y los asesinatos de personajes pol\u00edticos tensan las campa\u00f1as electorales por la gubernatura en este estado donde el crimen organizado orquesta la violencia pol\u00edtica.<\/strong><\/p>\n\n\n\n<figure class=\"wp-block-image\"><a href=\"https:\/\/www.proceso.com.mx\/u\/fotografias\/fotosnoticias\/2024\/4\/26\/197902.jpeg\"><img decoding=\"async\" src=\"https:\/\/www.proceso.com.mx\/u\/fotografias\/m\/2024\/4\/26\/f685x385-197902_235595_5050.jpeg\" alt=\"Choques entre candidatos y violencia crispan campa\u00f1as en Veracruz\"\/><\/a><figcaption>Oposici\u00f3n. Mitin del priista Jos\u00e9 Yunes. Foto: Facebook Pepe Yunes<\/figcaption><\/figure>\n\n\n\n<p><\/p>\n\n\n\n<p><a href=\"https:\/\/www.proceso.com.mx\/autor\/flavia-morales.html\">Flavia Morales<\/a> <\/p>\n\n\n\n<p>XALAPA, Ver. (<strong>Proceso<\/strong>).- En un estado controlado pol\u00edticamente por Morena, que tiene la mayor\u00eda en los ayuntamientos locales y el Congreso de Veracruz, las campa\u00f1as electorales se han crispado por acusaciones de corrupci\u00f3n, de uso de recursos p\u00fablicos, grupos pol\u00edticos afianzados en el poder y la violencia que han dejado en el \u00faltimo a\u00f1o al menos 15 pol\u00edticos asesinados.<\/p>\n\n\n\n<p>Norma Roc\u00edo Nahle Garc\u00eda, senadora con licencia, es candidata de la coalici\u00f3n oficialista \u201cSigamos haciendo historia\u201d, de Morena, Partido Verde Ecologista de M\u00e9xico (PVEM), Partido del Trabajo (PT) y Fuerza por M\u00e9xico.<\/p>\n\n\n\n<p><strong>NOTICIAS RELACIONADAS<\/strong><\/p>\n\n\n\n<ul class=\"wp-block-list\"><li><a href=\"https:\/\/www.proceso.com.mx\/nacional\/elecciones-2024\/2024\/4\/26\/rocio-nahle-tendria-departamento-cerca-de-central-park-en-nueva-york-arturo-castagne-327925.html\">Roc\u00edo Nahle tendr\u00eda departamento cerca de Central Park, en Nueva York: Arturo Castagn\u00e9<\/a><\/li><li><a href=\"https:\/\/www.proceso.com.mx\/nacional\/elecciones-2024\/2024\/3\/31\/nahle-yunes-arrancan-campana-en-veracruz-estas-son-sus-principales-propuestas-326456.html\">Nahle y Yunes arrancan campa\u00f1a en Veracruz: estas son sus principales propuestas<\/a><\/li><li><a href=\"https:\/\/www.proceso.com.mx\/nacional\/elecciones-2024\/2024\/3\/31\/fuera-fuera-abuchean-rocio-nahle-en-un-cafe-tradicional-de-veracruz-video-326448.html\">\u201c\u00a1Fuera, fuera!\u201d: Abuchean a Roc\u00edo Nahle en un caf\u00e9 tradicional de Veracruz (Video)<\/a><\/li><li><a href=\"https:\/\/www.proceso.com.mx\/nacional\/elecciones-2024\/2024\/3\/17\/son-puras-mentiras-esto-respondio-el-esposo-de-rocio-nahle-sobre-presunta-propiedad-de-lujo-325753.html\">\u201cSon puras mentiras\u201d: esto respondi\u00f3 el esposo de Roc\u00edo Nahle sobre presunta propiedad de lujo<\/a><\/li><li><a href=\"https:\/\/www.proceso.com.mx\/nacional\/estados\/2024\/3\/2\/abandonan-cuatro-cadaveres-en-pleno-centro-de-tuxpan-veracruz-324924.html\">Abandonan cuatro cad\u00e1veres en pleno centro de Tuxpan, Veracruz<\/a><\/li><\/ul>\n\n\n\n<p>El priista Jos\u00e9 Yunes Zorrilla busca la gubernatura por la coalici\u00f3n opositora \u201cFuerza y coraz\u00f3n por Veracruz\u201d, que integran el PRI-PAN-PRD, mientras que Hip\u00f3lito Deschamps Espino Barro es el candidato a la gubernatura por Movimiento Ciudadano.<\/p>\n\n\n\n<p>Nahle y su familia han sido acusados de tener casas y terrenos en fraccionamientos de lujo, mientras que Pepe Yunes, de representar al viejo PRI, que gobern\u00f3 por a\u00f1os el estado de Veracruz.<\/p>\n\n\n\n<figure class=\"wp-block-image\"><img decoding=\"async\" src=\"https:\/\/www.proceso.com.mx\/u\/fotografias\/m\/2024\/4\/26\/f768x1-197901_198028_15.jpeg\" alt=\"\"\/><figcaption>Nahle, en entredicho. Foto: Montserrat L\u00f3pez.<\/figcaption><\/figure>\n\n\n\n<p>Pero en las boletas electorales para 2024 aparecer\u00e1n tambi\u00e9n nombres que vuelven a ser los mismos de comicios anteriores, ya que varias familias pol\u00edticas pretenden mantener el control de senadur\u00edas y diputaciones plurinominales.<\/p>\n\n\n\n<p>Es el caso del exgobernador panista Miguel \u00c1ngel Yunes Linares. Sus hijos, Miguel Angel Yunes M\u00e1rquez, quien perdi\u00f3 la pasada elecci\u00f3n a gobernador, va como candidato al Senado. Otro hijo de Yunes Linares, Fernando, est\u00e1 en una posici\u00f3n plurinominal como diputado local.<\/p>\n\n\n\n<p>Dante Delgado Morales, hijo del l\u00edder nacional de Movimiento Ciudadano y tambi\u00e9n exgobernador y excandidato, Dante Delgado, es candidato al Senado.<\/p>\n\n\n\n<p>Las posiciones plurinominales a las diputaciones locales y federales tambi\u00e9n est\u00e1n controladas por los grupos pol\u00edticos tradicionales y dirigentes de partido. Fidel Herrera Borunda, hijo del exgobernador de Veracruz Fidel Herrera Beltr\u00e1n, tiene una posici\u00f3n plurinominal del Partido Verde Ecologista de M\u00e9xico.<\/p>\n\n\n\n<p>El proceso electoral se vive durante el mandato de Cuitl\u00e1huac Garc\u00eda, cuya llegada al poder en 2018 con Morena signific\u00f3 para la entidad la esperanza de un mejor gobierno y as\u00ed se expres\u00f3 en las urnas.<\/p>\n\n\n\n<p>Veracruz ven\u00eda de 86 a\u00f1os de un priismo que alcanz\u00f3 su peor expresi\u00f3n con Javier Duarte al frente y luego pas\u00f3 al panismo, con el bienio de Miguel \u00c1ngel Yunes Linares.<\/p>\n\n\n\n<p>Garc\u00eda arras\u00f3 con 1.4 millones de votos, dejando atr\u00e1s a la alianza PAN-PRD con Miguel \u00c1ngel Yunes M\u00e1rquez y al candidato del PRI, Jos\u00e9 Yunes Zorrilla \u2014otro que repite en la boleta como candidato.<\/p>\n\n\n\n<p>Pero con el paso del tiempo Garc\u00eda se convirti\u00f3 en un mandatario criticado por decisiones de gobierno, aunque ha sido evidente que es uno de los gobernadores preferidos del presidente Andr\u00e9s Manuel L\u00f3pez Obrador, quien ha salido en su defensa innumerables veces; \u201cno es rata ni corrupto\u201d, ha dicho.<\/p>\n\n\n\n<p>Para Fernando V\u00e1zquez Rigada, estratega pol\u00edtico de PCN Consultores, Veracruz se encuentra en un momento cr\u00edtico por los cuestionamientos al gobierno del morenista Cuitl\u00e1huac Garc\u00eda, que no abonan a la campa\u00f1a de Nahle.<\/p>\n\n\n\n<p>Durante su gesti\u00f3n, por ejemplo, han sido encarcelados una veintena de personajes pol\u00edticos, quienes han obtenido su libertad tras ganar amparos y demostrar su inocencia.<\/p>\n\n\n\n<p>El caso m\u00e1s reciente fue el de la jueza Ang\u00e9lica S\u00e1nchez, acusada de supuesta actuaci\u00f3n indebida en la liberaci\u00f3n de un detenido. Fue capturada por la Fiscal\u00eda, pero logr\u00f3 librar varias imputaciones, situaci\u00f3n que incluso deriv\u00f3 en una alerta de la ONU.<\/p>\n\n\n\n<p>En 2021, el gobernador morenista orden\u00f3 una reforma al C\u00f3digo Penal para endurecer las penas por los delitos de \u201cUltrajes a la autoridad y delitos contra las instituciones\u201d, que implicaron c\u00e1rcel para castigar a quien amenazara o agrediera a un servidor p\u00fablico por ejercer sus funciones, incluidos polic\u00edas. El delito fue derogado por la Suprema Corte de Justicia de la Naci\u00f3n por ser violatorio de los derechos humanos, pero dej\u00f3 en prisi\u00f3n a m\u00e1s de mil personas.<\/p>\n\n\n\n<p>Ante los abusos, una comisi\u00f3n del Senado se instal\u00f3 para investigar las violaciones a derechos humanos por este delito y document\u00f3 al menos 90 casos, aunque fue cerrada tras la presi\u00f3n pol\u00edtica de senadores de Morena.<\/p>\n\n\n\n<p>En su informe \u201cViolencia contra la prensa\u201d presentado por la organizaci\u00f3n Art\u00edculo 19 en marzo pasado, se advirti\u00f3 que en Veracruz hay un \u201cefecto cascada\u201d de estigmatizaci\u00f3n en contra de periodistas que cuestionan al gobernador.<\/p>\n\n\n\n<figure class=\"wp-block-image\"><img decoding=\"async\" src=\"https:\/\/www.proceso.com.mx\/u\/fotografias\/m\/2024\/4\/26\/f768x1-197903_198030_5050.jpeg\" alt=\"\"\/><figcaption>Yunes Zorrilla. Viejo PRI. Foto Demi\u00e1n Ch\u00e1vez.<\/figcaption><\/figure>\n\n\n\n<p>El acad\u00e9mico del Instituto de Investigaciones Hist\u00f3rico-Sociales de la Universidad Veracruzana, Alberto Olvera, considera que estas expresiones revelan que en Veracruz se vive un r\u00e9gimen autoritario. \u201cDesde que lleg\u00f3 Morena al poder en Veracruz se restablecieron las peores pr\u00e1cticas del gobierno priista, las m\u00e1s radicales\u201d.<\/p>\n\n\n\n<p>Olvera consider\u00f3 que Veracruz est\u00e1 entre dos posturas: \u201cSi sigue Morena en el poder me temo que vamos a seguir con esta l\u00f3gica de concentraci\u00f3n del poder y restauraci\u00f3n priista, del r\u00e9gimen m\u00e1s autoritario que es lo que en la pr\u00e1ctica ha sufrido Veracruz. Por el contrario, el PRI \u2014que antes era el partido autoritario\u2014, ahora puede significar el combate a los autoritarios del presente y jugar un papel de fuerza democratizante. Un mundo al rev\u00e9s\u201d, se\u00f1al\u00f3.<\/p>\n\n\n\n<h2 class=\"wp-block-heading\">Los candidatos<\/h2>\n\n\n\n<p>Roc\u00edo Nahle inici\u00f3 campa\u00f1a en Veracruz con una fotograf\u00eda nocturna del malec\u00f3n costero de Veracruz (basti\u00f3n panista) abarrotado para su evento. El mensaje fue: \u201c\u00a1Tengan, para que aprendan!\u201d.<\/p>\n\n\n\n<p>As\u00ed respondi\u00f3 a un desencuentro que horas antes tuvo en el tradicional caf\u00e9 de La Parroquia, donde interrumpi\u00f3 su conferencia de prensa ante los gritos de comensales de \u201c\u00a1fuera, fuera!\u201d, aunque algunos otros le llamaron \u201c\u00a1gobernadora!\u201d.<\/p>\n\n\n\n<p>Originaria de R\u00edo Grande, Zacatecas, el lugar de nacimiento habr\u00eda sido un impedimento constitucional para que Roc\u00edo Nahle fuera candidata. Pero en 2022, su correligionario morenista Cuitl\u00e1huac Garc\u00eda reform\u00f3 la Constituci\u00f3n pol\u00edtica de Veracruz para permitir que fueron considerados veracruzanos quienes tuvieran hijos registrados en el estado o una residencia mayor a cinco a\u00f1os, en lo que se la oposici\u00f3n bautiz\u00f3 como la \u201cLey Nahle\u201d.<\/p>\n\n\n\n<p>La reforma dio la posibilidad a la exsecretaria de contender. Para contrarrestar las cr\u00edticas, argument\u00f3 que sus dos hijas son veracruzanas y tiene m\u00e1s de 30 viviendo en Coatzacoalcos, de donde fue diputada federal y senadora.<\/p>\n\n\n\n<p>Como secretaria de Energ\u00eda, la ingeniera qu\u00edmica ha mostrado como uno de sus mayores logros la construcci\u00f3n de la refiner\u00eda de Dos Bocas en Tabasco, y en su campa\u00f1a en Veracruz ha prometido que reactivar\u00e1 la petroqu\u00edmica.<\/p>\n\n\n\n<p>Pero el reportaje de&nbsp;<strong>Proceso&nbsp;<\/strong>y la organizaci\u00f3n Poder, titulado: \u201cContratos para Dos Bocas: entre la opacidad y los sobrecostos\u201d, revel\u00f3 que el megaproyecto tuvo un sobrecosto que no ha sido aclarado y hasta la fecha no ha producido su primer barril de gasolina.<\/p>\n\n\n\n<p>Uno de los m\u00e1s recientes cuestionamientos es la adquisici\u00f3n de propiedades y la renta de una casa en el exclusivo fraccionamiento de El Dorado en Boca del R\u00edo.<\/p>\n\n\n\n<p>Nahle ha hecho p\u00fablicas siete declaraciones patrimoniales desde que ingres\u00f3 como funcionaria al gabinete presidencial de Andr\u00e9s Manuel L\u00f3pez Obrador.<\/p>\n\n\n\n<p>Antes hab\u00eda sido senadora, diputada federal por Veracruz y asesora en materia energ\u00e9tica en la C\u00e1mara de diputados.<\/p>\n\n\n\n<p>En sus declaraciones, Nahle Garc\u00eda dijo tener cuatro casas a su nombre, una de las cuales fue donada. En 2019 adquiri\u00f3 una casa de 2 millones de pesos y en 2022, otra m\u00e1s por la que habr\u00eda pagado 1.5 millones de pesos.<\/p>\n\n\n\n<p>Ese a\u00f1o adquiri\u00f3 dos pr\u00e9stamos, el primero por 1.5 millones en el banco Scotiabank y el segundo por 950 mil pesos a una persona f\u00edsica. Tambi\u00e9n declar\u00f3 tener un cr\u00e9dito hipotecario que contrat\u00f3 en 2016.<\/p>\n\n\n\n<p>El esc\u00e1ndalo que marc\u00f3 el arranque de la campa\u00f1a surgi\u00f3 unos d\u00edas antes de su registro formal como candidata de la alianza, cuando el empresario Arturo Castagn\u00e9 Couturier mostr\u00f3 escrituras en las que se detalla que en diciembre del 2021 el esposo de la candidata, Jos\u00e9 Luis Pe\u00f1a, compr\u00f3 un terreno en el exclusivo fraccionamiento El Dorado, en Boca del R\u00edo, con valor de 3.6 millones de pesos.<\/p>\n\n\n\n<figure class=\"wp-block-image\"><img decoding=\"async\" src=\"https:\/\/www.proceso.com.mx\/u\/fotografias\/m\/2024\/4\/26\/f768x1-197907_198034_5050.jpeg\" alt=\"\"\/><figcaption>Esc\u00e1ndalo. Propiedades de Nahle. Foto: Especial.<\/figcaption><\/figure>\n\n\n\n<p>En el documento se evidencia que Jos\u00e9 Luis Pe\u00f1a \u2014quien es jubilado de Pemex\u2014 pag\u00f3 1.4 millones de pesos a trav\u00e9s de tres transferencias bancarias, y para cubrir el resto del costo del terreno pidi\u00f3 un cr\u00e9dito bancario a Banorte con garant\u00eda hipotecaria por 2.1 millones de pesos.<\/p>\n\n\n\n<p>Tambi\u00e9n exhibi\u00f3 escrituras de la compra de un terreno por 4 millones 970 mil pesos en el exclusivo fraccionamiento El Dorado de Boca del R\u00edo, adquisici\u00f3n que realiz\u00f3 Maribel Hoyos Pe\u00f1a, sobrina del esposo de Roc\u00edo Nahle.<\/p>\n\n\n\n<p>La candidata reconoci\u00f3 que vive en la casa del fraccionamiento El Dorado, pero neg\u00f3 que sea de su propiedad y dijo que era rentada por la campa\u00f1a electoral, mientras que ha acusado al frente opositor de querer difamarla: \u201cYo no me enredo en sus intrigas y sus disparates\u201d.<\/p>\n\n\n\n<p>El candidato opositor Jos\u00e9 Yunes present\u00f3 una denuncia ante la fiscal\u00eda general de la Rep\u00fablica (FGR) en contra de Roc\u00edo Nahle, por presunto enriquecimiento il\u00edcito y operaciones con recursos de procedencia il\u00edcita.<\/p>\n\n\n\n<p>Nahle respondi\u00f3 que despu\u00e9s del 2 de junio interpondr\u00e1 una denuncia por lo que califica como una campa\u00f1a de difamaci\u00f3n y acoso en contra de su familia.<\/p>\n\n\n\n<p>El estratega pol\u00edtico Fernando V\u00e1zquez asegur\u00f3 que la candidata de Morena ha perdido puntos de ventaja por los errores cometidos durante los primeros d\u00edas de su campa\u00f1a.<\/p>\n\n\n\n<p>\u201cLa candidata ha perdido los puntos de ventajas. Calculamos que ahora lleva poco m\u00e1s de diez puntos de ventaja cuando empez\u00f3 con 30, porque ha tenido complicaciones hacia adentro de Morena por fracturas de las corrientes partidistas, los se\u00f1alamientos de falta de arraigo y conocimiento sobre Veracruz y los temas de corrupci\u00f3n que no ha logrado responder\u201d, opin\u00f3.<\/p>\n\n\n\n<p>Sobre las acusaciones de presunta corrupci\u00f3n por la compra de propiedades, consider\u00f3 que los temas patrimoniales son sensibles y agreg\u00f3: \u201cYa viene de haber sido cuestionada por el tema fallido como la refiner\u00eda de Dos Bocas que aument\u00f3 su costo. Bajo esta sombra de sospecha, la irrupci\u00f3n de esta cantidad de inmuebles y el hecho de que no hayan sido transparentados est\u00e1 mermando su campa\u00f1a, con una tendencia a la baja y un crecimiento del frente opositor que est\u00e1 aprovechando el momento\u201d.<\/p>\n\n\n\n<p>Mientras tanto, Jos\u00e9 Yunes Zorrilla ir\u00e1 por su tercer intento para ser gobernador de Veracruz, esta vez en una coalici\u00f3n hist\u00f3rica a nivel local, en el frente opositor PAN-PRI-PRD.<\/p>\n\n\n\n<p>El candidato, que obtuvo 456 mil votos en la \u00faltima elecci\u00f3n donde perdi\u00f3 frente al actual gobernador de Morena, Cuitl\u00e1huac Garc\u00eda, asegura que la competencia est\u00e1 cerrada y esta vez tiene posibilidad de ganar.<\/p>\n\n\n\n<p>\u201cLas encuestas no ganan elecciones, los votos s\u00ed, yo llamo a que salgamos a votar este 2 de junio, en unidad, por un cambio\u201d, ha dicho en sus m\u00edtines.<\/p>\n\n\n\n<p>Yunes Zorrilla es de Perote, egresado en Administraci\u00f3n del ITAM y descendiente de un priista de la vieja escuela pol\u00edtica. Ha sido senador, diputado local y federal dos veces, adem\u00e1s de presidente municipal de su natal Perote y ha tenido diversos cargos partidistas dentro de su partido.<\/p>\n\n\n\n<p>Al presentar su declaraci\u00f3n 3 de 3 ante la organizaci\u00f3n Transparencia Mexicana, Yunes Zorrilla ret\u00f3 a Nahle a hacer lo mismo.<\/p>\n\n\n\n<p>El candidato tambi\u00e9n ha sido cuestionado por propiedades de su familia. \u201cEl tener propiedades no es delito, el origen de los recursos para obtener esas propiedades es lo que estamos cuestionando. Hay un patrimonio antes y despu\u00e9s de ser funcionaria. Por el contrario, yo tengo el mismo patrimonio desde 2015\u201d, ha dicho al respecto.<\/p>\n\n\n\n<figure class=\"wp-block-image\"><img decoding=\"async\" src=\"https:\/\/www.proceso.com.mx\/u\/fotografias\/m\/2024\/4\/26\/f768x1-197904_198031_5050.jpeg\" alt=\"\"\/><figcaption>Deschamps. Un d\u00eda antes era del PAN. Foto: X &nbsp;@PoloDeschamps<\/figcaption><\/figure>\n\n\n\n<p>Adem\u00e1s de los ingresos por la funci\u00f3n p\u00fablica, Yunes declar\u00f3 ganancias por un inmueble que le fue donado y cuyo valor asciende a los siete millones de pesos. Tambi\u00e9n tiene participaci\u00f3n accionaria en empresas de su familia, como una calera y negocios forestales. Entre sus propiedades declar\u00f3 un terreno de 50 mil metros cuadrados con valor de 7.5 millones de pesos que le fue donado por padre, el tambi\u00e9n priista Jos\u00e9 Yunes Su\u00e1rez.<\/p>\n\n\n\n<p>Hip\u00f3lito Deschamps Espino Barro, candidato de Movimiento Ciudadano, era panista hasta unos d\u00edas antes de ser designado como aspirante.<\/p>\n\n\n\n<p>Su campa\u00f1a ha estado alejada de m\u00edtines pol\u00edticos y concentraciones, m\u00e1s bien ha recorrido el estado de casa en casa. Como peculiaridad, en su cuenta de TikTok, que alcanza m\u00e1s de 50 mil seguidores, ha hecho una ruta gastron\u00f3mica.<\/p>\n\n\n\n<p>Es abogado por la Escuela Libre de Derecho; proviene de una familia de empresarios y es socio de varias empresas. Hasta el momento no ha hecho p\u00fablica su declaraci\u00f3n patrimonial.<\/p>\n\n\n\n<p>Desde su cuenta de TikTok ha impulsado sus principales propuestas y a trav\u00e9s de \u00e9sta ha intentado sumarse al debate de los otros dos candidatos, que le llevan amplia ventaja.<\/p>\n\n\n\n<p>M\u00e1s all\u00e1 de las acusaciones medi\u00e1ticas, la candidata de Morena ha anunciado la creaci\u00f3n de 12 mil comit\u00e9s electorales rumbo a la gubernatura.<\/p>\n\n\n\n<p>Para contrarrestar esta estructura, en su reciente visita a Veracruz, el dirigente nacional del PRI, Alejandro Moreno C\u00e1rdenas, hizo nombramientos para cuidar los votos y design\u00f3 a Beatriz Paredes, Manuel Cota \u2014l\u00edder nacional de CNC y exsenador\u2014 y al exgobernador de Coahuila Rub\u00e9n Moreira para blindar la elecci\u00f3n.<\/p>\n\n\n\n<h2 class=\"wp-block-heading\">Morena, el control<\/h2>\n\n\n\n<p>En las elecciones del 2 de junio pr\u00f3ximo, el estado tambi\u00e9n ser\u00e1n una prioridad a nivel presidencial, pues tiene el cuarto padr\u00f3n m\u00e1s grande del pa\u00eds. En la \u00faltima elecci\u00f3n del 2018 votaron 3.3 millones de electores y la entidad aport\u00f3 1.7 millones de votos al entonces candidato Andr\u00e9s Manuel L\u00f3pez Obrador.<\/p>\n\n\n\n<p>Desde que gan\u00f3 la gubernatura en 2018, Morena ha avanzado en posiciones.<\/p>\n\n\n\n<p>En la elecci\u00f3n intermedia del 2021 gan\u00f3 103 municipios, 26 diputaciones en el Congreso local y 18 en la C\u00e1mara de Diputados. El triunfo hizo que el estado cambiara su configuraci\u00f3n pol\u00edtica y signific\u00f3 la peor derrota electoral del PAN-PRD-PRI, quienes en conjunto perdieron 99 municipios y decenas de posiciones en el Congreso.<\/p>\n\n\n\n<p>Adem\u00e1s, desde que es partido en el poder, Morena ha sumado a una treintena de alcaldes que eran de oposici\u00f3n a sus filas.<\/p>\n\n\n\n<p>El dirigente del PRD en Veracruz, Sergio Cadena, dijo en entrevista que al menos 15 alcaldes han sido amenazados por autoridades estatales para brindar apoyo a Morena: \u201cLos alcaldes est\u00e1n sufriendo todo tipo de presiones de parte de gobierno del Estado, del propio \u00d3rgano de Fiscalizaci\u00f3n y hasta la Fiscal\u00eda\u201d.<\/p>\n\n\n\n<p>El dirigente estatal del Movimiento de Regeneraci\u00f3n Nacional, Esteban Ram\u00edrez Zepeta, ha se\u00f1alado que Morena representa el partido m\u00e1s fuerte en esta contienda electoral y un basti\u00f3n electoral a nivel nacional.<\/p>\n\n\n\n<p>Asegur\u00f3 que, seg\u00fan las encuestas electorales, su candidata Roc\u00edo Nahle estar\u00e1 al frente de la elecci\u00f3n con m\u00e1s de 30 puntos de diferencia con su contrincante m\u00e1s cercano.<\/p>\n\n\n\n<figure class=\"wp-block-image\"><img decoding=\"async\" src=\"https:\/\/www.proceso.com.mx\/u\/fotografias\/m\/2024\/4\/26\/f768x1-197906_198033_5050.jpeg\" alt=\"\"\/><figcaption>Garc\u00eda. Era la esperanza.&nbsp;Foto: Yahir Ceballos.<\/figcaption><\/figure>\n\n\n\n<p>El l\u00edder del PAN en Veracruz, Federico Salom\u00f3n, inform\u00f3 que ha promovido quejas ante los organismos electorales y la fiscal\u00eda por el uso de recursos p\u00fablicos en favor de la candidata de Morena, Roc\u00edo Nahle, pero la mayor\u00eda ha sido desechada.<\/p>\n\n\n\n<p>La \u00fanica sanci\u00f3n fue aplicada en enero pasado, cuando el Organismo P\u00fablico Local Electoral orden\u00f3 al gobernador Cuitl\u00e1huac Garc\u00eda Jim\u00e9nez eliminar de sus redes sociales el video que grab\u00f3 en Casa de gobierno Veracruz, donde anuncia a Roc\u00edo Nahle como ganadora del proceso interno de Morena.<\/p>\n\n\n\n<h2 class=\"wp-block-heading\">Un estado violento<\/h2>\n\n\n\n<p>Los candidatos arrancaron campa\u00f1a el 31 de marzo en eventos masivos y hasta el 29 de mayo recorrer\u00e1n este estado que se ubica entre los diez con m\u00e1s homicidios dolosos en el pa\u00eds.<\/p>\n\n\n\n<p>El estudio de Data C\u00edvica \u201cVotar entre balas\u201d se\u00f1ala que Veracruz, junto con Guerrero, Guanajuato y Oaxaca, registran el 38.4% de los eventos violentos durante el presente proceso electoral.<\/p>\n\n\n\n<p>La numeralia respalda estos datos: En octubre del 2023 fue asesinado el exalcalde de Guti\u00e9rrez Zamora, Wilman Monje, quien era aspirante de Movimiento Ciudadano. Tres meses m\u00e1s tarde, Alejandro Naredo, presidente del comit\u00e9 municipal de Cuitl\u00e1huac, del PRD, fue ultimado a balazos.<\/p>\n\n\n\n<p>En febrero de este a\u00f1o fueron asesinados Andr\u00e9s Valencia R\u00edo, exalcalde de San Juan Evangelista por la alianza PAN-PRD y Manuel Hern\u00e1ndez, funcionario municipal de Misantla y aspirante a una diputaci\u00f3n local por Morena.<\/p>\n\n\n\n<figure class=\"wp-block-image\"><img decoding=\"async\" src=\"https:\/\/www.proceso.com.mx\/u\/fotografias\/m\/2024\/4\/26\/f768x1-197908_198035_5050.jpeg\" alt=\"\"\/><figcaption>Valencia. Asesinado.&nbsp;Foto: FB &nbsp;Andr\u00e9s Valencia.<\/figcaption><\/figure>\n\n\n\n<p>El asesinato m\u00e1s reciente fue el de Policarpo Ram\u00edrez Coria, primo de dirigente del PRI en Veracruz, Adolfo Ram\u00edrez Arana.<\/p>\n\n\n\n<p>Otros pol\u00edticos y funcionarios asesinados durante el \u00faltimo a\u00f1o son: Fernando P\u00e9rez Vega, excandidato de Fuerza por M\u00e9xico en el municipio de Coxquihui, asesinado junto a su familia en enero de 2023; Leonardo Guzm\u00e1n, director del Bienestar en Tlapacoyan; Alexis S\u00e1nchez, exdiputado local, as\u00ed como Antonio Hern\u00e1ndez, director de obras p\u00fablicas en Amatl\u00e1n, entre otros.<\/p>\n\n\n\n<p>A estos ataques se suman por otro lado varias masacres, como el abandono \u2014en dos hechos distintos\u2014 de al menos 15 cuerpos en hieleras en espacios p\u00fablicos de Tuxpan al norte de Veracruz, el de otros cuerpos que fueron dejados frente al palacio municipal de Cazones y el asesinato de siete personas en Acultzingo.<\/p>\n\n\n\n<p>El gobernador Cuitl\u00e1huac Garc\u00eda ha salido al paso de estas expresiones de violencia diciendo que se trata de la disputa de bandas del crimen organizado.<\/p>\n\n\n\n<p>Sobre esta situaci\u00f3n de inseguridad, el Organismo P\u00fablico Local Electoral y el Instituto Nacional Electoral en Veracruz ha se\u00f1alado que espera ser incluido en las mesas de seguridad.<\/p>\n\n\n\n<p>Fuente: <a href=\"https:\/\/www.proceso.com.mx\/nacional\/2024\/4\/27\/choques-entre-candidatos-violencia-crispan-campanas-en-veracruz-327949.html\">https:\/\/www.proceso.com.mx\/nacional\/2024\/4\/27\/choques-entre-candidatos-violencia-crispan-campanas-en-veracruz-327949.html<\/a><\/p>\n","protected":false},"excerpt":{"rendered":"<p>Mutuas acusaciones de corrupci\u00f3n, viejos grupos pol\u00edticos atenazados al poder y los asesinatos de personajes pol\u00edticos tensan las campa\u00f1as electorales [&hellip;]<\/p>\n","protected":false},"author":1,"featured_media":73197,"comment_status":"open","ping_status":"open","sticky":false,"template":"","format":"standard","meta":{"site-sidebar-layout":"default","site-content-layout":"","ast-site-content-layout":"default","site-content-style":"default","site-sidebar-style":"default","ast-global-header-display":"","ast-banner-title-visibility":"","ast-main-header-display":"","ast-hfb-above-header-display":"","ast-hfb-below-header-display":"","ast-hfb-mobile-header-display":"","site-post-title":"","ast-breadcrumbs-content":"","ast-featured-img":"","footer-sml-layout":"","theme-transparent-header-meta":"","adv-header-id-meta":"","stick-header-meta":"","header-above-stick-meta":"","header-main-stick-meta":"","header-below-stick-meta":"","astra-migrate-meta-layouts":"default","ast-page-background-enabled":"default","ast-page-background-meta":{"desktop":{"background-color":"var(--ast-global-color-4)","background-image":"","background-repeat":"repeat","background-position":"center center","background-size":"auto","background-attachment":"scroll","background-type":"","background-media":"","overlay-type":"","overlay-color":"","overlay-opacity":"","overlay-gradient":""},"tablet":{"background-color":"","background-image":"","background-repeat":"repeat","background-position":"center center","background-size":"auto","background-attachment":"scroll","background-type":"","background-media":"","overlay-type":"","overlay-color":"","overlay-opacity":"","overlay-gradient":""},"mobile":{"background-color":"","background-image":"","background-repeat":"repeat","background-position":"center center","background-size":"auto","background-attachment":"scroll","background-type":"","background-media":"","overlay-type":"","overlay-color":"","overlay-opacity":"","overlay-gradient":""}},"ast-content-background-meta":{"desktop":{"background-color":"var(--ast-global-color-5)","background-image":"","background-repeat":"repeat","background-position":"center center","background-size":"auto","background-attachment":"scroll","background-type":"","background-media":"","overlay-type":"","overlay-color":"","overlay-opacity":"","overlay-gradient":""},"tablet":{"background-color":"var(--ast-global-color-5)","background-image":"","background-repeat":"repeat","background-position":"center center","background-size":"auto","background-attachment":"scroll","background-type":"","background-media":"","overlay-type":"","overlay-color":"","overlay-opacity":"","overlay-gradient":""},"mobile":{"background-color":"var(--ast-global-color-5)","background-image":"","background-repeat":"repeat","background-position":"center center","background-size":"auto","background-attachment":"scroll","background-type":"","background-media":"","overlay-type":"","overlay-color":"","overlay-opacity":"","overlay-gradient":""}},"footnotes":""},"categories":[8],"tags":[24492,24491,24495],"class_list":["post-73196","post","type-post","status-publish","format-standard","has-post-thumbnail","hentry","category-noticias","tag-crimen-organizado-veracruz","tag-elecciones-veracruz-2024","tag-tension-politica-veracruz-2"],"_links":{"self":[{"href":"https:\/\/losperiodistas.com.mx\/portal\/wp-json\/wp\/v2\/posts\/73196","targetHints":{"allow":["GET"]}}],"collection":[{"href":"https:\/\/losperiodistas.com.mx\/portal\/wp-json\/wp\/v2\/posts"}],"about":[{"href":"https:\/\/losperiodistas.com.mx\/portal\/wp-json\/wp\/v2\/types\/post"}],"author":[{"embeddable":true,"href":"https:\/\/losperiodistas.com.mx\/portal\/wp-json\/wp\/v2\/users\/1"}],"replies":[{"embeddable":true,"href":"https:\/\/losperiodistas.com.mx\/portal\/wp-json\/wp\/v2\/comments?post=73196"}],"version-history":[{"count":1,"href":"https:\/\/losperiodistas.com.mx\/portal\/wp-json\/wp\/v2\/posts\/73196\/revisions"}],"predecessor-version":[{"id":73198,"href":"https:\/\/losperiodistas.com.mx\/portal\/wp-json\/wp\/v2\/posts\/73196\/revisions\/73198"}],"wp:featuredmedia":[{"embeddable":true,"href":"https:\/\/losperiodistas.com.mx\/portal\/wp-json\/wp\/v2\/media\/73197"}],"wp:attachment":[{"href":"https:\/\/losperiodistas.com.mx\/portal\/wp-json\/wp\/v2\/media?parent=73196"}],"wp:term":[{"taxonomy":"category","embeddable":true,"href":"https:\/\/losperiodistas.com.mx\/portal\/wp-json\/wp\/v2\/categories?post=73196"},{"taxonomy":"post_tag","embeddable":true,"href":"https:\/\/losperiodistas.com.mx\/portal\/wp-json\/wp\/v2\/tags?post=73196"}],"curies":[{"name":"wp","href":"https:\/\/api.w.org\/{rel}","templated":true}]}}