{"id":73137,"date":"2024-04-26T08:21:23","date_gmt":"2024-04-26T13:21:23","guid":{"rendered":"https:\/\/losperiodistas.com.mx\/portal\/?p=73137"},"modified":"2024-04-26T08:21:26","modified_gmt":"2024-04-26T13:21:26","slug":"opinion-cambiar-a-mexico-el-objetivo-de-los-jovenes","status":"publish","type":"post","link":"https:\/\/losperiodistas.com.mx\/portal\/opinion-cambiar-a-mexico-el-objetivo-de-los-jovenes\/","title":{"rendered":"Opini\u00f3n | Cambiar a M\u00e9xico, el objetivo de los j\u00f3venes"},"content":{"rendered":"\n<p><\/p>\n\n\n\n<p class=\"has-medium-font-size\">*Rechazan la pol\u00edtica por hartazgo, asegura Juli\u00e1n Lozada, candidato a Diputado Federal por MC<\/p>\n\n\n\n<figure class=\"wp-block-image size-large\"><img fetchpriority=\"high\" decoding=\"async\" width=\"1024\" height=\"553\" src=\"https:\/\/losperiodistas.com.mx\/portal\/wp-content\/uploads\/2024\/04\/IKER-LOZADA-DEL-MC-1-1024x553.jpeg\" alt=\"\" class=\"wp-image-73139\" srcset=\"https:\/\/losperiodistas.com.mx\/portal\/wp-content\/uploads\/2024\/04\/IKER-LOZADA-DEL-MC-1-1024x553.jpeg 1024w, https:\/\/losperiodistas.com.mx\/portal\/wp-content\/uploads\/2024\/04\/IKER-LOZADA-DEL-MC-1-300x162.jpeg 300w, https:\/\/losperiodistas.com.mx\/portal\/wp-content\/uploads\/2024\/04\/IKER-LOZADA-DEL-MC-1-768x415.jpeg 768w, https:\/\/losperiodistas.com.mx\/portal\/wp-content\/uploads\/2024\/04\/IKER-LOZADA-DEL-MC-1.jpeg 1038w\" sizes=\"(max-width: 1024px) 100vw, 1024px\" \/><\/figure>\n\n\n\n<p class=\"has-vivid-red-color has-text-color\" style=\"font-size:26px\"><strong><em>Por Ra\u00fal Torres Salmer\u00f3n<\/em><\/strong><\/p>\n\n\n\n<p>Iker Juli\u00e1n Lozada Xilotl, con 21 a\u00f1os de edad y estudiante universitario es el candidato a Diputado Federal por el distrito 11 de Puebla Capital por el partido Movimiento Ciudadano. Ese Distrito abarca 120 colonias del sur oriente del Municipio.<\/p>\n\n\n\n<p>Es de una familia de clase media y est\u00e1 muy consciente de lo que hace. Se explaya en una reuni\u00f3n con columnistas en el restaurante Sant\u00f3ua, en la 2 sur 1103 en el Centro Hist\u00f3rico. Estudia en la Facultad de Econom\u00eda de la BUAP. Se presenta con una camiseta naranja, pero sin tenis de los llamados fosfo-fosfo. Entre otras cosas, expres\u00f3 lo siguiente:<\/p>\n\n\n\n<p>-Hay un rechazo de los j\u00f3venes a la pol\u00edtica, hubo ostentosas pre campa\u00f1as de los aspirantes al Gobierno del Estado, pues hay un hartazgo pol\u00edtico, porque las campa\u00f1as las deben hacer las personas, no los anuncios.<\/p>\n\n\n\n<p>-En el Distrito 11 federal, al igual que en muchas partes, predomina la inseguridad, falta el alumbrado p\u00fablico y el agua.<\/p>\n\n\n\n<p>-La tarea del legislador no es solucionar problemas, sino legislar, fiscalizar y gestionar.<\/p>\n\n\n\n<p>-De llegar a la C\u00e1mara de Diputados luchar\u00e9 por abolir la exigencia de que a los j\u00f3venes egresados de las universidades se les exija experiencia, cuando podemos aportar muchas cosas m\u00e1s.<\/p>\n\n\n\n<p>-M\u00e9xico debe cambiar. Como joven, en el Congreso de la Uni\u00f3n buscar\u00e9 que lo bueno hecho por los gobiernos y en las leyes contin\u00fae. Lo malo se debe corregir y seguir adelante, no todo debe destruirse.<\/p>\n\n\n\n<p>-No quiero m\u00e1s de lo mismo para M\u00e9xico, aunque reconozco que se trata de una competencia desigual. Espero obtener 100 mil votos o m\u00e1s, en la pr\u00f3xima elecci\u00f3n del 2 de junio.<\/p>\n\n\n\n<p>-He visitado a pie casas, departamentos y unidades habitacionales como Agua Santa, Loma Bella, San Ram\u00f3n en sus 4 secciones, as\u00ed como Prados Agua Azul, Mayorazgo, Villa Encantada y los mercados Independencia y Zapata.<\/p>\n\n\n\n<p>-Estoy en desventaja con los otros aspirantes. No puedo competir a billetazos como lo hacen los abanderados de las otras dos coaliciones encabezados por MORENA y sus aliados o el PRIAN.<\/p>\n\n\n\n<p>-Los candidatos competidores en el Distrito, son dos verdaderas joyas, por el PRI-PAN-PRD-PSI va Juan Jos\u00e9 Espinosa y por Morena-PVEM-PT, Antonio \u2018To\u00f1o\u2019 L\u00f3pez, quien no cumpli\u00f3 ninguna de sus promesas como Diputado Local.&nbsp;<\/p>\n\n\n\n<p>-Haga campa\u00f1a a trav\u00e9s de caminatas. Las encuestas no dicen nada, son demasiadas y muchas se hacen por encargo.<\/p>\n\n\n\n<p>-Los j\u00f3venes son quienes deben cambiar la situaci\u00f3n que se vive en M\u00e9xico, porque no quiero m\u00e1s de lo mismo. Me acompa\u00f1an y ayudan en la campa\u00f1a un grupo de amigos y compa\u00f1eros que se sienten comprometidos e identificados con MC.<\/p>\n\n\n\n<p>-El MC me ha brindado una oportunidad. No soy hijo de pol\u00edtico y he trabajado con organizaciones civiles, soy un ciudadano que quiere cambiar a M\u00e9xico.<\/p>\n\n\n\n<p>-Me busc\u00f3 el Delegado Juvenil del MC, quien me acerco a la dirigencia nacional y me brindaron la oportunidad de ser candidato, situaci\u00f3n que no desaprovechar\u00e9.<\/p>\n\n\n\n<p>-Los j\u00f3venes debemos reclamar posiciones y oportunidades. La resignaci\u00f3n jam\u00e1s volver\u00e1 a ser una opci\u00f3n<\/p>\n\n\n\n<p>-Gane o pierda, seguir\u00e9 desde el MC luchando por justicia social y mejorar calidad de vida para los mexicanos.<\/p>\n\n\n\n<p>-Particip\u00e9 hace poco en la organizaci\u00f3n Juventud Real, con acercamiento de pol\u00edticos como el Senador de la Rep\u00fablica Ricardo Monreal \u00c1vila, quien les abri\u00f3 las puertas en espacios, pero me desanim\u00f3 la forma en que manejan a los j\u00f3venes y la pol\u00edtica de entreguismo que tienen los partidos.<\/p>\n\n\n\n<p>El candidato Lozada Xilotl, ha realizado su campa\u00f1a con los materiales que le ha brindado el partido MC y sostiene reuniones con mujeres, adultos mayores y j\u00f3venes, adem\u00e1s que ha visitado instituciones educativas para dialogar con gente de su edad, porque dice que los j\u00f3venes son m\u00e1s del 40 por ciento del listado nominal del INE.<\/p>\n\n\n\n<p>Al final de la pl\u00e1tica se le pidi\u00f3 un mensaje a los j\u00f3venes y respondi\u00f3 con seriedad y convencimiento que hay que ser cr\u00edtico, hay que reducarse en contra de la demagogia y aplicar la frase aquella que dice es m\u00e1s amigo el que critica que el que aplaude.<\/p>\n\n\n\n<p>En fin, como dice la copla flamenca:<\/p>\n\n\n\n<p>Suma siempre tu alegr\u00eda<\/p>\n\n\n\n<p>y le restas tu dolor,<\/p>\n\n\n\n<p>multiplica tus amigos<\/p>\n\n\n\n<p>y no olvides el amor.<\/p>\n\n\n\n<p>raultorress@hotmail.com<\/p>\n","protected":false},"excerpt":{"rendered":"<p>*Rechazan la pol\u00edtica por hartazgo, asegura Juli\u00e1n Lozada, candidato a Diputado Federal por MC Por Ra\u00fal Torres Salmer\u00f3n Iker Juli\u00e1n [&hellip;]<\/p>\n","protected":false},"author":1,"featured_media":73138,"comment_status":"open","ping_status":"open","sticky":false,"template":"","format":"standard","meta":{"site-sidebar-layout":"default","site-content-layout":"","ast-site-content-layout":"default","site-content-style":"default","site-sidebar-style":"default","ast-global-header-display":"","ast-banner-title-visibility":"","ast-main-header-display":"","ast-hfb-above-header-display":"","ast-hfb-below-header-display":"","ast-hfb-mobile-header-display":"","site-post-title":"","ast-breadcrumbs-content":"","ast-featured-img":"","footer-sml-layout":"","theme-transparent-header-meta":"","adv-header-id-meta":"","stick-header-meta":"","header-above-stick-meta":"","header-main-stick-meta":"","header-below-stick-meta":"","astra-migrate-meta-layouts":"default","ast-page-background-enabled":"default","ast-page-background-meta":{"desktop":{"background-color":"var(--ast-global-color-4)","background-image":"","background-repeat":"repeat","background-position":"center center","background-size":"auto","background-attachment":"scroll","background-type":"","background-media":"","overlay-type":"","overlay-color":"","overlay-opacity":"","overlay-gradient":""},"tablet":{"background-color":"","background-image":"","background-repeat":"repeat","background-position":"center center","background-size":"auto","background-attachment":"scroll","background-type":"","background-media":"","overlay-type":"","overlay-color":"","overlay-opacity":"","overlay-gradient":""},"mobile":{"background-color":"","background-image":"","background-repeat":"repeat","background-position":"center center","background-size":"auto","background-attachment":"scroll","background-type":"","background-media":"","overlay-type":"","overlay-color":"","overlay-opacity":"","overlay-gradient":""}},"ast-content-background-meta":{"desktop":{"background-color":"var(--ast-global-color-5)","background-image":"","background-repeat":"repeat","background-position":"center center","background-size":"auto","background-attachment":"scroll","background-type":"","background-media":"","overlay-type":"","overlay-color":"","overlay-opacity":"","overlay-gradient":""},"tablet":{"background-color":"var(--ast-global-color-5)","background-image":"","background-repeat":"repeat","background-position":"center center","background-size":"auto","background-attachment":"scroll","background-type":"","background-media":"","overlay-type":"","overlay-color":"","overlay-opacity":"","overlay-gradient":""},"mobile":{"background-color":"var(--ast-global-color-5)","background-image":"","background-repeat":"repeat","background-position":"center center","background-size":"auto","background-attachment":"scroll","background-type":"","background-media":"","overlay-type":"","overlay-color":"","overlay-opacity":"","overlay-gradient":""}},"footnotes":""},"categories":[8,19],"tags":[8711,24469,2320],"class_list":["post-73137","post","type-post","status-publish","format-standard","has-post-thumbnail","hentry","category-noticias","category-sin-limites-2","tag-elecciones-puebla-2024","tag-julian-lozada","tag-movimiento-ciudadano"],"_links":{"self":[{"href":"https:\/\/losperiodistas.com.mx\/portal\/wp-json\/wp\/v2\/posts\/73137","targetHints":{"allow":["GET"]}}],"collection":[{"href":"https:\/\/losperiodistas.com.mx\/portal\/wp-json\/wp\/v2\/posts"}],"about":[{"href":"https:\/\/losperiodistas.com.mx\/portal\/wp-json\/wp\/v2\/types\/post"}],"author":[{"embeddable":true,"href":"https:\/\/losperiodistas.com.mx\/portal\/wp-json\/wp\/v2\/users\/1"}],"replies":[{"embeddable":true,"href":"https:\/\/losperiodistas.com.mx\/portal\/wp-json\/wp\/v2\/comments?post=73137"}],"version-history":[{"count":1,"href":"https:\/\/losperiodistas.com.mx\/portal\/wp-json\/wp\/v2\/posts\/73137\/revisions"}],"predecessor-version":[{"id":73140,"href":"https:\/\/losperiodistas.com.mx\/portal\/wp-json\/wp\/v2\/posts\/73137\/revisions\/73140"}],"wp:featuredmedia":[{"embeddable":true,"href":"https:\/\/losperiodistas.com.mx\/portal\/wp-json\/wp\/v2\/media\/73138"}],"wp:attachment":[{"href":"https:\/\/losperiodistas.com.mx\/portal\/wp-json\/wp\/v2\/media?parent=73137"}],"wp:term":[{"taxonomy":"category","embeddable":true,"href":"https:\/\/losperiodistas.com.mx\/portal\/wp-json\/wp\/v2\/categories?post=73137"},{"taxonomy":"post_tag","embeddable":true,"href":"https:\/\/losperiodistas.com.mx\/portal\/wp-json\/wp\/v2\/tags?post=73137"}],"curies":[{"name":"wp","href":"https:\/\/api.w.org\/{rel}","templated":true}]}}