{"id":73089,"date":"2024-04-25T10:04:58","date_gmt":"2024-04-25T15:04:58","guid":{"rendered":"https:\/\/losperiodistas.com.mx\/portal\/?p=73089"},"modified":"2024-04-25T10:05:01","modified_gmt":"2024-04-25T15:05:01","slug":"si-gana-chedraui-comprometera-a-federacion-y-estado-para-tener-mas-recursos-e-consulta","status":"publish","type":"post","link":"https:\/\/losperiodistas.com.mx\/portal\/si-gana-chedraui-comprometera-a-federacion-y-estado-para-tener-mas-recursos-e-consulta\/","title":{"rendered":"Si gana, Chedraui comprometer\u00e1 a Federaci\u00f3n y estado para tener m\u00e1s recursos | e-consulta"},"content":{"rendered":"\n<p class=\"has-medium-font-size\">El candidato de la coalici\u00f3n de Morena a la capital dijo que presentar\u00e1 proyectos sustentables para que sean financiados por Claudia Sheinbaum y Alejandro Armenta<\/p>\n\n\n\n<figure class=\"wp-block-image size-full\"><img fetchpriority=\"high\" decoding=\"async\" width=\"640\" height=\"426\" src=\"https:\/\/losperiodistas.com.mx\/portal\/wp-content\/uploads\/2024\/04\/si_gana_chedraui_comprometera_a_federacion_y_estado_para_tener_mas_recursos.jpg\" alt=\"\" class=\"wp-image-73090\" srcset=\"https:\/\/losperiodistas.com.mx\/portal\/wp-content\/uploads\/2024\/04\/si_gana_chedraui_comprometera_a_federacion_y_estado_para_tener_mas_recursos.jpg 640w, https:\/\/losperiodistas.com.mx\/portal\/wp-content\/uploads\/2024\/04\/si_gana_chedraui_comprometera_a_federacion_y_estado_para_tener_mas_recursos-300x200.jpg 300w\" sizes=\"(max-width: 640px) 100vw, 640px\" \/><figcaption>Foto: Carlos Moreno<\/figcaption><\/figure>\n\n\n\n<p class=\"has-vivid-red-color has-text-color has-medium-font-size\"><strong>CARLOS MORENO \/ e-consulta<\/strong><\/p>\n\n\n\n<p>El&nbsp;<strong>candidato a la presidencia de Puebla<\/strong>,&nbsp;<strong>Jos\u00e9 Chedraui Budib<\/strong>&nbsp;asever\u00f3 que una vez que gane la elecci\u00f3n comprometer\u00e1 al gobierno local y federal con proyectos sustentables para que la capital obtenga&nbsp;<strong>2 mil millones de pesos m\u00e1s de presupuesto<\/strong>&nbsp;por a\u00f1o, para que sean invertidos en infraestructura.<\/p>\n\n\n\n<p>En entrevista en el programa\u00a0<a href=\"https:\/\/www.youtube.com\/watch?v=963LQcDpjjg\" target=\"_blank\" rel=\"noreferrer noopener\"><strong>Cuchara Cuchillo Tenedor<\/strong><\/a>,<strong>\u00a0Jos\u00e9 Chedraui<\/strong>\u00a0admiti\u00f3 que el municipio cuenta con 7 mil millones de pesos de recursos propios, por lo que al comprometer a ambos gobiernos a que traigan a las constructoras\u00a0<strong>se podr\u00eda aumentar el n\u00famero de obras<\/strong>\u00a0en la capital.<\/p>\n\n\n\n<figure class=\"wp-block-embed is-type-video is-provider-youtube wp-block-embed-youtube wp-embed-aspect-16-9 wp-has-aspect-ratio\"><div class=\"wp-block-embed__wrapper\">\n<iframe title=\"\ud83d\udea8 \u00bfPepe Chedraui acepta debate con Mario Riestra?\" width=\"500\" height=\"281\" src=\"https:\/\/www.youtube.com\/embed\/963LQcDpjjg?feature=oembed\" frameborder=\"0\" allow=\"accelerometer; autoplay; clipboard-write; encrypted-media; gyroscope; picture-in-picture; web-share\" referrerpolicy=\"strict-origin-when-cross-origin\" allowfullscreen><\/iframe>\n<\/div><\/figure>\n\n\n\n<p><strong>Chedraui Budib&nbsp;<\/strong>enfatiz\u00f3 en que estos&nbsp;<strong>2 mil millones de pesos no ser\u00edan manejados por la administraci\u00f3n capitalina<\/strong>, sino por el gobierno del estado, ya que de esa manera no habr\u00eda problema con el manejo de recursos.<\/p>\n\n\n\n<p>Te puede interesar:<\/p>\n\n\n\n<p><a href=\"https:\/\/www.e-consulta.com\/nota\/2024-04-10\/politica\/imss-bienestar-un-desafio-para-las-politicas-de-salud-en-puebla-godina\">IMSS-Bienestar, un desaf\u00edo para las pol\u00edticas de salud en Puebla: Godina<\/a><\/p>\n\n\n\n<p>Por otra parte, el&nbsp;<strong>candidato de Morena&nbsp;<\/strong>declar\u00f3 que una de las decisiones por las que&nbsp;<strong>abandon\u00f3 al PRI<\/strong>&nbsp;fue porque dicho partido&nbsp;<strong>nunca le dio<\/strong>&nbsp;lo que en alg\u00fan momento acordaron, pues las decisiones en el Congreso siempre&nbsp;<strong>fueron tomadas por una persona<\/strong>.<\/p>\n\n\n\n<p>\u201cHoy en d\u00eda en mi guarda ropa hay cinco chalecos: el de Fuerza por M\u00e9xico, Nueva Alianza, Partido Verde, Morena y PT,&nbsp;<strong>el rojo [PRI] lo regal\u00e9<\/strong>\u201d; mencion\u00f3 Jos\u00e9 Chedraui, quien tambi\u00e9n fue diputado en el&nbsp;<strong>Congreso de Puebla<\/strong>.<\/p>\n\n\n\n<p>A lo largo de la entrevista, el morenista toc\u00f3 el tema de la&nbsp;<strong>privatizaci\u00f3n del agua en Puebla<\/strong>, cuya postura fue en contra de la concesi\u00f3n que se le dio a&nbsp;<strong>Agua de Puebla&nbsp;<\/strong>en 2014, pero&nbsp;<strong>aclar\u00f3 que su revocaci\u00f3n<\/strong>&nbsp;no le ata\u00f1e al&nbsp;<strong>Ayuntamiento de Puebla<\/strong>, sino al Congreso local.<\/p>\n\n\n\n<p>\u201cEn el Congreso del Estado&nbsp;<strong>no tiene ni voz ni voto el Ayuntamiento<\/strong>&nbsp;para revertir la concesi\u00f3n y no podr\u00eda revertirlo si no es autorizado por el mismo Congreso que entreg\u00f3 la concesi\u00f3n por 30 a\u00f1os\u201d, fue la postura del entrevistado.<\/p>\n\n\n\n<p>Te puede interesar:<\/p>\n\n\n\n<p><a href=\"https:\/\/www.e-consulta.com\/nota\/2023-04-17\/universidades\/buap-deberia-volver-al-centro-historico-tiene-40-inmuebles-disponibles\">BUAP deber\u00eda volver al Centro Hist\u00f3rico, tiene 40 inmuebles disponibles: Montero<\/a><\/p>\n\n\n\n<figure class=\"wp-block-image\"><img decoding=\"async\" src=\"https:\/\/www.e-consulta.com\/_next\/image?url=https%3A%2F%2Ffotos.e-consulta.com%2Fsite_uploads%2F2024%2FAbril%2Finterior_1.jpg&amp;w=3840&amp;q=75\" alt=\"Si gana, Chedraui comprometer\u00e1 a Federaci\u00f3n y estado para tener m\u00e1s recursos\"\/><\/figure>\n\n\n\n<p>Respecto a si&nbsp;<a href=\"https:\/\/www.e-consulta.com\/nota\/2024-04-21\/elecciones\/pepe-chedraui-promete-investigar-permisos-bares-cerca-de-cu-en-puebla\" target=\"_blank\" rel=\"noreferrer noopener\">Jos\u00e9 Chedraui<\/a>, en caso de que gane la elecci\u00f3n, revocar\u00eda la concesi\u00f3n del agua en Puebla, \u00e9l expres\u00f3&nbsp;<strong>\u201cno es mi tema\u201d<\/strong>.<\/p>\n\n\n\n<p>Otro de los problemas con los que cuenta Puebla, en referencia al agua, para el candidato de Morena, es que se debe&nbsp;<strong>cambiar el pavimento<\/strong>&nbsp;por uno adecuado que permita la&nbsp;<strong>filtraci\u00f3n del l\u00edquido&nbsp;<\/strong>para que los mantos acu\u00edferos no se desgasten.<\/p>\n\n\n\n<h2 class=\"wp-block-heading\"><strong>Jos\u00e9 Chedraui y el debate del IEE<\/strong><\/h2>\n\n\n\n<p>Jos\u00e9 Chedraui Budib indic\u00f3 que \u00fanicamente participar\u00e1 en un debate con los dem\u00e1s candidatos a la presidencia municipal&nbsp;<strong>si el Instituto Electoral del Estado de Puebla&nbsp;<\/strong>propone una fecha para que se realice.<\/p>\n\n\n\n<p>Sin embargo, mencion\u00f3 que \u00e9l no seguir\u00e1 la agenda que proponga&nbsp;<strong>Mario Riestra Pi\u00f1a<\/strong>, candidato el PAN, para asistir a un&nbsp;<strong>debate entre aspirantes a la capital poblana<\/strong>; lo anterior en respuesta de qu\u00e9 opinaba sobre la invitaci\u00f3n que le hizo la&nbsp;<strong>Coparmex al IEE<\/strong>&nbsp;sobre un debate entre candidatos.<\/p>\n\n\n\n<p>\u201cNo voy a estar en la&nbsp;<strong>agenda de un ni\u00f1o berrinchudo<\/strong>&nbsp;que quiera debatir, as\u00ed de sencillo [\u2026] Mario sigue insistiendo en que ya ten\u00eda un debate. Se han dedicado a difamarme y a decir mentiras, escondi\u00e9ndose detr\u00e1s de cuentas falsas de internet\u201d.<\/p>\n\n\n\n<p>Rechaz\u00f3 la versi\u00f3n de que no acept\u00f3 el debate de la Coparmex por no tener capacidad para\u00a0<strong>dialogar con los dem\u00e1s candidatos<\/strong>, pues recalc\u00f3 que el d\u00eda que el IEE le ponga fecha para dicho evento asistir\u00e1. (CR)<\/p>\n\n\n\n<figure class=\"wp-block-image\"><img decoding=\"async\" src=\"https:\/\/www.e-consulta.com\/_next\/image?url=https%3A%2F%2Ffotos.e-consulta.com%2Fsite_uploads%2F2024%2FAbril%2Finterior_2.jpg&amp;w=3840&amp;q=75\" alt=\"Si gana, Chedraui comprometer\u00e1 a Federaci\u00f3n y estado para tener m\u00e1s recursos\"\/><\/figure>\n\n\n\n<p><\/p>\n\n\n\n<p>Fuente: <a href=\"https:\/\/www.e-consulta.com\/nota\/2024-04-24\/elecciones\/si-gana-chedraui-comprometera-federacion-y-estado-para-tener-mas-recursos\">https:\/\/www.e-consulta.com\/nota\/2024-04-24\/elecciones\/si-gana-chedraui-comprometera-federacion-y-estado-para-tener-mas-recursos<\/a><\/p>\n","protected":false},"excerpt":{"rendered":"<p>El candidato de la coalici\u00f3n de Morena a la capital dijo que presentar\u00e1 proyectos sustentables para que sean financiados por [&hellip;]<\/p>\n","protected":false},"author":1,"featured_media":73090,"comment_status":"open","ping_status":"open","sticky":false,"template":"","format":"standard","meta":{"site-sidebar-layout":"default","site-content-layout":"","ast-site-content-layout":"default","site-content-style":"default","site-sidebar-style":"default","ast-global-header-display":"","ast-banner-title-visibility":"","ast-main-header-display":"","ast-hfb-above-header-display":"","ast-hfb-below-header-display":"","ast-hfb-mobile-header-display":"","site-post-title":"","ast-breadcrumbs-content":"","ast-featured-img":"","footer-sml-layout":"","theme-transparent-header-meta":"","adv-header-id-meta":"","stick-header-meta":"","header-above-stick-meta":"","header-main-stick-meta":"","header-below-stick-meta":"","astra-migrate-meta-layouts":"default","ast-page-background-enabled":"default","ast-page-background-meta":{"desktop":{"background-color":"var(--ast-global-color-4)","background-image":"","background-repeat":"repeat","background-position":"center center","background-size":"auto","background-attachment":"scroll","background-type":"","background-media":"","overlay-type":"","overlay-color":"","overlay-opacity":"","overlay-gradient":""},"tablet":{"background-color":"","background-image":"","background-repeat":"repeat","background-position":"center center","background-size":"auto","background-attachment":"scroll","background-type":"","background-media":"","overlay-type":"","overlay-color":"","overlay-opacity":"","overlay-gradient":""},"mobile":{"background-color":"","background-image":"","background-repeat":"repeat","background-position":"center center","background-size":"auto","background-attachment":"scroll","background-type":"","background-media":"","overlay-type":"","overlay-color":"","overlay-opacity":"","overlay-gradient":""}},"ast-content-background-meta":{"desktop":{"background-color":"var(--ast-global-color-5)","background-image":"","background-repeat":"repeat","background-position":"center center","background-size":"auto","background-attachment":"scroll","background-type":"","background-media":"","overlay-type":"","overlay-color":"","overlay-opacity":"","overlay-gradient":""},"tablet":{"background-color":"var(--ast-global-color-5)","background-image":"","background-repeat":"repeat","background-position":"center center","background-size":"auto","background-attachment":"scroll","background-type":"","background-media":"","overlay-type":"","overlay-color":"","overlay-opacity":"","overlay-gradient":""},"mobile":{"background-color":"var(--ast-global-color-5)","background-image":"","background-repeat":"repeat","background-position":"center center","background-size":"auto","background-attachment":"scroll","background-type":"","background-media":"","overlay-type":"","overlay-color":"","overlay-opacity":"","overlay-gradient":""}},"footnotes":""},"categories":[8],"tags":[24441,8711,13297,24440],"class_list":["post-73089","post","type-post","status-publish","format-standard","has-post-thumbnail","hentry","category-noticias","tag-debates-puebla","tag-elecciones-puebla-2024","tag-iee","tag-pepe-cghedraui"],"_links":{"self":[{"href":"https:\/\/losperiodistas.com.mx\/portal\/wp-json\/wp\/v2\/posts\/73089","targetHints":{"allow":["GET"]}}],"collection":[{"href":"https:\/\/losperiodistas.com.mx\/portal\/wp-json\/wp\/v2\/posts"}],"about":[{"href":"https:\/\/losperiodistas.com.mx\/portal\/wp-json\/wp\/v2\/types\/post"}],"author":[{"embeddable":true,"href":"https:\/\/losperiodistas.com.mx\/portal\/wp-json\/wp\/v2\/users\/1"}],"replies":[{"embeddable":true,"href":"https:\/\/losperiodistas.com.mx\/portal\/wp-json\/wp\/v2\/comments?post=73089"}],"version-history":[{"count":1,"href":"https:\/\/losperiodistas.com.mx\/portal\/wp-json\/wp\/v2\/posts\/73089\/revisions"}],"predecessor-version":[{"id":73091,"href":"https:\/\/losperiodistas.com.mx\/portal\/wp-json\/wp\/v2\/posts\/73089\/revisions\/73091"}],"wp:featuredmedia":[{"embeddable":true,"href":"https:\/\/losperiodistas.com.mx\/portal\/wp-json\/wp\/v2\/media\/73090"}],"wp:attachment":[{"href":"https:\/\/losperiodistas.com.mx\/portal\/wp-json\/wp\/v2\/media?parent=73089"}],"wp:term":[{"taxonomy":"category","embeddable":true,"href":"https:\/\/losperiodistas.com.mx\/portal\/wp-json\/wp\/v2\/categories?post=73089"},{"taxonomy":"post_tag","embeddable":true,"href":"https:\/\/losperiodistas.com.mx\/portal\/wp-json\/wp\/v2\/tags?post=73089"}],"curies":[{"name":"wp","href":"https:\/\/api.w.org\/{rel}","templated":true}]}}