{"id":73033,"date":"2024-04-24T13:07:17","date_gmt":"2024-04-24T18:07:17","guid":{"rendered":"https:\/\/losperiodistas.com.mx\/portal\/?p=73033"},"modified":"2024-04-24T13:07:20","modified_gmt":"2024-04-24T18:07:20","slug":"opinion-usar-la-tecnologia-a-favor-de-la-tierra","status":"publish","type":"post","link":"https:\/\/losperiodistas.com.mx\/portal\/opinion-usar-la-tecnologia-a-favor-de-la-tierra\/","title":{"rendered":"Opini\u00f3n | Usar la tecnolog\u00eda a favor de la Tierra"},"content":{"rendered":"\n<p><\/p>\n\n\n\n<p class=\"has-vivid-red-color has-text-color\" style=\"font-size:26px\"><strong><em>Por Fernando Manzanilla Prieto<\/em><\/strong><\/p>\n\n\n\n<p>Esta semana se celebr\u00f3 el D\u00eda de la Tierra, una fecha para reflexionar sobre nuestro impacto en el planeta y para comprometernos a conservar y proteger nuestro hogar com\u00fan, el cual desafortunadamente ya sufre los estragos de la contaminaci\u00f3n y el desgaste de los recursos no renovables, a trav\u00e9s de fen\u00f3menos como el cambio clim\u00e1tico.<\/p>\n\n\n\n<p>Sin duda estas condiciones desaf\u00edan la estabilidad de nuestro ecosistema global, por lo que es fundamental considerar c\u00f3mo herramientas tan actuales como la propia tecnolog\u00eda pueden desempe\u00f1ar un papel crucial en la creaci\u00f3n de un futuro m\u00e1s sostenible para ciudades como Puebla.<\/p>\n\n\n\n<p>Y es que la capital poblana afronta desaf\u00edos medioambientales apremiantes, ligados al calentamiento global y al da\u00f1o que se le ha hecho a la Madre Tierra.<\/p>\n\n\n\n<p>El primero de ellos es la deforestaci\u00f3n y desgaste de biodiversidad, ya que Puebla ha experimentado una considerable p\u00e9rdida de \u00e1rboles debido a la expansi\u00f3n agr\u00edcola, la tala ilegal y la urbanizaci\u00f3n descontrolada, lo que ha llevado a la desaparici\u00f3n de h\u00e1bitats naturales y a la disminuci\u00f3n de la biodiversidad en la regi\u00f3n.<\/p>\n\n\n\n<p>Otro de los temas m\u00e1s urgentes por atender es el que deriva de la calidad del aire, la cual se ha visto afectada por la contaminaci\u00f3n atmosf\u00e9rica, principalmente debido a las emisiones de gases de veh\u00edculos, industrias y quemas agr\u00edcolas, aunado a los gases y a la ceniza emitida con gran intensidad por el volc\u00e1n Popocat\u00e9petl, que incluso han puesto en la cuerda floja el arranque del programa \u201cHoy no circula\u201d.<\/p>\n\n\n\n<p>Otro desaf\u00edo medioambiental muy importante es el manejo inadecuado de residuos s\u00f3lidos, ya que no existe infraestructura adecuada, adem\u00e1s de que hay una falta de conciencia sobre la importancia del reciclaje y la reducci\u00f3n de residuos, lo que han llevado a la acumulaci\u00f3n de basura y a la contaminaci\u00f3n de suelos y cuerpos de agua.<\/p>\n\n\n\n<p>Asimismo, uno de los retos m\u00e1s grandes que existen en Puebla es el relacionado con el suministro de agua potable y la contaminaci\u00f3n de fuentes de agua. &nbsp;La sobreexplotaci\u00f3n de acu\u00edferos, la contaminaci\u00f3n industrial y agr\u00edcola, as\u00ed como la falta de infraestructuras adecuadas de tratamiento de aguas residuales contribuyen a enfatizar la problem\u00e1tica.<\/p>\n\n\n\n<p>Sin embargo, a medida que avanzamos, la tecnolog\u00eda ofrece soluciones innovadoras para abordar estos desaf\u00edos y hacer que las ciudades sean m\u00e1s sostenibles y resistentes.<\/p>\n\n\n\n<p>Por ejemplo, una de las formas m\u00e1s efectivas de reducir las emisiones de carbono es adoptar fuentes de energ\u00eda renovable, ya que Puebla se encuentra en una ubicaci\u00f3n privilegiada para el uso de la energ\u00eda solar y e\u00f3lica.<\/p>\n\n\n\n<p>Al respecto, la instalaci\u00f3n de paneles solares en los techos de los edificios y la implementaci\u00f3n de turbinas e\u00f3licas en \u00e1reas estrat\u00e9gicas pueden ayudar a la ciudad a reducir su dependencia de los combustibles f\u00f3siles y disminuir su huella de carbono.<\/p>\n\n\n\n<p>Asimismo, Puebla puede implementar sistemas de transporte inteligentes y sostenibles, como autobuses el\u00e9ctricos en el transporte p\u00fablico del llamado sistema RUTA. Adem\u00e1s, la integraci\u00f3n de aplicaciones m\u00f3viles que promuevan el uso compartido de autom\u00f3viles puede reducir la congesti\u00f3n del tr\u00e1fico y las emisiones de gases de efecto invernadero.<\/p>\n\n\n\n<p>La tecnolog\u00eda tambi\u00e9n puede coadyuvar a optimizar la gesti\u00f3n de residuos, lo que contribuye a la reducci\u00f3n de la contaminaci\u00f3n y la promoci\u00f3n de la econom\u00eda circular. La implementaci\u00f3n de sensores en contenedores de basura tambi\u00e9n colaborar\u00eda a monitorear y optimizar la recolecci\u00f3n de residuos, reduciendo as\u00ed el impacto ambiental.<\/p>\n\n\n\n<p>Incluso, existe ya tecnolog\u00eda de monitoreo ambiental, como los drones equipados con sensores, los cuales ayudan a recopilar datos en tiempo real sobre la calidad del aire, la contaminaci\u00f3n del agua y otros factores ambientales. Estos datos son esenciales para la toma de decisiones informadas y la implementaci\u00f3n de pol\u00edticas efectivas para proteger el medio ambiente.<\/p>\n\n\n\n<p>M\u00e1s all\u00e1 de todos estos avances tecnol\u00f3gicos, recordemos en este D\u00eda de la Tierra que es crucial fomentar la conciencia y la participaci\u00f3n comunitaria en la transici\u00f3n hacia un futuro m\u00e1s sostenible. Hoy, m\u00e1s que nunca, sociedad y gobierno deben colaborar en Puebla para difundir que se asuma la responsabilidad compartida en la cultura de educaci\u00f3n ambiental y la promoci\u00f3n de un estilo de vida sostenible.<\/p>\n","protected":false},"excerpt":{"rendered":"<p>Por Fernando Manzanilla Prieto Esta semana se celebr\u00f3 el D\u00eda de la Tierra, una fecha para reflexionar sobre nuestro impacto [&hellip;]<\/p>\n","protected":false},"author":1,"featured_media":72116,"comment_status":"open","ping_status":"open","sticky":false,"template":"","format":"standard","meta":{"site-sidebar-layout":"default","site-content-layout":"","ast-site-content-layout":"default","site-content-style":"default","site-sidebar-style":"default","ast-global-header-display":"","ast-banner-title-visibility":"","ast-main-header-display":"","ast-hfb-above-header-display":"","ast-hfb-below-header-display":"","ast-hfb-mobile-header-display":"","site-post-title":"","ast-breadcrumbs-content":"","ast-featured-img":"","footer-sml-layout":"","theme-transparent-header-meta":"","adv-header-id-meta":"","stick-header-meta":"","header-above-stick-meta":"","header-main-stick-meta":"","header-below-stick-meta":"","astra-migrate-meta-layouts":"default","ast-page-background-enabled":"default","ast-page-background-meta":{"desktop":{"background-color":"var(--ast-global-color-4)","background-image":"","background-repeat":"repeat","background-position":"center center","background-size":"auto","background-attachment":"scroll","background-type":"","background-media":"","overlay-type":"","overlay-color":"","overlay-opacity":"","overlay-gradient":""},"tablet":{"background-color":"","background-image":"","background-repeat":"repeat","background-position":"center center","background-size":"auto","background-attachment":"scroll","background-type":"","background-media":"","overlay-type":"","overlay-color":"","overlay-opacity":"","overlay-gradient":""},"mobile":{"background-color":"","background-image":"","background-repeat":"repeat","background-position":"center center","background-size":"auto","background-attachment":"scroll","background-type":"","background-media":"","overlay-type":"","overlay-color":"","overlay-opacity":"","overlay-gradient":""}},"ast-content-background-meta":{"desktop":{"background-color":"var(--ast-global-color-5)","background-image":"","background-repeat":"repeat","background-position":"center center","background-size":"auto","background-attachment":"scroll","background-type":"","background-media":"","overlay-type":"","overlay-color":"","overlay-opacity":"","overlay-gradient":""},"tablet":{"background-color":"var(--ast-global-color-5)","background-image":"","background-repeat":"repeat","background-position":"center center","background-size":"auto","background-attachment":"scroll","background-type":"","background-media":"","overlay-type":"","overlay-color":"","overlay-opacity":"","overlay-gradient":""},"mobile":{"background-color":"var(--ast-global-color-5)","background-image":"","background-repeat":"repeat","background-position":"center center","background-size":"auto","background-attachment":"scroll","background-type":"","background-media":"","overlay-type":"","overlay-color":"","overlay-opacity":"","overlay-gradient":""}},"footnotes":""},"categories":[24,8],"tags":[10708,24421],"class_list":["post-73033","post","type-post","status-publish","format-standard","has-post-thumbnail","hentry","category-fernando-manzanilla","category-noticias","tag-tecnologia","tag-tierra"],"_links":{"self":[{"href":"https:\/\/losperiodistas.com.mx\/portal\/wp-json\/wp\/v2\/posts\/73033","targetHints":{"allow":["GET"]}}],"collection":[{"href":"https:\/\/losperiodistas.com.mx\/portal\/wp-json\/wp\/v2\/posts"}],"about":[{"href":"https:\/\/losperiodistas.com.mx\/portal\/wp-json\/wp\/v2\/types\/post"}],"author":[{"embeddable":true,"href":"https:\/\/losperiodistas.com.mx\/portal\/wp-json\/wp\/v2\/users\/1"}],"replies":[{"embeddable":true,"href":"https:\/\/losperiodistas.com.mx\/portal\/wp-json\/wp\/v2\/comments?post=73033"}],"version-history":[{"count":1,"href":"https:\/\/losperiodistas.com.mx\/portal\/wp-json\/wp\/v2\/posts\/73033\/revisions"}],"predecessor-version":[{"id":73034,"href":"https:\/\/losperiodistas.com.mx\/portal\/wp-json\/wp\/v2\/posts\/73033\/revisions\/73034"}],"wp:featuredmedia":[{"embeddable":true,"href":"https:\/\/losperiodistas.com.mx\/portal\/wp-json\/wp\/v2\/media\/72116"}],"wp:attachment":[{"href":"https:\/\/losperiodistas.com.mx\/portal\/wp-json\/wp\/v2\/media?parent=73033"}],"wp:term":[{"taxonomy":"category","embeddable":true,"href":"https:\/\/losperiodistas.com.mx\/portal\/wp-json\/wp\/v2\/categories?post=73033"},{"taxonomy":"post_tag","embeddable":true,"href":"https:\/\/losperiodistas.com.mx\/portal\/wp-json\/wp\/v2\/tags?post=73033"}],"curies":[{"name":"wp","href":"https:\/\/api.w.org\/{rel}","templated":true}]}}