{"id":72793,"date":"2024-04-21T09:26:00","date_gmt":"2024-04-21T14:26:00","guid":{"rendered":"https:\/\/losperiodistas.com.mx\/portal\/?p=72793"},"modified":"2024-04-21T09:26:02","modified_gmt":"2024-04-21T14:26:02","slug":"oremos-por-unas-elecciones-en-paz-dlf","status":"publish","type":"post","link":"https:\/\/losperiodistas.com.mx\/portal\/oremos-por-unas-elecciones-en-paz-dlf\/","title":{"rendered":"Oremos por unas elecciones en paz | DLF"},"content":{"rendered":"\n<p class=\"has-medium-font-size\">El pr\u00f3ximo 2 de junio,\u00a0<strong>M\u00e9xico celebrar\u00e1 las elecciones m\u00e1s importantes de su historia<\/strong>\u00a0por la cantidad de cargos de elecci\u00f3n popular que se renovar\u00e1n.<\/p>\n\n\n\n<figure class=\"wp-block-image size-large\"><img fetchpriority=\"high\" decoding=\"async\" width=\"1024\" height=\"666\" src=\"https:\/\/losperiodistas.com.mx\/portal\/wp-content\/uploads\/2024\/04\/Captura-de-Pantalla-2024-04-21-a-las-8.21.38-1024x666.jpg\" alt=\"\" class=\"wp-image-72794\" srcset=\"https:\/\/losperiodistas.com.mx\/portal\/wp-content\/uploads\/2024\/04\/Captura-de-Pantalla-2024-04-21-a-las-8.21.38-1024x666.jpg 1024w, https:\/\/losperiodistas.com.mx\/portal\/wp-content\/uploads\/2024\/04\/Captura-de-Pantalla-2024-04-21-a-las-8.21.38-300x195.jpg 300w, https:\/\/losperiodistas.com.mx\/portal\/wp-content\/uploads\/2024\/04\/Captura-de-Pantalla-2024-04-21-a-las-8.21.38-768x499.jpg 768w, https:\/\/losperiodistas.com.mx\/portal\/wp-content\/uploads\/2024\/04\/Captura-de-Pantalla-2024-04-21-a-las-8.21.38-1536x999.jpg 1536w, https:\/\/losperiodistas.com.mx\/portal\/wp-content\/uploads\/2024\/04\/Captura-de-Pantalla-2024-04-21-a-las-8.21.38.jpg 1898w\" sizes=\"(max-width: 1024px) 100vw, 1024px\" \/><figcaption>Fieles orando en la Bas\u00edlica de Guadalupe \/ Foto: Desde la fe<\/figcaption><\/figure>\n\n\n\n<p><\/p>\n\n\n\n<p class=\"has-vivid-red-color has-text-color has-medium-font-size\"><strong>EDITORIAL SEMANARIO DESDE LA FE<\/strong><\/p>\n\n\n\n<p>Para la Iglesia Cat\u00f3lica,&nbsp;<strong>el proceso electoral es uno de los desaf\u00edos m\u00e1s importantes<\/strong>&nbsp;que tiene la sociedad en este 2024, por lo que ha insistido en su invitaci\u00f3n&nbsp;a todos los mayores de 18 a\u00f1os para&nbsp;<strong>participar responsablemente con su voto<\/strong>&nbsp;y hacer todo lo posible para que estas elecciones sean pac\u00edficas, libres, conscientes, fiables y con resultados veraces.&nbsp;<\/p>\n\n\n\n<ul class=\"wp-block-list\"><li><a href=\"https:\/\/desdelafe.mx\/otros\/obispos-mexico-elecciones-2024\/\" target=\"_blank\" rel=\"noreferrer noopener\"><\/a>TE RECOMENDAMOS:<a href=\"https:\/\/desdelafe.mx\/otros\/obispos-mexico-elecciones-2024\/\" target=\"_blank\" rel=\"noreferrer noopener\">Las 7 condiciones de los obispos para tener unas Elecciones 2024 en paz<\/a><\/li><\/ul>\n\n\n\n<p>No menos importante que la participaci\u00f3n consciente en los comicios es la oraci\u00f3n, raz\u00f3n por la cual,\u00a0<strong>los obispos mexicanos han exhortado al pueblo creyente a elevar sus plegarias<\/strong>\u00a0para que el proceso electoral se realice en paz y traiga resultados favorables para el bien del pa\u00eds.<\/p>\n\n\n\n<p>Desde principios de este a\u00f1o, sacerdotes, religiosos, religiosas y fieles laicos, as\u00ed como miembros de las distintas iglesias cristianas, se encuentran orando de manera permanente para implorar la ayuda de Dios en estos momentos cruciales.&nbsp;<\/p>\n\n\n\n<p>Y a la oraci\u00f3n de las religiosas de la vida contemplativa en todos los conventos del pa\u00eds, tambi\u00e9n se suma la iniciativa de los laicos, que han convocado a una&nbsp;<strong>velada de oraci\u00f3n la noche del jueves 23 al viernes 24 de mayo en la&nbsp;<a href=\"https:\/\/virgendeguadalupe.org.mx\/\">Bas\u00edlica de Guadalupe<\/a><\/strong>.<\/p>\n\n\n\n<ul class=\"wp-block-list\"><li><a href=\"https:\/\/desdelafe.mx\/noticias\/iglesia-en-mexico\/velada-de-oracion-elecciones-mexico-enterate-cuando\/\" target=\"_blank\" rel=\"noreferrer noopener\"><\/a>TE RECOMENDAMOS:<a href=\"https:\/\/desdelafe.mx\/noticias\/iglesia-en-mexico\/velada-de-oracion-elecciones-mexico-enterate-cuando\/\" target=\"_blank\" rel=\"noreferrer noopener\">Velada de Oraci\u00f3n por las Elecciones en M\u00e9xico. Ent\u00e9rate cu\u00e1ndo y d\u00f3nde ser\u00e1<\/a><\/li><\/ul>\n\n\n\n<p>Adem\u00e1s, los obispos del pa\u00eds han convocado para que el domingo 26 de mayo, exactamente una semana antes de las elecciones, en todos los templos se lleve a cabo una&nbsp;<strong>\u201cJornada nacional de oraci\u00f3n por el proceso electoral\u201d,&nbsp;<\/strong>en la Solemnidad de la Sant\u00edsima Trinidad.<\/p>\n\n\n\n<p>El objetivo de esta iniciativa es que en todas las iglesias (parroquias y capillas) se realice esta jornada de oraci\u00f3n y&nbsp;<strong>se le d\u00e9 especial relevancia en las catedrales, santuarios y bas\u00edlicas<\/strong>, de manera particular en la&nbsp;<strong>Insigne y Nacional Bas\u00edlica de Guadalupe<\/strong>, como coraz\u00f3n del pueblo mexicano.<\/p>\n\n\n\n<p>Asimismo, el pr\u00f3ximo 7 de mayo se realizar\u00e1 una&nbsp;<strong>\u201cOraci\u00f3n interreligiosa por la paz\u201d<\/strong>. Este evento tendr\u00e1 lugar en la Antigua Bas\u00edlica de Guadalupe, hoy templo expiatorio a Cristo Rey.<\/p>\n\n\n\n<ul class=\"wp-block-list\"><li><a href=\"https:\/\/desdelafe.mx\/noticias\/iglesia-en-mexico\/decalogo-voto-catolico-elecciones-2024\/\" target=\"_blank\" rel=\"noreferrer noopener\"><\/a>TE RECOMENDAMOS:<a href=\"https:\/\/desdelafe.mx\/noticias\/iglesia-en-mexico\/decalogo-voto-catolico-elecciones-2024\/\" target=\"_blank\" rel=\"noreferrer noopener\">Dec\u00e1logo para orientar el voto cat\u00f3lico en las Elecciones 2024<\/a><\/li><\/ul>\n\n\n\n<p>Invitamos, pues, a todas las personas creyentes a sumarse con su oraci\u00f3n en este momento desafiante de la historia, pues estamos convencidos de que&nbsp;<strong>la oraci\u00f3n reconcilia y hermana<\/strong>, nos permite compartir sue\u00f1os y trabajar juntos, pero sobre todo, nos infundir\u00e1 la fuerza para promover la paz que tanto necesita M\u00e9xico y cumplir con nuestra responsabilidad de ir a las urnas a votar por el bien de nuestro pueblo.&nbsp;<\/p>\n\n\n\n<p><strong>\u00a1Recemos por unas elecciones libres de violencia y en paz!<\/strong><\/p>\n\n\n\n<p>Fuente: <a href=\"https:\/\/desdelafe.mx\/editorial\/oremos-por-unas-elecciones-en-paz\">https:\/\/desdelafe.mx\/editorial\/oremos-por-unas-elecciones-en-paz<\/a><\/p>\n","protected":false},"excerpt":{"rendered":"<p>El pr\u00f3ximo 2 de junio,\u00a0M\u00e9xico celebrar\u00e1 las elecciones m\u00e1s importantes de su historia\u00a0por la cantidad de cargos de elecci\u00f3n popular [&hellip;]<\/p>\n","protected":false},"author":1,"featured_media":72794,"comment_status":"open","ping_status":"open","sticky":false,"template":"","format":"standard","meta":{"site-sidebar-layout":"default","site-content-layout":"","ast-site-content-layout":"default","site-content-style":"default","site-sidebar-style":"default","ast-global-header-display":"","ast-banner-title-visibility":"","ast-main-header-display":"","ast-hfb-above-header-display":"","ast-hfb-below-header-display":"","ast-hfb-mobile-header-display":"","site-post-title":"","ast-breadcrumbs-content":"","ast-featured-img":"","footer-sml-layout":"","theme-transparent-header-meta":"","adv-header-id-meta":"","stick-header-meta":"","header-above-stick-meta":"","header-main-stick-meta":"","header-below-stick-meta":"","astra-migrate-meta-layouts":"default","ast-page-background-enabled":"default","ast-page-background-meta":{"desktop":{"background-color":"var(--ast-global-color-4)","background-image":"","background-repeat":"repeat","background-position":"center center","background-size":"auto","background-attachment":"scroll","background-type":"","background-media":"","overlay-type":"","overlay-color":"","overlay-opacity":"","overlay-gradient":""},"tablet":{"background-color":"","background-image":"","background-repeat":"repeat","background-position":"center center","background-size":"auto","background-attachment":"scroll","background-type":"","background-media":"","overlay-type":"","overlay-color":"","overlay-opacity":"","overlay-gradient":""},"mobile":{"background-color":"","background-image":"","background-repeat":"repeat","background-position":"center center","background-size":"auto","background-attachment":"scroll","background-type":"","background-media":"","overlay-type":"","overlay-color":"","overlay-opacity":"","overlay-gradient":""}},"ast-content-background-meta":{"desktop":{"background-color":"var(--ast-global-color-5)","background-image":"","background-repeat":"repeat","background-position":"center center","background-size":"auto","background-attachment":"scroll","background-type":"","background-media":"","overlay-type":"","overlay-color":"","overlay-opacity":"","overlay-gradient":""},"tablet":{"background-color":"var(--ast-global-color-5)","background-image":"","background-repeat":"repeat","background-position":"center center","background-size":"auto","background-attachment":"scroll","background-type":"","background-media":"","overlay-type":"","overlay-color":"","overlay-opacity":"","overlay-gradient":""},"mobile":{"background-color":"var(--ast-global-color-5)","background-image":"","background-repeat":"repeat","background-position":"center center","background-size":"auto","background-attachment":"scroll","background-type":"","background-media":"","overlay-type":"","overlay-color":"","overlay-opacity":"","overlay-gradient":""}},"footnotes":""},"categories":[8],"tags":[2616,5743,8763],"class_list":["post-72793","post","type-post","status-publish","format-standard","has-post-thumbnail","hentry","category-noticias","tag-desde-la-fe","tag-elecciones-mexico-2024","tag-oracion-por-la-paz"],"_links":{"self":[{"href":"https:\/\/losperiodistas.com.mx\/portal\/wp-json\/wp\/v2\/posts\/72793","targetHints":{"allow":["GET"]}}],"collection":[{"href":"https:\/\/losperiodistas.com.mx\/portal\/wp-json\/wp\/v2\/posts"}],"about":[{"href":"https:\/\/losperiodistas.com.mx\/portal\/wp-json\/wp\/v2\/types\/post"}],"author":[{"embeddable":true,"href":"https:\/\/losperiodistas.com.mx\/portal\/wp-json\/wp\/v2\/users\/1"}],"replies":[{"embeddable":true,"href":"https:\/\/losperiodistas.com.mx\/portal\/wp-json\/wp\/v2\/comments?post=72793"}],"version-history":[{"count":1,"href":"https:\/\/losperiodistas.com.mx\/portal\/wp-json\/wp\/v2\/posts\/72793\/revisions"}],"predecessor-version":[{"id":72795,"href":"https:\/\/losperiodistas.com.mx\/portal\/wp-json\/wp\/v2\/posts\/72793\/revisions\/72795"}],"wp:featuredmedia":[{"embeddable":true,"href":"https:\/\/losperiodistas.com.mx\/portal\/wp-json\/wp\/v2\/media\/72794"}],"wp:attachment":[{"href":"https:\/\/losperiodistas.com.mx\/portal\/wp-json\/wp\/v2\/media?parent=72793"}],"wp:term":[{"taxonomy":"category","embeddable":true,"href":"https:\/\/losperiodistas.com.mx\/portal\/wp-json\/wp\/v2\/categories?post=72793"},{"taxonomy":"post_tag","embeddable":true,"href":"https:\/\/losperiodistas.com.mx\/portal\/wp-json\/wp\/v2\/tags?post=72793"}],"curies":[{"name":"wp","href":"https:\/\/api.w.org\/{rel}","templated":true}]}}