{"id":72780,"date":"2024-04-21T08:06:14","date_gmt":"2024-04-21T13:06:14","guid":{"rendered":"https:\/\/losperiodistas.com.mx\/portal\/?p=72780"},"modified":"2024-04-21T08:06:16","modified_gmt":"2024-04-21T13:06:16","slug":"dia-de-los-padrinos-y-las-madrinas-did","status":"publish","type":"post","link":"https:\/\/losperiodistas.com.mx\/portal\/dia-de-los-padrinos-y-las-madrinas-did\/","title":{"rendered":"D\u00eda de los Padrinos y las Madrinas | DID"},"content":{"rendered":"\n<figure class=\"wp-block-image size-full\"><img fetchpriority=\"high\" decoding=\"async\" width=\"305\" height=\"203\" src=\"https:\/\/losperiodistas.com.mx\/portal\/wp-content\/uploads\/2024\/04\/04-18_dia-padrinos-madrinas.jpeg\" alt=\"\" class=\"wp-image-72781\" srcset=\"https:\/\/losperiodistas.com.mx\/portal\/wp-content\/uploads\/2024\/04\/04-18_dia-padrinos-madrinas.jpeg 305w, https:\/\/losperiodistas.com.mx\/portal\/wp-content\/uploads\/2024\/04\/04-18_dia-padrinos-madrinas-300x200.jpeg 300w\" sizes=\"(max-width: 305px) 100vw, 305px\" \/><\/figure>\n\n\n\n<p><\/p>\n\n\n\n<p class=\"has-vivid-red-color has-text-color has-medium-font-size\"><strong>Redacci\u00f3n D\u00eda Internacional De<\/strong><\/p>\n\n\n\n<p><strong>El tercer domingo de abril se celebra el D\u00eda de los Padrinos y las Madrinas<\/strong>&nbsp;para reivindicar el papel que cumple esta figura en las vidas de los ni\u00f1os y ni\u00f1as de todo el mundo.<\/p>\n\n\n\n<p>Ellos, los padrinos y madrinas, con su amor y ejemplo, contribuyen a fortalecer las bases educativas, familiares, sociales y religiosas de las generaciones del futuro.<\/p>\n\n\n\n<h2 class=\"wp-block-heading\" id=\"resTit_1\">\u00bfD\u00f3nde se origina el t\u00e9rmino padrino o madrina?<\/h2>\n\n\n\n<p>Se entiende como padrino o madrina a la persona encargada de asistir a otra en el momento de llevarse a cabo el\u00a0<strong>sacramento del bautismo.<\/strong><\/p>\n\n\n\n<p>Representa una figura de gran relevancia dentro del catolicismo y es partir del a\u00f1o 813 cuando se consolida este t\u00e9rmino, ya que qued\u00f3 absolutamente prohibido que los padres desempe\u00f1aran tambi\u00e9n la funci\u00f3n de padrinos de sus propios hijos.<\/p>\n\n\n\n<p>Tanto el padrino como la madrina son dos piezas importantes a la hora de bautizar a un ni\u00f1o, sin embargo, con la presencia de uno de ellos es suficiente para efectuar la ceremonia.<\/p>\n\n\n\n<p>Para cuando se realiza la confirmaci\u00f3n, se puede elegir a otra persona que no sea el padrino o madrina del bautismo.<\/p>\n\n\n\n<p><strong>Durante la ceremonia matrimonial, los padrinos tambi\u00e9n pueden ser elegidos por la futura pareja,&nbsp;<\/strong>pero no son indispensables, tambi\u00e9n son conocidos como testigos. Son personas que tienen como principal funci\u00f3n acompa\u00f1ar al altar al novio del sexo opuesto. En pa\u00edses como Espa\u00f1a, se acostumbra que la madrina sea la madre del novio y el padre de la novia, sea elegido como padrino.<\/p>\n\n\n\n<h2 class=\"wp-block-heading\" id=\"resTit_2\">\u00bfPor qu\u00e9 se celebra el D\u00eda de los Padrinos y Madrinas?<\/h2>\n\n\n\n<p>El D\u00eda del Padrino y la Madrina es una fecha emblem\u00e1tica y de gran valor humano por el significado que tienen estas personas en la vida futura de los ni\u00f1os y ni\u00f1as.<\/p>\n\n\n\n<p>Una vez que los padres toman la decisi\u00f3n de que sus hijos reciban el bautismo, es necesario elegir a los padrinos y madrinas y a partir de ah\u00ed, ya se crea un v\u00ednculo de uni\u00f3n que se mantendr\u00e1 de por vida.<\/p>\n\n\n\n<h2 class=\"wp-block-heading\" id=\"resTit_3\">\u00bfCu\u00e1les son las funciones que desempe\u00f1an los padrinos y las madrinas?<\/h2>\n\n\n\n<p>Los padrinos y madrinas, en el momento de asumir el compromiso deben tener presente algunos&nbsp;<strong>requisitos<\/strong>&nbsp;de orden obligatorio, impuestos por la religi\u00f3n, como por ejemplo ser mayor de edad, haber cumplido los tres sacramentos&nbsp;<strong>(bautismo, confirmaci\u00f3n y primera comuni\u00f3n)<\/strong>&nbsp;y estar preparado para guiar al ni\u00f1o en el camino de la fe<strong>.<\/strong><\/p>\n\n\n\n<p>Pero sus funciones no se limitan al mundo espiritual, sino que es necesario asumir el papel que va m\u00e1s all\u00e1 de la iglesia. Un padrino o madrina debe estar preparado para dar a sus ahijados&nbsp;<strong>valores, educaci\u00f3n, protecci\u00f3n y afecto<\/strong>, adem\u00e1s de sentirse como un miembro m\u00e1s del n\u00facleo familiar al cual pertenece el ni\u00f1o.<\/p>\n\n\n\n<p><strong>Los padrinos y madrinas tambi\u00e9n son vistos como los segundos padres<\/strong>, cumpliendo as\u00ed un rol muy parecido ya que pueden llegar a influir en las distintas etapas de su vida, desde la infancia hasta la adultez. Sin embargo, el compromiso asumido en este sentido, no es obligatorio, es m\u00e1s bien personal porque no est\u00e1 sujeto a ninguna imposici\u00f3n religiosa.<\/p>\n\n\n\n<h2 class=\"wp-block-heading\" id=\"resTit_4\">\u00bfQu\u00e9 expectativas tienen los padres al elegir los futuros padrinos?<\/h2>\n\n\n\n<p>A la hora de elegir futuros padrinos y madrinas es normal que los padres tengan muchas expectativas, por esa raz\u00f3n, es bastante com\u00fan que terminen decant\u00e1ndose por alg\u00fan\u00a0<strong>familiar o amigo conocido<\/strong>, que sea capaz de asumir la responsabilidad.<\/p>\n\n\n\n<p>Siempre resulta m\u00e1s ventajoso que nuestros hijos vean en sus padrinos y madrinas un nuevo miembro que se incorpora al entorno familiar y con los cuales ellos puedan contar en el momento que lo necesiten, personas id\u00f3neas para brindarles cari\u00f1o, compartir momentos gratos, pero tambi\u00e9n capaces de poner l\u00edmites y reglas cuando sea necesario.<\/p>\n\n\n\n<p>Para los padres, saber que sus hijos pueden contar con un padrino o una madrina, siempre se traduce en mayor bienestar, seguridad y la confianza de tener a alguien m\u00e1s, que en un momento dado, puede representarlos a ellos s\u00ed las circunstancias y la vida as\u00ed lo requieren.<\/p>\n\n\n\n<h2 class=\"wp-block-heading\" id=\"resTit_5\">\u00bfC\u00f3mo celebrar el D\u00eda de los Padrinos y las Madrinas?<\/h2>\n\n\n\n<p>Esta fecha resulta muy especial ya que los padrinos y madrinas son considerados en casi todas las culturas del mundo como unos segundos padres de nuestros hijos. Desempe\u00f1an un modelo a seguir, por lo tanto, merecen respeto, reconocimiento por su importante labor dentro de la sociedad.<\/p>\n\n\n\n<p>Por esta raz\u00f3n, debemos hacer de este d\u00eda una fecha memorable que reivindique a todos los hombres y mujeres que de forma amorosa y desinteresada decidieron contribuir para hacer de este mundo un lugar mejor aportando a cada ni\u00f1o valores como la fe, la esperanza, la creencia y el amor.<\/p>\n\n\n\n<p>T\u00fa tambi\u00e9n puedes formar parte de este acontecimiento aportando alguna idea, opini\u00f3n o informaci\u00f3n valiosa sobre este interesante tema y no te olvides de incluir las etiquetas\u00a0<strong><em>#D\u00edadelPadrino #D\u00edadelaMadrina #Diadelospadrinosymadrinas.<\/em><\/strong><\/p>\n\n\n\n<p>Fuente: <a href=\"https:\/\/www.diainternacionalde.com\/ficha\/dia-padrinos-madrinas\">https:\/\/www.diainternacionalde.com\/ficha\/dia-padrinos-madrinas<\/a><\/p>\n","protected":false},"excerpt":{"rendered":"<p>Redacci\u00f3n D\u00eda Internacional De El tercer domingo de abril se celebra el D\u00eda de los Padrinos y las Madrinas&nbsp;para reivindicar [&hellip;]<\/p>\n","protected":false},"author":1,"featured_media":72781,"comment_status":"open","ping_status":"open","sticky":false,"template":"","format":"standard","meta":{"site-sidebar-layout":"default","site-content-layout":"","ast-site-content-layout":"default","site-content-style":"default","site-sidebar-style":"default","ast-global-header-display":"","ast-banner-title-visibility":"","ast-main-header-display":"","ast-hfb-above-header-display":"","ast-hfb-below-header-display":"","ast-hfb-mobile-header-display":"","site-post-title":"","ast-breadcrumbs-content":"","ast-featured-img":"","footer-sml-layout":"","theme-transparent-header-meta":"","adv-header-id-meta":"","stick-header-meta":"","header-above-stick-meta":"","header-main-stick-meta":"","header-below-stick-meta":"","astra-migrate-meta-layouts":"default","ast-page-background-enabled":"default","ast-page-background-meta":{"desktop":{"background-color":"var(--ast-global-color-4)","background-image":"","background-repeat":"repeat","background-position":"center center","background-size":"auto","background-attachment":"scroll","background-type":"","background-media":"","overlay-type":"","overlay-color":"","overlay-opacity":"","overlay-gradient":""},"tablet":{"background-color":"","background-image":"","background-repeat":"repeat","background-position":"center center","background-size":"auto","background-attachment":"scroll","background-type":"","background-media":"","overlay-type":"","overlay-color":"","overlay-opacity":"","overlay-gradient":""},"mobile":{"background-color":"","background-image":"","background-repeat":"repeat","background-position":"center center","background-size":"auto","background-attachment":"scroll","background-type":"","background-media":"","overlay-type":"","overlay-color":"","overlay-opacity":"","overlay-gradient":""}},"ast-content-background-meta":{"desktop":{"background-color":"var(--ast-global-color-5)","background-image":"","background-repeat":"repeat","background-position":"center center","background-size":"auto","background-attachment":"scroll","background-type":"","background-media":"","overlay-type":"","overlay-color":"","overlay-opacity":"","overlay-gradient":""},"tablet":{"background-color":"var(--ast-global-color-5)","background-image":"","background-repeat":"repeat","background-position":"center center","background-size":"auto","background-attachment":"scroll","background-type":"","background-media":"","overlay-type":"","overlay-color":"","overlay-opacity":"","overlay-gradient":""},"mobile":{"background-color":"var(--ast-global-color-5)","background-image":"","background-repeat":"repeat","background-position":"center center","background-size":"auto","background-attachment":"scroll","background-type":"","background-media":"","overlay-type":"","overlay-color":"","overlay-opacity":"","overlay-gradient":""}},"footnotes":""},"categories":[8],"tags":[24290,24289],"class_list":["post-72780","post","type-post","status-publish","format-standard","has-post-thumbnail","hentry","category-noticias","tag-diadelospadrinosymadrinas","tag-diadelpadrino-diadelamadrina"],"_links":{"self":[{"href":"https:\/\/losperiodistas.com.mx\/portal\/wp-json\/wp\/v2\/posts\/72780","targetHints":{"allow":["GET"]}}],"collection":[{"href":"https:\/\/losperiodistas.com.mx\/portal\/wp-json\/wp\/v2\/posts"}],"about":[{"href":"https:\/\/losperiodistas.com.mx\/portal\/wp-json\/wp\/v2\/types\/post"}],"author":[{"embeddable":true,"href":"https:\/\/losperiodistas.com.mx\/portal\/wp-json\/wp\/v2\/users\/1"}],"replies":[{"embeddable":true,"href":"https:\/\/losperiodistas.com.mx\/portal\/wp-json\/wp\/v2\/comments?post=72780"}],"version-history":[{"count":1,"href":"https:\/\/losperiodistas.com.mx\/portal\/wp-json\/wp\/v2\/posts\/72780\/revisions"}],"predecessor-version":[{"id":72782,"href":"https:\/\/losperiodistas.com.mx\/portal\/wp-json\/wp\/v2\/posts\/72780\/revisions\/72782"}],"wp:featuredmedia":[{"embeddable":true,"href":"https:\/\/losperiodistas.com.mx\/portal\/wp-json\/wp\/v2\/media\/72781"}],"wp:attachment":[{"href":"https:\/\/losperiodistas.com.mx\/portal\/wp-json\/wp\/v2\/media?parent=72780"}],"wp:term":[{"taxonomy":"category","embeddable":true,"href":"https:\/\/losperiodistas.com.mx\/portal\/wp-json\/wp\/v2\/categories?post=72780"},{"taxonomy":"post_tag","embeddable":true,"href":"https:\/\/losperiodistas.com.mx\/portal\/wp-json\/wp\/v2\/tags?post=72780"}],"curies":[{"name":"wp","href":"https:\/\/api.w.org\/{rel}","templated":true}]}}