{"id":72776,"date":"2024-04-21T07:51:06","date_gmt":"2024-04-21T12:51:06","guid":{"rendered":"https:\/\/losperiodistas.com.mx\/portal\/?p=72776"},"modified":"2024-04-21T07:51:08","modified_gmt":"2024-04-21T12:51:08","slug":"cambios-en-segundo-debate-presidencial-candidatos-iniciaran-con-presentacion-de-propuestas-excelsior","status":"publish","type":"post","link":"https:\/\/losperiodistas.com.mx\/portal\/cambios-en-segundo-debate-presidencial-candidatos-iniciaran-con-presentacion-de-propuestas-excelsior\/","title":{"rendered":"Cambios en segundo debate presidencial: candidatos iniciar\u00e1n con presentaci\u00f3n de propuestas | Exc\u00e9lsior"},"content":{"rendered":"\n<h2 class=\"has-medium-font-size wp-block-heading\">El segundo debate presidencial presenta cambios, ya que en esta ocasi\u00f3n los candidatos iniciar\u00e1n el encuentro con una exposici\u00f3n de sus principales propuestas sobre econom\u00eda, empleo e inflaci\u00f3n<\/h2>\n\n\n\n<p><\/p>\n\n\n\n<figure class=\"wp-block-image\"><img decoding=\"async\" src=\"https:\/\/cdn2.excelsior.com.mx\/830x623\/filters:format(jpg):quality(75)\/media\/pictures\/2024\/04\/16\/3103221.jpg\" alt=\"Los tres candidatos en el primer debate presidencial en el INE\"\/><figcaption>En el inicio del segundo debate presidencial, los candidatos expondr\u00e1n sus principales propuestas antes de contestar las preguntas que se elijan de las que hizo la ciudadan\u00eda en videomensaje. Foto: Cuartoscuro<\/figcaption><\/figure>\n\n\n\n<p class=\"has-vivid-red-color has-text-color has-medium-font-size\"><strong>AURORA ZEPEDA\u00a0\/ EXCELSIOR<\/strong><\/p>\n\n\n\n<p>Las representaciones de el y las candidatas presidenciales lograron un cambio en la escaleta para el&nbsp;<a href=\"https:\/\/www.excelsior.com.mx\/elecciones-2024\" target=\"_blank\" rel=\"noreferrer noopener\">segundo debate<\/a>&nbsp;que permite que las candidaturas inicien el encuentro con una exposici\u00f3n de sus principales propuestas sobre econom\u00eda, empleo e inflaci\u00f3n, antes de contestar las preguntas que se elijan de las que hizo la ciudadan\u00eda en videomensaje.<\/p>\n\n\n\n<p>As\u00ed mismo se acotar\u00e1n las preguntas que podr\u00e1n hacer las moderaciones para evitar que hagan cuestionamientos espec\u00edficos a alguna de las candidaturas y solo en caso de que se \u00abatore\u00bb la fluidez del mismo, podr\u00e1n hacer cuestionamientos generales para impulsar la participaci\u00f3n de las candidaturas.<\/p>\n\n\n\n<p>As\u00ed lo acordaron en mesa de representantes, previo a la Comisi\u00f3n de Debates que aprob\u00f3, adem\u00e1s, la designaci\u00f3n de los tres moderadores del tercer debate.<\/p>\n\n\n\n<p>Para el tercer encuentro, que ser\u00e1 en el Centro Cultural Tlatelolco, se propondr\u00e1 al Consejo General del INE los nombres del Luisa Cant\u00fa como periodista representando a la zona norte, Javier Sol\u00f3rzano para la zona centro y Elena Arcila representando al sur.<\/p>\n\n\n\n<p>jcp<\/p>\n\n\n\n<p>Fuente: <a href=\"https:\/\/www.excelsior.com.mx\/nacional\/cambios-en-segundo-debate-presidencial-candidatos-iniciaran-con-presentacion-de-propuestas\">https:\/\/www.excelsior.com.mx\/nacional\/cambios-en-segundo-debate-presidencial-candidatos-iniciaran-con-presentacion-de-propuestas<\/a><\/p>\n","protected":false},"excerpt":{"rendered":"<p>El segundo debate presidencial presenta cambios, ya que en esta ocasi\u00f3n los candidatos iniciar\u00e1n el encuentro con una exposici\u00f3n de [&hellip;]<\/p>\n","protected":false},"author":1,"featured_media":72777,"comment_status":"open","ping_status":"open","sticky":false,"template":"","format":"standard","meta":{"site-sidebar-layout":"default","site-content-layout":"","ast-site-content-layout":"default","site-content-style":"default","site-sidebar-style":"default","ast-global-header-display":"","ast-banner-title-visibility":"","ast-main-header-display":"","ast-hfb-above-header-display":"","ast-hfb-below-header-display":"","ast-hfb-mobile-header-display":"","site-post-title":"","ast-breadcrumbs-content":"","ast-featured-img":"","footer-sml-layout":"","theme-transparent-header-meta":"","adv-header-id-meta":"","stick-header-meta":"","header-above-stick-meta":"","header-main-stick-meta":"","header-below-stick-meta":"","astra-migrate-meta-layouts":"default","ast-page-background-enabled":"default","ast-page-background-meta":{"desktop":{"background-color":"var(--ast-global-color-4)","background-image":"","background-repeat":"repeat","background-position":"center center","background-size":"auto","background-attachment":"scroll","background-type":"","background-media":"","overlay-type":"","overlay-color":"","overlay-opacity":"","overlay-gradient":""},"tablet":{"background-color":"","background-image":"","background-repeat":"repeat","background-position":"center center","background-size":"auto","background-attachment":"scroll","background-type":"","background-media":"","overlay-type":"","overlay-color":"","overlay-opacity":"","overlay-gradient":""},"mobile":{"background-color":"","background-image":"","background-repeat":"repeat","background-position":"center center","background-size":"auto","background-attachment":"scroll","background-type":"","background-media":"","overlay-type":"","overlay-color":"","overlay-opacity":"","overlay-gradient":""}},"ast-content-background-meta":{"desktop":{"background-color":"var(--ast-global-color-5)","background-image":"","background-repeat":"repeat","background-position":"center center","background-size":"auto","background-attachment":"scroll","background-type":"","background-media":"","overlay-type":"","overlay-color":"","overlay-opacity":"","overlay-gradient":""},"tablet":{"background-color":"var(--ast-global-color-5)","background-image":"","background-repeat":"repeat","background-position":"center center","background-size":"auto","background-attachment":"scroll","background-type":"","background-media":"","overlay-type":"","overlay-color":"","overlay-opacity":"","overlay-gradient":""},"mobile":{"background-color":"var(--ast-global-color-5)","background-image":"","background-repeat":"repeat","background-position":"center center","background-size":"auto","background-attachment":"scroll","background-type":"","background-media":"","overlay-type":"","overlay-color":"","overlay-opacity":"","overlay-gradient":""}},"footnotes":""},"categories":[8],"tags":[24288,24155],"class_list":["post-72776","post","type-post","status-publish","format-standard","has-post-thumbnail","hentry","category-noticias","tag-propuestas-economia","tag-segundo-debate-presidencial"],"_links":{"self":[{"href":"https:\/\/losperiodistas.com.mx\/portal\/wp-json\/wp\/v2\/posts\/72776","targetHints":{"allow":["GET"]}}],"collection":[{"href":"https:\/\/losperiodistas.com.mx\/portal\/wp-json\/wp\/v2\/posts"}],"about":[{"href":"https:\/\/losperiodistas.com.mx\/portal\/wp-json\/wp\/v2\/types\/post"}],"author":[{"embeddable":true,"href":"https:\/\/losperiodistas.com.mx\/portal\/wp-json\/wp\/v2\/users\/1"}],"replies":[{"embeddable":true,"href":"https:\/\/losperiodistas.com.mx\/portal\/wp-json\/wp\/v2\/comments?post=72776"}],"version-history":[{"count":1,"href":"https:\/\/losperiodistas.com.mx\/portal\/wp-json\/wp\/v2\/posts\/72776\/revisions"}],"predecessor-version":[{"id":72778,"href":"https:\/\/losperiodistas.com.mx\/portal\/wp-json\/wp\/v2\/posts\/72776\/revisions\/72778"}],"wp:featuredmedia":[{"embeddable":true,"href":"https:\/\/losperiodistas.com.mx\/portal\/wp-json\/wp\/v2\/media\/72777"}],"wp:attachment":[{"href":"https:\/\/losperiodistas.com.mx\/portal\/wp-json\/wp\/v2\/media?parent=72776"}],"wp:term":[{"taxonomy":"category","embeddable":true,"href":"https:\/\/losperiodistas.com.mx\/portal\/wp-json\/wp\/v2\/categories?post=72776"},{"taxonomy":"post_tag","embeddable":true,"href":"https:\/\/losperiodistas.com.mx\/portal\/wp-json\/wp\/v2\/tags?post=72776"}],"curies":[{"name":"wp","href":"https:\/\/api.w.org\/{rel}","templated":true}]}}