{"id":72762,"date":"2024-04-21T06:48:29","date_gmt":"2024-04-21T11:48:29","guid":{"rendered":"https:\/\/losperiodistas.com.mx\/portal\/?p=72762"},"modified":"2024-04-21T06:48:31","modified_gmt":"2024-04-21T11:48:31","slug":"el-papa-nuestro-valor-no-depende-del-exito-sino-de-la-belleza-a-los-ojos-de-dios","status":"publish","type":"post","link":"https:\/\/losperiodistas.com.mx\/portal\/el-papa-nuestro-valor-no-depende-del-exito-sino-de-la-belleza-a-los-ojos-de-dios\/","title":{"rendered":"El Papa: Nuestro valor no depende del \u00e9xito, sino de la belleza a los ojos de Dios"},"content":{"rendered":"\n<p>En el domingo dedicado a Jes\u00fas Buen Pastor, Francisco se detiene en el significado de \u00abdar la vida\u00bb por las propias ovejas. El Pont\u00edfice insiste en que, para Cristo, cada persona es insustituible y no es s\u00f3lo una manera de decir. \u00ab\u00a1Cu\u00e1ntas veces acabamos desperdici\u00e1ndonos por peque\u00f1eces!\u00bb, observa, invitando a ponerse en presencia de Jes\u00fas y dejarse acoger por \u00c9l<\/p>\n\n\n\n<figure class=\"wp-block-embed is-type-video is-provider-youtube wp-block-embed-youtube wp-embed-aspect-16-9 wp-has-aspect-ratio\"><div class=\"wp-block-embed__wrapper\">\n<iframe title=\"Regina Caeli 21 de abril de 2024 Papa Francisco\" width=\"500\" height=\"281\" src=\"https:\/\/www.youtube.com\/embed\/m5ik3gcMVJ0?feature=oembed\" frameborder=\"0\" allow=\"accelerometer; autoplay; clipboard-write; encrypted-media; gyroscope; picture-in-picture; web-share\" referrerpolicy=\"strict-origin-when-cross-origin\" allowfullscreen><\/iframe>\n<\/div><\/figure>\n\n\n\n<p class=\"has-vivid-red-color has-text-color has-medium-font-size\"><strong>Antonella Palermo \/ Vatican News<\/strong><\/p>\n\n\n\n<p>No determinar la propia autoestima en base al juicio de los dem\u00e1s o a los objetivos que se logran alcanzar, sino considerar el amor de Dios por cada uno, redescubierto cada d\u00eda poni\u00e9ndose en su presencia. Es lo que recuerda el Papa Francisco en la catequesis del IV Domingo de Pascua dedicada al Buen Pastor.<\/p>\n\n\n\n<h2 class=\"wp-block-heading\"><strong>El Buen Pastor sacrifica su vida<\/strong><\/h2>\n\n\n\n<p>Tres veces en el Evangelio de Juan, en el cap\u00edtulo 10, se repite que el pastor da la&nbsp;<em>vida<\/em>&nbsp;por las ovejas. Jes\u00fas, explic\u00f3 el Papa, no es solo un pastor bueno que comparte la vida con el reba\u00f1o; es el Buen Pastor, que por nosotros sacrific\u00f3 la vida y, resucitado, nos dio su Esp\u00edritu.&nbsp;La aclaraci\u00f3n se refiere al contexto hist\u00f3rico del tiempo del Mes\u00edas:<\/p>\n\n\n\n<p><em>Ser pastor, especialmente en tiempos de Cristo, no era solo un oficio, sino toda una vida: no se trataba de tener una ocupaci\u00f3n determinada, sino de compartir los d\u00edas enteros, e incluso las noches, con las ovejas, de vivir en simbiosis con ellas. Jes\u00fas, de hecho, explica que no es un mercenario, al que no le importan las ovejas (cf. v. 13), sino el que las conoce (cf. v. 14). \u00c9l conoce las ovejas. As\u00ed es: el Se\u00f1or, pastor de todos nosotros, nos conoce, conoce cada uno de nosotros, nos llama por nuestro nombre y cuando nos descarriamos, nos busca hasta que nos encuentra (cf. Lc 15,4-5).&nbsp;<\/em><\/p>\n\n\n\n<h2 class=\"wp-block-heading\"><strong>El amor de Jes\u00fas no es un eslogan<\/strong><\/h2>\n\n\n\n<p>Jes\u00fas no es s\u00f3lo el gu\u00eda, por tanto, Cabeza del reba\u00f1o, sino sobre todo quien piensa en cada uno de nosotros como el&nbsp;<em>amor de su vida<\/em>. As\u00ed lo precisa de nuevo Francisco, a\u00f1adiendo:<\/p>\n\n\n\n<p><em>Pensemos en esto: yo para Cristo soy importante, \u00c9l piensa en mi, soy insustituible, valgo el precio infinito de su vida. Y esto no es un modo de decir: \u00c9l dio realmente su vida por m\u00ed, muri\u00f3 y resucit\u00f3 por m\u00ed, \u00bfpor qu\u00e9? Porque me ama y encuentra en m\u00ed una belleza que yo a menudo no veo.<\/em><\/p>\n\n\n\n<p>LEA TAMBI\u00c9N<a href=\"https:\/\/www.vaticannews.va\/es\/papa\/news\/2024-04\/francisco-no-ceder-logica-reivindicacion-guerra-oriente-medio.html\"><\/a>21\/04\/2024<\/p>\n\n\n\n<h2 class=\"wp-block-heading\" style=\"font-size:16px\"><a href=\"https:\/\/www.vaticannews.va\/es\/papa\/news\/2024-04\/francisco-no-ceder-logica-reivindicacion-guerra-oriente-medio.html\">Francisco: No ceder a la l\u00f3gica de la reivindicaci\u00f3n de la guerra en Oriente Medio<\/a><\/h2>\n\n\n\n<h2 class=\"wp-block-heading\"><strong>Dejarse acoger por el Padre<\/strong><\/h2>\n\n\n\n<p>La preocupaci\u00f3n del Papa se dirige a esas personas, tantas, que hoy se consideran inadecuadas o incluso equivocadas. \u201c\u00a1Cu\u00e1ntas veces se piensa que nuestro valor depende de los objetivos que seamos capaces de alcanzar, del \u00e9xito a ojos del mundo, de los juicios de los dem\u00e1s!\u201d, exclama el Pont\u00edfice. \u00ab\u00a1Cu\u00e1ntas veces acabamos desperdici\u00e1ndonos por peque\u00f1eces!\u00bb. Y luego la invitaci\u00f3n, a descubrir el secreto de la vida, a dedicar cada d\u00eda un tiempo a la oraci\u00f3n, a dejarse mirar con la mirada amorosa de Dios:<\/p>\n\n\n\n<p><em>Hoy Jes\u00fas nos dice que nosotros para \u00c9l valemos mucho y siempre. Y entonces, para encontrarnos a nosotros mismos, lo primero que hay que hacer es situarnos en su presencia, dejarnos acoger y aliviar los por brazos amorosos de nuestro Buen Pastor.<\/em><\/p>\n\n\n\n<p>Fuente: <a href=\"https:\/\/www.vaticannews.va\/es\/papa\/news\/2024-04\/papa-nuestro-valor-no-depende-exito-sino-belleza-ojos-dios.html\">https:\/\/www.vaticannews.va\/es\/papa\/news\/2024-04\/papa-nuestro-valor-no-depende-exito-sino-belleza-ojos-dios.html<\/a><\/p>\n","protected":false},"excerpt":{"rendered":"<p>En el domingo dedicado a Jes\u00fas Buen Pastor, Francisco se detiene en el significado de \u00abdar la vida\u00bb por las [&hellip;]<\/p>\n","protected":false},"author":1,"featured_media":72763,"comment_status":"open","ping_status":"open","sticky":false,"template":"","format":"standard","meta":{"site-sidebar-layout":"default","site-content-layout":"","ast-site-content-layout":"default","site-content-style":"default","site-sidebar-style":"default","ast-global-header-display":"","ast-banner-title-visibility":"","ast-main-header-display":"","ast-hfb-above-header-display":"","ast-hfb-below-header-display":"","ast-hfb-mobile-header-display":"","site-post-title":"","ast-breadcrumbs-content":"","ast-featured-img":"","footer-sml-layout":"","theme-transparent-header-meta":"","adv-header-id-meta":"","stick-header-meta":"","header-above-stick-meta":"","header-main-stick-meta":"","header-below-stick-meta":"","astra-migrate-meta-layouts":"default","ast-page-background-enabled":"default","ast-page-background-meta":{"desktop":{"background-color":"var(--ast-global-color-4)","background-image":"","background-repeat":"repeat","background-position":"center center","background-size":"auto","background-attachment":"scroll","background-type":"","background-media":"","overlay-type":"","overlay-color":"","overlay-opacity":"","overlay-gradient":""},"tablet":{"background-color":"","background-image":"","background-repeat":"repeat","background-position":"center center","background-size":"auto","background-attachment":"scroll","background-type":"","background-media":"","overlay-type":"","overlay-color":"","overlay-opacity":"","overlay-gradient":""},"mobile":{"background-color":"","background-image":"","background-repeat":"repeat","background-position":"center center","background-size":"auto","background-attachment":"scroll","background-type":"","background-media":"","overlay-type":"","overlay-color":"","overlay-opacity":"","overlay-gradient":""}},"ast-content-background-meta":{"desktop":{"background-color":"var(--ast-global-color-5)","background-image":"","background-repeat":"repeat","background-position":"center center","background-size":"auto","background-attachment":"scroll","background-type":"","background-media":"","overlay-type":"","overlay-color":"","overlay-opacity":"","overlay-gradient":""},"tablet":{"background-color":"var(--ast-global-color-5)","background-image":"","background-repeat":"repeat","background-position":"center center","background-size":"auto","background-attachment":"scroll","background-type":"","background-media":"","overlay-type":"","overlay-color":"","overlay-opacity":"","overlay-gradient":""},"mobile":{"background-color":"var(--ast-global-color-5)","background-image":"","background-repeat":"repeat","background-position":"center center","background-size":"auto","background-attachment":"scroll","background-type":"","background-media":"","overlay-type":"","overlay-color":"","overlay-opacity":"","overlay-gradient":""}},"footnotes":""},"categories":[8],"tags":[196],"class_list":["post-72762","post","type-post","status-publish","format-standard","has-post-thumbnail","hentry","category-noticias","tag-papa-francisco"],"_links":{"self":[{"href":"https:\/\/losperiodistas.com.mx\/portal\/wp-json\/wp\/v2\/posts\/72762","targetHints":{"allow":["GET"]}}],"collection":[{"href":"https:\/\/losperiodistas.com.mx\/portal\/wp-json\/wp\/v2\/posts"}],"about":[{"href":"https:\/\/losperiodistas.com.mx\/portal\/wp-json\/wp\/v2\/types\/post"}],"author":[{"embeddable":true,"href":"https:\/\/losperiodistas.com.mx\/portal\/wp-json\/wp\/v2\/users\/1"}],"replies":[{"embeddable":true,"href":"https:\/\/losperiodistas.com.mx\/portal\/wp-json\/wp\/v2\/comments?post=72762"}],"version-history":[{"count":1,"href":"https:\/\/losperiodistas.com.mx\/portal\/wp-json\/wp\/v2\/posts\/72762\/revisions"}],"predecessor-version":[{"id":72764,"href":"https:\/\/losperiodistas.com.mx\/portal\/wp-json\/wp\/v2\/posts\/72762\/revisions\/72764"}],"wp:featuredmedia":[{"embeddable":true,"href":"https:\/\/losperiodistas.com.mx\/portal\/wp-json\/wp\/v2\/media\/72763"}],"wp:attachment":[{"href":"https:\/\/losperiodistas.com.mx\/portal\/wp-json\/wp\/v2\/media?parent=72762"}],"wp:term":[{"taxonomy":"category","embeddable":true,"href":"https:\/\/losperiodistas.com.mx\/portal\/wp-json\/wp\/v2\/categories?post=72762"},{"taxonomy":"post_tag","embeddable":true,"href":"https:\/\/losperiodistas.com.mx\/portal\/wp-json\/wp\/v2\/tags?post=72762"}],"curies":[{"name":"wp","href":"https:\/\/api.w.org\/{rel}","templated":true}]}}