{"id":72738,"date":"2024-04-20T20:39:14","date_gmt":"2024-04-21T01:39:14","guid":{"rendered":"https:\/\/losperiodistas.com.mx\/portal\/?p=72738"},"modified":"2024-04-20T20:39:17","modified_gmt":"2024-04-21T01:39:17","slug":"estados-unidos-emite-alerta-de-viaje-por-violencia-en-mexico-dw","status":"publish","type":"post","link":"https:\/\/losperiodistas.com.mx\/portal\/estados-unidos-emite-alerta-de-viaje-por-violencia-en-mexico-dw\/","title":{"rendered":"Estados Unidos emite alerta de viaje por violencia en M\u00e9xico | DW"},"content":{"rendered":"\n<p class=\"has-medium-font-size\">Washington delimit\u00f3 el \u00e1rea de peligro a la mayor parte de la frontera entre Chiapas y Guatemala desde la costa del Pac\u00edfico.<\/p>\n\n\n\n<figure class=\"wp-block-image size-large\"><img fetchpriority=\"high\" decoding=\"async\" width=\"1024\" height=\"448\" src=\"https:\/\/losperiodistas.com.mx\/portal\/wp-content\/uploads\/2024\/04\/66087886_1004-1024x448.jpeg\" alt=\"\" class=\"wp-image-72739\" srcset=\"https:\/\/losperiodistas.com.mx\/portal\/wp-content\/uploads\/2024\/04\/66087886_1004-1024x448.jpeg 1024w, https:\/\/losperiodistas.com.mx\/portal\/wp-content\/uploads\/2024\/04\/66087886_1004-300x131.jpeg 300w, https:\/\/losperiodistas.com.mx\/portal\/wp-content\/uploads\/2024\/04\/66087886_1004-768x336.jpeg 768w, https:\/\/losperiodistas.com.mx\/portal\/wp-content\/uploads\/2024\/04\/66087886_1004.jpeg 1200w\" sizes=\"(max-width: 1024px) 100vw, 1024px\" \/><figcaption>La alerta tambi\u00e9n abarca ciudades como Netzahualc\u00f3yotl, Ocosingo, El Ocote, San Francisco Pujiltic y Mapastepec.<small>Imagen:\u00a0Paul Mendoza\/AFP\/Getty Images<\/small><\/figcaption><\/figure>\n\n\n\n<p class=\"has-vivid-red-color has-text-color has-medium-font-size\"><strong>DW<\/strong><\/p>\n\n\n\n<p>La Embajada de&nbsp;<a href=\"https:\/\/www.dw.com\/es\/estados-unidos\/t-17411942\">Estados Unidos<\/a>&nbsp;en&nbsp;<a href=\"https:\/\/www.dw.com\/es\/m%C3%A9xico\/t-17409380\">M\u00e9xico<\/a>&nbsp;emiti\u00f3 este s\u00e1bado (20.04.2024) una alerta de viaje por la inseguridad en Chiapas, estado de la frontera sur mexicana que afronta una ola de&nbsp;<a href=\"https:\/\/www.dw.com\/es\/violencia-en-m%C3%A9xico\/t-17984147\">violencia del crimen<\/a>&nbsp;organizado y disputas de los c\u00e1rteles del&nbsp;<a href=\"https:\/\/www.dw.com\/es\/narcotr%C3%A1fico\/t-17409535\">narcotr\u00e1fico<\/a>.<\/p>\n\n\n\n<p>La advertencia se produce \u00abdebido a la creciente violencia y preocupaciones de seguridad en Chiapas\u00bb, por lo que el personal estadounidense&nbsp;tiene&nbsp;restricciones para viajar a la zona, seg\u00fan la informaci\u00f3n disponible en el sitio oficial de la Embajada.<\/p>\n\n\n\n<blockquote class=\"wp-block-quote is-layout-flow wp-block-quote-is-layout-flow\"><p><\/p><\/blockquote>\n\n\n\n<figure class=\"wp-block-embed is-type-rich is-provider-twitter wp-block-embed-twitter\"><div class=\"wp-block-embed__wrapper\">\n<blockquote class=\"twitter-tweet\" data-width=\"500\" data-dnt=\"true\"><p lang=\"en\" dir=\"ltr\">SECURITY ALERT: RISING VIOLENCE AND SECURITY CONCERNS IN THE STATE OF CHIAPAS<a href=\"https:\/\/t.co\/9WNnyTuU6x\">https:\/\/t.co\/9WNnyTuU6x<\/a><\/p>&mdash; Embajada EU en Mex (@USEmbassyMEX) <a href=\"https:\/\/twitter.com\/USEmbassyMEX\/status\/1781765269012013192?ref_src=twsrc%5Etfw\">April 20, 2024<\/a><\/blockquote><script async src=\"https:\/\/platform.twitter.com\/widgets.js\" charset=\"utf-8\"><\/script>\n<\/div><\/figure>\n\n\n\n<p>El Gobierno estadounidense delimit\u00f3&nbsp;<a rel=\"noreferrer noopener\" target=\"_blank\" href=\"https:\/\/mx.usembassy.gov\/maps-of-restricted-areas\/\">un \u00e1rea de peligro<\/a>&nbsp;que incluye la mayor parte de la frontera entre Chiapas y&nbsp;<a href=\"https:\/\/www.dw.com\/es\/guatemala\/t-17412399\">Guatemala<\/a>&nbsp;desde la costa del Pac\u00edfico hasta la Reserva de la Bi\u00f3sfera Montes Azules. Tambi\u00e9n, abarca ciudades como Netzahualc\u00f3yotl, Ocosingo, El Ocote, San Francisco Pujiltic y Mapastepec. En cambio, permite los viajes a Tapachula, la mayor ciudad de la frontera de M\u00e9xico con Centroam\u00e9rica.<\/p>\n\n\n\n<p>\u00abMonitoree la prensa local para actualizaciones y, en caso de emergencia, llame al 911. Revise sus planes de seguridad personal y siga las instrucciones de las autoridades locales\u00bb, concluye la alerta.<\/p>\n\n\n\n<p>M\u00e1s de 100.000 ni\u00f1as, ni\u00f1os y adolescentes resultaron afectados en 2023 en el estado por las disputas de los grupos criminales, seg\u00fan un informe de la Red por los Derechos de la Infancias en M\u00e9xico (REDIM) y la Red por los Derechos de las Infancias y Adolescencias en Chiapas (REDIAS).<\/p>\n\n\n\n<figure class=\"wp-block-embed is-type-rich is-provider-twitter wp-block-embed-twitter\"><div class=\"wp-block-embed__wrapper\">\n<blockquote class=\"twitter-tweet\" data-width=\"500\" data-dnt=\"true\"><p lang=\"es\" dir=\"ltr\">\ud83d\udd34 El 2023 fue uno de los a\u00f1os m\u00e1s violentos para las infancias y adolescencias en el estado. Se estiman m\u00e1s de 100 mil ni\u00f1as, ni\u00f1os y adolescentes afectados por las disputas entre grupos criminales.<br><br>\u203c\ufe0f Comunicado disponible en:<a href=\"https:\/\/t.co\/9qC4eX5FUY\">https:\/\/t.co\/9qC4eX5FUY<\/a> <a href=\"https:\/\/t.co\/OdAaNzlK6B\">pic.twitter.com\/OdAaNzlK6B<\/a><\/p>&mdash; Redias (@Rediaschiapas) <a href=\"https:\/\/twitter.com\/Rediaschiapas\/status\/1750711717938462837?ref_src=twsrc%5Etfw\">January 26, 2024<\/a><\/blockquote><script async src=\"https:\/\/platform.twitter.com\/widgets.js\" charset=\"utf-8\"><\/script>\n<\/div><\/figure>\n\n\n\n<p>ama (efe, eeuu)<\/p>\n\n\n\n<p>Fuente: <a href=\"https:\/\/www.dw.com\/es\/estados-unidos-emite-alerta-de-viaje-por-violencia-en-m%C3%A9xico\/a-68880358\">https:\/\/www.dw.com\/es\/estados-unidos-emite-alerta-de-viaje-por-violencia-en-m%C3%A9xico\/a-68880358<\/a><\/p>\n","protected":false},"excerpt":{"rendered":"<p>Washington delimit\u00f3 el \u00e1rea de peligro a la mayor parte de la frontera entre Chiapas y Guatemala desde la costa [&hellip;]<\/p>\n","protected":false},"author":1,"featured_media":72739,"comment_status":"open","ping_status":"open","sticky":false,"template":"","format":"standard","meta":{"site-sidebar-layout":"default","site-content-layout":"","ast-site-content-layout":"default","site-content-style":"default","site-sidebar-style":"default","ast-global-header-display":"","ast-banner-title-visibility":"","ast-main-header-display":"","ast-hfb-above-header-display":"","ast-hfb-below-header-display":"","ast-hfb-mobile-header-display":"","site-post-title":"","ast-breadcrumbs-content":"","ast-featured-img":"","footer-sml-layout":"","theme-transparent-header-meta":"","adv-header-id-meta":"","stick-header-meta":"","header-above-stick-meta":"","header-main-stick-meta":"","header-below-stick-meta":"","astra-migrate-meta-layouts":"default","ast-page-background-enabled":"default","ast-page-background-meta":{"desktop":{"background-color":"var(--ast-global-color-4)","background-image":"","background-repeat":"repeat","background-position":"center center","background-size":"auto","background-attachment":"scroll","background-type":"","background-media":"","overlay-type":"","overlay-color":"","overlay-opacity":"","overlay-gradient":""},"tablet":{"background-color":"","background-image":"","background-repeat":"repeat","background-position":"center center","background-size":"auto","background-attachment":"scroll","background-type":"","background-media":"","overlay-type":"","overlay-color":"","overlay-opacity":"","overlay-gradient":""},"mobile":{"background-color":"","background-image":"","background-repeat":"repeat","background-position":"center center","background-size":"auto","background-attachment":"scroll","background-type":"","background-media":"","overlay-type":"","overlay-color":"","overlay-opacity":"","overlay-gradient":""}},"ast-content-background-meta":{"desktop":{"background-color":"var(--ast-global-color-5)","background-image":"","background-repeat":"repeat","background-position":"center center","background-size":"auto","background-attachment":"scroll","background-type":"","background-media":"","overlay-type":"","overlay-color":"","overlay-opacity":"","overlay-gradient":""},"tablet":{"background-color":"var(--ast-global-color-5)","background-image":"","background-repeat":"repeat","background-position":"center center","background-size":"auto","background-attachment":"scroll","background-type":"","background-media":"","overlay-type":"","overlay-color":"","overlay-opacity":"","overlay-gradient":""},"mobile":{"background-color":"var(--ast-global-color-5)","background-image":"","background-repeat":"repeat","background-position":"center center","background-size":"auto","background-attachment":"scroll","background-type":"","background-media":"","overlay-type":"","overlay-color":"","overlay-opacity":"","overlay-gradient":""}},"footnotes":""},"categories":[8],"tags":[11119,24277],"class_list":["post-72738","post","type-post","status-publish","format-standard","has-post-thumbnail","hentry","category-noticias","tag-chiapas-violencia","tag-eu-alerta-viaje"],"_links":{"self":[{"href":"https:\/\/losperiodistas.com.mx\/portal\/wp-json\/wp\/v2\/posts\/72738","targetHints":{"allow":["GET"]}}],"collection":[{"href":"https:\/\/losperiodistas.com.mx\/portal\/wp-json\/wp\/v2\/posts"}],"about":[{"href":"https:\/\/losperiodistas.com.mx\/portal\/wp-json\/wp\/v2\/types\/post"}],"author":[{"embeddable":true,"href":"https:\/\/losperiodistas.com.mx\/portal\/wp-json\/wp\/v2\/users\/1"}],"replies":[{"embeddable":true,"href":"https:\/\/losperiodistas.com.mx\/portal\/wp-json\/wp\/v2\/comments?post=72738"}],"version-history":[{"count":1,"href":"https:\/\/losperiodistas.com.mx\/portal\/wp-json\/wp\/v2\/posts\/72738\/revisions"}],"predecessor-version":[{"id":72740,"href":"https:\/\/losperiodistas.com.mx\/portal\/wp-json\/wp\/v2\/posts\/72738\/revisions\/72740"}],"wp:featuredmedia":[{"embeddable":true,"href":"https:\/\/losperiodistas.com.mx\/portal\/wp-json\/wp\/v2\/media\/72739"}],"wp:attachment":[{"href":"https:\/\/losperiodistas.com.mx\/portal\/wp-json\/wp\/v2\/media?parent=72738"}],"wp:term":[{"taxonomy":"category","embeddable":true,"href":"https:\/\/losperiodistas.com.mx\/portal\/wp-json\/wp\/v2\/categories?post=72738"},{"taxonomy":"post_tag","embeddable":true,"href":"https:\/\/losperiodistas.com.mx\/portal\/wp-json\/wp\/v2\/tags?post=72738"}],"curies":[{"name":"wp","href":"https:\/\/api.w.org\/{rel}","templated":true}]}}