{"id":72676,"date":"2024-04-19T10:15:11","date_gmt":"2024-04-19T15:15:11","guid":{"rendered":"https:\/\/losperiodistas.com.mx\/portal\/?p=72676"},"modified":"2024-04-19T10:15:14","modified_gmt":"2024-04-19T15:15:14","slug":"caso-zaldivar-militares-presionaron-a-jueces-para-resolver-de-manera-prioritaria-temas-relevantes-para-amlo-animal-politico","status":"publish","type":"post","link":"https:\/\/losperiodistas.com.mx\/portal\/caso-zaldivar-militares-presionaron-a-jueces-para-resolver-de-manera-prioritaria-temas-relevantes-para-amlo-animal-politico\/","title":{"rendered":"Caso Zald\u00edvar: militares presionaron a jueces para \u201cresolver de manera prioritaria\u201d temas relevantes para AMLO | Animal Pol\u00edtico"},"content":{"rendered":"\n<p>Los jueces eran citados en la Judicatura y ah\u00ed los militares participaban presuntamente para que resolvieran temas de inter\u00e9s de AMLO, como extradiciones a EU, y su presencia buscaba dejar claro el sentido requerido de la resoluci\u00f3n, \u201cintimidando al juzgador\u201d, de acuerdo con la denuncia contra Arturo Zald\u00edvar.<\/p>\n\n\n\n<figure class=\"wp-block-image size-full\"><img fetchpriority=\"high\" decoding=\"async\" width=\"1024\" height=\"683\" src=\"https:\/\/losperiodistas.com.mx\/portal\/wp-content\/uploads\/2024\/04\/caso-arturo-zaldivar-militares-presiones-1024x683-1.webp\" alt=\"\" class=\"wp-image-72678\" srcset=\"https:\/\/losperiodistas.com.mx\/portal\/wp-content\/uploads\/2024\/04\/caso-arturo-zaldivar-militares-presiones-1024x683-1.webp 1024w, https:\/\/losperiodistas.com.mx\/portal\/wp-content\/uploads\/2024\/04\/caso-arturo-zaldivar-militares-presiones-1024x683-1-300x200.webp 300w, https:\/\/losperiodistas.com.mx\/portal\/wp-content\/uploads\/2024\/04\/caso-arturo-zaldivar-militares-presiones-1024x683-1-768x512.webp 768w\" sizes=\"(max-width: 1024px) 100vw, 1024px\" \/><\/figure>\n\n\n\n<p class=\"has-vivid-red-color has-text-color has-medium-font-size\"><strong>Alfredo Maza \/ Animal Pol\u00edtico<\/strong><\/p>\n\n\n\n<p>Elementos de la Secretar\u00eda de la Defensa Nacional (Sedena) presuntamente participaron en las presiones que juezas y jueces de distrito sufrieron en torno a diversos&nbsp;<a href=\"https:\/\/www.animalpolitico.com\/politica\/zaldivar-altos-mandos-jueces-denuncia\" target=\"_blank\" rel=\"noreferrer noopener\">temas emblem\u00e1ticos para la autoproclamada Cuarta Transformaci\u00f3n<\/a>, sobre todo para \u201cresolver de manera prioritaria\u201d extradiciones relevantes para el presidente Andr\u00e9s Manuel L\u00f3pez Obrador, de acuerdo con la&nbsp;<a href=\"https:\/\/animalpolitico.com\/politica\/denuncia-arturo-zaldivar-corrupcion-colaboradores-norma-pina\" target=\"_blank\" rel=\"noreferrer noopener\">denuncia an\u00f3nima presentada en contra de Arturo Zald\u00edvar<\/a>, expresidente de la Suprema Corte de Justicia de la Naci\u00f3n (SCJN).&nbsp;<\/p>\n\n\n\n<p>\u201cUn tema relevante en la presidencia de L\u00f3pez Obrador son las extradiciones, por lo que se ha tratado de extraditar a la mayor cantidad de probables responsables, siempre vendi\u00e9ndolo como un favor al gobierno de los Estados Unidos, sin que sea de su inter\u00e9s respetar el procedimiento establecidos en las leyes y mucho menos los derechos humanos de las personas sujetas a esta clase de procedimiento\u201d, se indica en la&nbsp;<strong>denuncia.<\/strong><\/p>\n\n\n\n<p>De acuerdo con el documento, dichas presiones suced\u00edan en presencia de mandos militares y bajo el consentimiento directo de&nbsp;<strong>Carlos Antonio Alp\u00edzar Salazar<\/strong>, exsecretario general de la presidencia del Consejo de la Judicatura Federal (CJF) y qui\u00e9n actualmente se desempe\u00f1a como titular de la Unidad de Desarrollo Democr\u00e1tico en la Secretar\u00eda de Gobernaci\u00f3n (Segob).&nbsp;<\/p>\n\n\n\n<p>Lee |&nbsp;<a href=\"https:\/\/animalpolitico.com\/politica\/denuncia-arturo-zaldivar-corrupcion-colaboradores-norma-pina\" target=\"_blank\" rel=\"noreferrer noopener\">Denuncia contra Zald\u00edvar por corrupci\u00f3n alcanza a colaboradores de la ministra Pi\u00f1a<\/a><\/p>\n\n\n\n<p>\u201cEran recibidos por Carlos Alpizar, pero no siempre estaba s\u00f3lo, en varias ocasiones hab\u00eda funcionarios del propio Consejo o del Poder Ejecutivo (Gobernaci\u00f3n y SEDENA en la mayor\u00eda de los casos) quienes por una parte verificaban que las presiones se realizaran en el sentido exigido y por otra abonaban a dejar claro el sentido requerido<strong>, intimidando al juzgador<\/strong>\u201c, seg\u00fan la&nbsp;<a href=\"https:\/\/animalpolitico.com\/politica\/investigan-filtracion-denuncia-anonima-contra-zaldivar\" target=\"_blank\" rel=\"noreferrer noopener\">denuncia<\/a>.<\/p>\n\n\n\n<p>En este contexto, el presidente L\u00f3pez Obrador ha defendido a Arturo Zald\u00edvar, al asegurar que hay una persecuci\u00f3n pol\u00edtica en su contra que es \u201c<a href=\"https:\/\/www.animalpolitico.com\/politica\/amlo-arturo-zaldivar-investigcion-venganza\" target=\"_blank\" rel=\"noreferrer noopener\">es una especie de venganza<\/a>\u201d; mientras que ha asegurado que&nbsp;<a href=\"https:\/\/www.animalpolitico.com\/politica\/carlos-alpizar-norma-pina-amlo-zaldivar\" target=\"_blank\" rel=\"noreferrer noopener\">Carlos Alp\u00edzar se va a quedar en Gobernaci\u00f3n<\/a>, \u201cde lo contrario&nbsp;<strong>Norma Pi\u00f1a<\/strong>&nbsp;tendr\u00eda que dejar la presidencia de la Suprema Corte de Justicia de la Naci\u00f3n\u201d.&nbsp;<\/p>\n\n\n\n<figure class=\"wp-block-image\" id=\"attachment_1390253\"><img decoding=\"async\" src=\"https:\/\/ap-cdn.sfo3.cdn.digitaloceanspaces.com\/uploads\/2024\/04\/carlos-alpizar-caso-zaldivar.jpg\" alt=\"carlos alpizar caso zaldivar\" class=\"wp-image-1390253\"\/><figcaption><strong>Carlos Antonio Alp\u00edzar Salazar<\/strong>, exsecretario general de la presidencia del Consejo de la Judicatura Federal (CJF).&nbsp;Foto: Cuartoscuro\/Archivo<\/figcaption><\/figure>\n\n\n\n<h2 class=\"wp-block-heading\"><strong>La intromisi\u00f3n de la Sedena en el Poder Judicial<\/strong><\/h2>\n\n\n\n<p>Para ordenar que resolvieran de manera prioritaria los asuntos relacionados con las extradiciones a los Estados Unidos, supuestamente fueron<strong>&nbsp;citados diversos juzgadores,<\/strong>&nbsp;en especial del Primer Circuito (Ciudad de M\u00e9xico) y Segundo Circuito (Estado de M\u00e9xico) en el edificio del CJF de forma individual.https:\/\/a5317d9c542470b110aa7b0d4163b9cd.safeframe.googlesyndication.com\/safeframe\/1-0-40\/html\/container.html<\/p>\n\n\n\n<p>Ejemplo de ello fue una supuesta cita al<a href=\"https:\/\/animalpolitico.com\/politica\/zaldivar-altos-mandos-jueces-denuncia\" target=\"_blank\" rel=\"noreferrer noopener\">&nbsp;piso 14 del CJF<\/a>&nbsp;de las juezas&nbsp;<strong>Abiga\u00edl Ocampo<\/strong>&nbsp;y&nbsp;<strong>Michelle Franco<\/strong>, ambas del Segundo Circuito, para ser recibidas por&nbsp;<strong>Carlos Alp\u00edzar<\/strong>&nbsp;-que es se\u00f1alado en la&nbsp;<a href=\"https:\/\/animalpolitico.com\/politica\/alcantara-carranca-denuncia-zaldivar-scjn\" target=\"_blank\" rel=\"noreferrer noopener\">denuncia<\/a>&nbsp;por los delitos de&nbsp;enriquecimiento il\u00edcito, corrupci\u00f3n y extorsi\u00f3n- y un hombre que se identific\u00f3 como&nbsp;<strong>un \u201ccomandante\u201d de la Sedena<\/strong>.&nbsp;<\/p>\n\n\n\n<p>\u201cAh\u00ed&nbsp;<strong>se les pidi\u00f3 celeridad en la integraci\u00f3n de los amparos promovidos contra la extradici\u00f3n de dos miembros espec\u00edficos del crimen organizado<\/strong>, pues seg\u00fan se\u00f1alaron era prioridad para el Ejecutivo conseguir su pronta entrega a los EUA, requiriendo adem\u00e1s que se informara, por fuera de los medios oficiales, antes de dictar la sentencia, s<strong>e\u00f1alandoles adem\u00e1s que evitaran responsabilidad administrativa por la dilaci\u00f3n que pudiera existir en esos asuntos<\/strong>\u201d.&nbsp;<\/p>\n\n\n\n<p>Lee m\u00e1s |<a href=\"https:\/\/animalpolitico.com\/politica\/zaldivar-altos-mandos-jueces-denuncia\" target=\"_blank\" rel=\"noreferrer noopener\">Caso Zald\u00edvar: cuatro altos mandos presionaron a 70 jueces y magistrados en 18 temas emblem\u00e1ticos para la 4T, seg\u00fan denuncia<\/a><\/p>\n\n\n\n<p>Seg\u00fan la<a href=\"https:\/\/animalpolitico.com\/politica\/arturo-zaldivar-exministro-investigacion-corte\" target=\"_blank\" rel=\"noreferrer noopener\">&nbsp;denuncia presentada contra Zald\u00edvar<\/a>, por presuntos actos de corrupci\u00f3n y por \u201cvulnerar la autonom\u00eda e independencia\u201d del Poder Judicial, todos estos hechos ocurrieron entre los a\u00f1os 2019 y 2022.&nbsp;<\/p>\n\n\n\n<p>En este periodo, la jueza Abiga\u00edl tuvo bajo su responsabilidad las demandas de amparo promovidas por el&nbsp;<a href=\"https:\/\/animalpolitico.com\/2022\/07\/caro-quintero-recapturado-casi-10-anos-profugo\" target=\"_blank\" rel=\"noreferrer noopener\">narcotraficante Rafael Caro Quintero<\/a>, fundador del C\u00e1rtel de Guadalajara, y de&nbsp;<a href=\"https:\/\/www.animalpolitico.com\/2012\/09\/capturan-a-mario-cardenas-guillen-lider-del-cartel-del-golfo\" target=\"_blank\" rel=\"noreferrer noopener\">Mario C\u00e1rdenas Guill\u00e9n<\/a>, exl\u00edder del C\u00e1rtel del Golfo, a quienes&nbsp;<strong>se les fren\u00f3 su extradici\u00f3n a Estados Unidos<\/strong>&nbsp;mediante una suspensi\u00f3n definitiva, decisiones que incluso fueron criticadas desde la tribuna presidencial.&nbsp;&nbsp;<\/p>\n\n\n\n<p>Adem\u00e1s, seg\u00fan el documento,&nbsp;<strong>Alp\u00edzar<\/strong>&nbsp;acud\u00eda constantemente a diversos circuitos relevantes para sus intereses y organizaba reuniones entre juzgadores y autoridades del Ejecutivo, como personas de la Sedena y Gobernaci\u00f3n, \u201cque propiamente fueron&nbsp;<strong>ejercicios de intimidaci\u00f3n con el \u00fanico prop\u00f3sito de socavar la independencia de los jueces<\/strong>&nbsp;y demostrar su alcance y cercan\u00eda al poder, bajo el absurdo argumento de \u2018sensibilizar\u2019, nada que ver con di\u00e1logos abiertos y rec\u00edprocos, para analizar temas comunes relevantes\u201d, se\u00f1ala la denuncia.&nbsp;<\/p>\n\n\n\n<p>Lee m\u00e1s |&nbsp;<a href=\"https:\/\/www.animalpolitico.com\/politica\/arturo-zaldivar-juicio-politico-norma-pina\" target=\"_blank\" rel=\"noreferrer noopener\">Zald\u00edvar promover\u00e1 juicio pol\u00edtico contra ministra presidenta de la Corte por supuesta \u201cintervenci\u00f3n en el proceso electoral\u201d<\/a><\/p>\n\n\n\n<figure class=\"wp-block-image\" id=\"attachment_1390252\"><img decoding=\"async\" src=\"https:\/\/ap-cdn.sfo3.cdn.digitaloceanspaces.com\/uploads\/2024\/04\/carlos-alpizar-caso-zaldivar-1.jpg\" alt=\"carlos alpizar caso zaldivar\" class=\"wp-image-1390252\"\/><figcaption>Foto: Cuartoscuro\/Archivo<\/figcaption><\/figure>\n\n\n\n<p>Sobre las y los jueces del Primer Circuito, en la denuncia se indica que<strong>&nbsp;todos los titulares de \u00f3rganos de impartici\u00f3n de justicia que ten\u00edan asuntos de extradiciones tambi\u00e9n fueron citados al piso 14 del CJF<\/strong>, donde eran recibidos por&nbsp;<strong>Carlos Alp\u00edzar<\/strong>&nbsp;y un funcionario de la Secretar\u00eda de Relaciones Exteriores (SRE), quienes preguntaban por expedientes en espec\u00edfico, cuestionado el motivo por el cu\u00e1l no los resolv\u00edan o por qu\u00e9 conced\u00edan el amparo o la suspensi\u00f3n.&nbsp;<\/p>\n\n\n\n<p>\u201cAlgunos jueces que fueron presionados con este tema, de manera enunciativa, fueron Rosa Monta\u00f1o, Julio Vered\u00edn, Maria Dolores N\u00fa\u00f1ez, Jazm\u00edn Ru\u00edz, Sandra Robledo, Patricio Vargas y otros.&nbsp;<strong>Estas citas en el Consejo no eran amistosas, al contrario, las cosas no se ped\u00edan, se exig\u00edan, era una extorsi\u00f3n<\/strong>\u201d.&nbsp;<\/p>\n\n\n\n<h2 class=\"wp-block-heading\"><strong>Las posturas de AMLO sobre las extradiciones<\/strong><\/h2>\n\n\n\n<p>Al inicio de su sexenio, el presidente Andr\u00e9s Manuel L\u00f3pez Obrador fue duramente criticado porque&nbsp;<strong>durante su arranque presidencial baj\u00f3 el n\u00famero de extradiciones<\/strong>, al pasar de 594 extradiciones del sexenio de Felipe Calder\u00f3n, 395 con Enrique Pe\u00f1a Nieto, y solo 89 durante los primeros dos a\u00f1os y medios del gobierno obradorista, lo que lo llev\u00f3 incluso a ser se\u00f1alado por la posible existencia de pactos de su gobierno con el crimen organizado.&nbsp;<\/p>\n\n\n\n<p>\u201cEs que hab\u00eda muchos amparos y tenemos que proceder legalmente. Se van resolviendo estos procedimientos y as\u00ed se act\u00faa. Que quede claro, nosotros no establecemos relaciones de complicidad con nadie, ni con delincuentes comunes ni con delincuentes de cuello blanco. No es como antes que se persegu\u00eda a unos y se toleraba a otros. Ahora actuamos sin privilegios para nadie, parejo\u201d, dijo el presidente durante una&nbsp;<a href=\"https:\/\/www.youtube.com\/watch?v=NG76J2hCD1s&amp;t=3837s\" target=\"_blank\" rel=\"noreferrer noopener\">conferencia de prensa<\/a>&nbsp;realizada el 11 de febrero de 2020.&nbsp;<\/p>\n\n\n\n<p>Ent\u00e9rate |&nbsp;<a href=\"https:\/\/animalpolitico.com\/politica\/magistrados-jueces-respaldan-norma-pina-acusaciones-zaldivar\" target=\"_blank\" rel=\"noreferrer noopener\">Magistrados y jueces respaldan a presidenta de la Corte, Norma Pi\u00f1a; acusan difamaci\u00f3n por parte del exministro Zald\u00edvar<\/a><\/p>\n\n\n\n<p>Luego de la<a href=\"https:\/\/www.animalpolitico.com\/2020\/07\/detienen-cesar-duarte-miami-florida\" target=\"_blank\" rel=\"noreferrer noopener\">&nbsp;detenci\u00f3n del exgobernador C\u00e9sar Duarte<\/a>, aprehendido en Florida, Estados Unidos, por estar se\u00f1alado de desv\u00edos de fondos p\u00fablicos para financiar campa\u00f1as del PRI, el mandatario federal nuevamente resalt\u00f3 el tema de&nbsp;<strong>extradiciones<\/strong>&nbsp;como prioridad en su gobierno, al se\u00f1alar que el informe de Duarte para trasladarlo de un pa\u00eds a otro \u201cno estaba bien integrado\u201d.&nbsp;<\/p>\n\n\n\n<p>\u201cTenemos que mantener una relaci\u00f3n de cooperaci\u00f3n y que se termine con la impunidad, que se cumpla con los procedimientos y se lleven a cabo las extracciones que se soliciten, tanto de un pa\u00eds como de otro\u201d, dijo en otra&nbsp;<a href=\"https:\/\/www.youtube.com\/watch?v=PHbBJMWC2-M&amp;t=4282s\">conferencia de prensa<\/a>&nbsp;celebrada meses despu\u00e9s.&nbsp;<\/p>\n\n\n\n<figure class=\"wp-block-image\" id=\"attachment_1388691\"><img decoding=\"async\" src=\"https:\/\/ap-cdn.sfo3.cdn.digitaloceanspaces.com\/uploads\/2024\/04\/amlo-arturo-zaldivar-1.jpg\" alt=\"amlo arturo zaldivar\" class=\"wp-image-1388691\"\/><figcaption>El exministro Arturo Zald\u00edvar. Foto: Cuartoscuro.<\/figcaption><\/figure>\n\n\n\n<p>Sin embargo, todo cambi\u00f3 a partir de enero de 2022, cuando comenz\u00f3 a presentar en su conferencia de prensa los informes de Cero Impunidad, secci\u00f3n en la que el&nbsp;<a href=\"https:\/\/animalpolitico.com\/politica\/ataques-contra-jueces-gobierno\" target=\"_blank\" rel=\"noreferrer noopener\">Gobierno suele se\u00f1alar y acusar a jueces por \u201cfavorecer a presuntos delincuentes\u201d sin presentar pruebas<\/a>.&nbsp;<\/p>\n\n\n\n<p>Una de las \u00faltimas cr\u00edticas realizadas en este sentido ocurri\u00f3 el pasado&nbsp;<a href=\"https:\/\/www.gob.mx\/presidencia\/articulos\/version-estenografica-conferencia-de-prensa-del-presidente-andres-manuel-lopez-obrador-del-28-de-noviembre-de-2023\" target=\"_blank\" rel=\"noreferrer noopener\">28 de noviembre de 2023<\/a>, cuando el presidente arremeti\u00f3 contra la jueza Mar\u00eda del Carmen S\u00e1nchez Cisneros, de la Ciudad de M\u00e9xico, por otorgar una&nbsp;<a href=\"https:\/\/animalpolitico.com\/seguridad\/juez-frena-por-ahora-extradicion-eu-nestor-isidro-perez-el-nini\" target=\"_blank\" rel=\"noreferrer noopener\">suspensi\u00f3n provisional a N\u00e9stor Isidro N., alias \u201cEl Nini\u201d<\/a>, jefe de seguridad de los Chapitos, para evitar ser extraditado&nbsp; a los Estados Unidos.&nbsp;<\/p>\n\n\n\n<p>\u201cSe detiene y una juez casi al momento de la detenci\u00f3n le ofrece el amparo para que no sea extraditado. \u00bfQu\u00e9 es eso? O sea, si esto no es corrupci\u00f3n, que me digan los ministros de la corte\u2026 \u00a1Ah!, y el Consejo de la Judicatura\u2019. \u00bfDe qu\u00e9 se trata? \u00bfEsto es derecho? Esto es chueco a todas luces\u201d, dijo.\u00a0<\/p>\n\n\n\n<p>Fuente: <a href=\"https:\/\/www.animalpolitico.com\/politica\/caso-arturo-zaldivar-militares-presionan-jueces-amlo-denuncia\">https:\/\/www.animalpolitico.com\/politica\/caso-arturo-zaldivar-militares-presionan-jueces-amlo-denuncia<\/a><\/p>\n","protected":false},"excerpt":{"rendered":"<p>Los jueces eran citados en la Judicatura y ah\u00ed los militares participaban presuntamente para que resolvieran temas de inter\u00e9s de [&hellip;]<\/p>\n","protected":false},"author":1,"featured_media":72678,"comment_status":"open","ping_status":"open","sticky":false,"template":"","format":"standard","meta":{"site-sidebar-layout":"default","site-content-layout":"","ast-site-content-layout":"default","site-content-style":"default","site-sidebar-style":"default","ast-global-header-display":"","ast-banner-title-visibility":"","ast-main-header-display":"","ast-hfb-above-header-display":"","ast-hfb-below-header-display":"","ast-hfb-mobile-header-display":"","site-post-title":"","ast-breadcrumbs-content":"","ast-featured-img":"","footer-sml-layout":"","theme-transparent-header-meta":"","adv-header-id-meta":"","stick-header-meta":"","header-above-stick-meta":"","header-main-stick-meta":"","header-below-stick-meta":"","astra-migrate-meta-layouts":"default","ast-page-background-enabled":"default","ast-page-background-meta":{"desktop":{"background-color":"var(--ast-global-color-4)","background-image":"","background-repeat":"repeat","background-position":"center center","background-size":"auto","background-attachment":"scroll","background-type":"","background-media":"","overlay-type":"","overlay-color":"","overlay-opacity":"","overlay-gradient":""},"tablet":{"background-color":"","background-image":"","background-repeat":"repeat","background-position":"center center","background-size":"auto","background-attachment":"scroll","background-type":"","background-media":"","overlay-type":"","overlay-color":"","overlay-opacity":"","overlay-gradient":""},"mobile":{"background-color":"","background-image":"","background-repeat":"repeat","background-position":"center center","background-size":"auto","background-attachment":"scroll","background-type":"","background-media":"","overlay-type":"","overlay-color":"","overlay-opacity":"","overlay-gradient":""}},"ast-content-background-meta":{"desktop":{"background-color":"var(--ast-global-color-5)","background-image":"","background-repeat":"repeat","background-position":"center center","background-size":"auto","background-attachment":"scroll","background-type":"","background-media":"","overlay-type":"","overlay-color":"","overlay-opacity":"","overlay-gradient":""},"tablet":{"background-color":"var(--ast-global-color-5)","background-image":"","background-repeat":"repeat","background-position":"center center","background-size":"auto","background-attachment":"scroll","background-type":"","background-media":"","overlay-type":"","overlay-color":"","overlay-opacity":"","overlay-gradient":""},"mobile":{"background-color":"var(--ast-global-color-5)","background-image":"","background-repeat":"repeat","background-position":"center center","background-size":"auto","background-attachment":"scroll","background-type":"","background-media":"","overlay-type":"","overlay-color":"","overlay-opacity":"","overlay-gradient":""}},"footnotes":""},"categories":[8],"tags":[24244,24243,3262],"class_list":["post-72676","post","type-post","status-publish","format-standard","has-post-thumbnail","hentry","category-noticias","tag-caso-zaldivar","tag-intimidacion-a-jueces","tag-sedena"],"_links":{"self":[{"href":"https:\/\/losperiodistas.com.mx\/portal\/wp-json\/wp\/v2\/posts\/72676","targetHints":{"allow":["GET"]}}],"collection":[{"href":"https:\/\/losperiodistas.com.mx\/portal\/wp-json\/wp\/v2\/posts"}],"about":[{"href":"https:\/\/losperiodistas.com.mx\/portal\/wp-json\/wp\/v2\/types\/post"}],"author":[{"embeddable":true,"href":"https:\/\/losperiodistas.com.mx\/portal\/wp-json\/wp\/v2\/users\/1"}],"replies":[{"embeddable":true,"href":"https:\/\/losperiodistas.com.mx\/portal\/wp-json\/wp\/v2\/comments?post=72676"}],"version-history":[{"count":1,"href":"https:\/\/losperiodistas.com.mx\/portal\/wp-json\/wp\/v2\/posts\/72676\/revisions"}],"predecessor-version":[{"id":72679,"href":"https:\/\/losperiodistas.com.mx\/portal\/wp-json\/wp\/v2\/posts\/72676\/revisions\/72679"}],"wp:featuredmedia":[{"embeddable":true,"href":"https:\/\/losperiodistas.com.mx\/portal\/wp-json\/wp\/v2\/media\/72678"}],"wp:attachment":[{"href":"https:\/\/losperiodistas.com.mx\/portal\/wp-json\/wp\/v2\/media?parent=72676"}],"wp:term":[{"taxonomy":"category","embeddable":true,"href":"https:\/\/losperiodistas.com.mx\/portal\/wp-json\/wp\/v2\/categories?post=72676"},{"taxonomy":"post_tag","embeddable":true,"href":"https:\/\/losperiodistas.com.mx\/portal\/wp-json\/wp\/v2\/tags?post=72676"}],"curies":[{"name":"wp","href":"https:\/\/api.w.org\/{rel}","templated":true}]}}