{"id":72665,"date":"2024-04-19T08:31:19","date_gmt":"2024-04-19T13:31:19","guid":{"rendered":"https:\/\/losperiodistas.com.mx\/portal\/?p=72665"},"modified":"2024-04-19T08:31:24","modified_gmt":"2024-04-19T13:31:24","slug":"dia-mundial-de-los-simpson-did","status":"publish","type":"post","link":"https:\/\/losperiodistas.com.mx\/portal\/dia-mundial-de-los-simpson-did\/","title":{"rendered":"D\u00eda Mundial de Los Simpson | DID"},"content":{"rendered":"\n<div class=\"wp-block-image\"><figure class=\"alignleft size-full\"><img fetchpriority=\"high\" decoding=\"async\" width=\"305\" height=\"229\" src=\"https:\/\/losperiodistas.com.mx\/portal\/wp-content\/uploads\/2024\/04\/04-19_dia-mundial-de-los-simpson.jpeg\" alt=\"\" class=\"wp-image-72666\" srcset=\"https:\/\/losperiodistas.com.mx\/portal\/wp-content\/uploads\/2024\/04\/04-19_dia-mundial-de-los-simpson.jpeg 305w, https:\/\/losperiodistas.com.mx\/portal\/wp-content\/uploads\/2024\/04\/04-19_dia-mundial-de-los-simpson-300x225.jpeg 300w\" sizes=\"(max-width: 305px) 100vw, 305px\" \/><\/figure><\/div>\n\n\n\n<p><\/p>\n\n\n\n<p class=\"has-vivid-red-color has-text-color has-medium-font-size\"><strong>Redacci\u00f3n D\u00eda Internacional De<\/strong><\/p>\n\n\n\n<p>Hace m\u00e1s de 35 a\u00f1os, un 19 de abril,&nbsp;<strong>se emiti\u00f3 el primer episodio de Los Simpson<\/strong>&nbsp;y desde entonces, los miembros de la familia m\u00e1s famosa de Am\u00e9rica y sus amigos, conocidos, vecinos y vecinillos, se han convertido ya en parte del imaginario colectivo.<\/p>\n\n\n\n<p>Precisamente por su treinta aniversario, se inaugur\u00f3 en 2017 el\u00a0<strong>D\u00eda Mundial de Los Simpson<\/strong>, que se celebra cada a\u00f1o el 19 de abril. Este d\u00eda mundial es un reconocimiento a la trayectoria de una serie de influencia universal, que ha batido records y que ha significado una s\u00e1tira de la sociedad estadounidense y de la sociedad en general.<\/p>\n\n\n\n<figure class=\"wp-block-embed is-type-video is-provider-youtube wp-block-embed-youtube wp-embed-aspect-16-9 wp-has-aspect-ratio\"><div class=\"wp-block-embed__wrapper\">\n<iframe title=\"D\u00eda &quot;mundial&quot; de Los Simpsons, 30 a\u00f1os despu\u00e9s\" width=\"500\" height=\"281\" src=\"https:\/\/www.youtube.com\/embed\/yFx1YvXSvHs?feature=oembed\" frameborder=\"0\" allow=\"accelerometer; autoplay; clipboard-write; encrypted-media; gyroscope; picture-in-picture; web-share\" referrerpolicy=\"strict-origin-when-cross-origin\" allowfullscreen><\/iframe>\n<\/div><\/figure>\n\n\n\n<p><\/p>\n\n\n\n<h2 class=\"wp-block-heading\" id=\"resTit_2\">Origen del D\u00eda Mundial de Los Simpson<\/h2>\n\n\n\n<p>Fue la agencia de comunicaci\u00f3n espa\u00f1ola\u00a0<strong><em>PR Garage<\/em><\/strong>\u00a0la que decidi\u00f3 lanzar la propuesta en Change.org, consiguiendo el objetivo de firmas propuestas.\u00a0<strong>Atresmedia<\/strong>\u00a0se sum\u00f3 a la celebraci\u00f3n con una programaci\u00f3n especial en Neox y el uso del hashtag\u00a0<strong><em>#TheSimpsonsDay #D\u00edaMundiadeLosSimpson<\/em><\/strong>, y tambi\u00e9n\u00a0<strong>FOX Espa\u00f1a<\/strong>, que suele emitir un marat\u00f3n de la serie.<\/p>\n\n\n\n<h2 class=\"wp-block-heading\" id=\"resTit_3\">La influencia de Los Simpson en el imaginario colectivo<\/h2>\n\n\n\n<figure class=\"wp-block-image\"><img decoding=\"async\" src=\"https:\/\/www.diainternacionalde.com\/imagenes\/dias\/abril\/04-19_dia-mundial-de-los-simpson_casa_m.jpg\" alt=\"La familia Simpson delante de su casa\" title=\"La familia Simpson delante de su casa\"\/><figcaption>La familia Simpson delante de su casa<\/figcaption><\/figure>\n\n\n\n<p>Y es que nadie mejor que Los Simpson para protagonizar todo tipo de situaciones hilarantes, que tienen, la mayor\u00eda de las veces su punto de realidad. Cuantas veces nos ha ocurrido algo extra\u00f1o y nos hemos acordado del cap\u00edtulo de Los Simpson en el que la familia creada por&nbsp;<strong>Matt Groening<\/strong>&nbsp;ya hab\u00eda vivido esa situaci\u00f3n.<\/p>\n\n\n\n<p>O cuantas veces hemos usado una frase de Homer, Lisa, Marge o Bart, para contestar a alguien, v\u00e9ase la t\u00edpica frase&nbsp;<strong><em>\u00abmultipl\u00edcate por cero\u00bb<\/em><\/strong>&nbsp;de Bart. O&nbsp;<strong>\u00abC\u00e1llate, cerebro\u00bb<\/strong>&nbsp;de Lisa. Y la t\u00edpica de Marge dirigida a Homer&nbsp;<strong><em>\u00abEsto es lo peor que has hecho nunca\u00bb&#8230;<\/em><\/strong><\/p>\n\n\n\n<p>Hasta ese punto, los personajes de Los Simpson nos influyen en la vida real.<\/p>\n\n\n\n<h2 class=\"wp-block-heading\" id=\"resTit_4\">Curiosidades infinitas en Los Simpson<\/h2>\n\n\n\n<figure class=\"wp-block-image\"><img decoding=\"async\" src=\"https:\/\/www.diainternacionalde.com\/imagenes\/dias\/abril\/04-19_dia-mundial-de-los-simpson_estrella_m.jpg\" alt=\"Estrella en el Paseo de la Fama. De Rastrojo (D-ES)\" title=\"Estrella en el Paseo de la Fama. De Rastrojo (D-ES)\"\/><figcaption>Estrella en el Paseo de la Fama.&nbsp;<a href=\"https:\/\/commons.wikimedia.org\/w\/index.php?curid=4832302\" target=\"_blank\" rel=\"noreferrer noopener\">De Rastrojo (D-ES) &#8211; Trabajo propio, CC BY-SA 4.0<\/a><\/figcaption><\/figure>\n\n\n\n<p>Existen cientos de&nbsp;<strong>curiosidades rodeando a Los Simpson<\/strong>, aqu\u00ed te hablamos de algunas que nos han divertido:<\/p>\n\n\n\n<ul class=\"wp-block-list\"><li>Ya sabes que los personajes de Los Simpson tienen&nbsp;<strong>cuatro dedos<\/strong>, pero hay dos de ellos que siempre aparecen con cinco: Dios y Jesucristo.<\/li><li>Matt Groening ubic\u00f3 la serie en un lugar llamado&nbsp;<strong>Springfield<\/strong>&nbsp;porque en Estados Unidos hay docenas de municipios con ese nombre. De esta forma no se centraba en un lugar concreto. Aunque tambi\u00e9n pod\u00eda hab\u00e9rselo inventado, \u00bfno?<\/li><li>En 1998, la revista Time eligi\u00f3 a Bart Simpson como&nbsp;<strong>una de las personas m\u00e1s influyentes del siglo XX.<\/strong>&nbsp;Y es que el gamberrismo mola.<\/li><li>El mism\u00edsimo&nbsp;<strong>Michel Jackson<\/strong>&nbsp;puso voz a un personaje que se hac\u00eda pasar por \u00e9l en un manicomio. (Pap\u00e1 est\u00e1 loco de atar. Tercera temporada &#8211; Episodio 1).<\/li><li>Los Simpson tiene un&nbsp;<strong>R\u00e9cord Guinness<\/strong>&nbsp;como el show televisivo con m\u00e1s estrellas invitadas de la historia, con m\u00e1s de 600.<\/li><li><strong>El sonido que hace Maggie con su chupete<\/strong>&nbsp;lo grab\u00f3 el mism\u00edsimo Matt Groening con su boca.<\/li><\/ul>\n\n\n\n<h2 class=\"wp-block-heading\" id=\"resTit_5\">\u00bfC\u00f3mo celebrar el D\u00eda Mundial de Los Simpson?<\/h2>\n\n\n\n<p>Est\u00e1 claro que la forma de celebrar esta fecha es prepararse un marat\u00f3n de cap\u00edtulos de Los Simpson y disfrutarlos en familia, con buen humor y alegr\u00eda. Estamos seguros de que este a\u00f1o, tanto Antena 3, como Neox y Fox dedicar\u00e1n buena parte de su programaci\u00f3n a la familia m\u00e1s famosa de Am\u00e9rica.<\/p>\n\n\n\n<p>No olvides compartirlo en redes sociales con las etiquetas<br><strong><em>#TheSimpsonsDay #D\u00edaMundiadeLosSimpson<\/em><\/strong>.<\/p>\n\n\n\n<p>Fuente: <a href=\"https:\/\/www.diainternacionalde.com\/ficha\/dia-mundial-simpson\">https:\/\/www.diainternacionalde.com\/ficha\/dia-mundial-simpson<\/a><\/p>\n","protected":false},"excerpt":{"rendered":"<p>Redacci\u00f3n D\u00eda Internacional De Hace m\u00e1s de 35 a\u00f1os, un 19 de abril,&nbsp;se emiti\u00f3 el primer episodio de Los Simpson&nbsp;y [&hellip;]<\/p>\n","protected":false},"author":1,"featured_media":72666,"comment_status":"open","ping_status":"open","sticky":false,"template":"","format":"standard","meta":{"site-sidebar-layout":"default","site-content-layout":"","ast-site-content-layout":"default","site-content-style":"default","site-sidebar-style":"default","ast-global-header-display":"","ast-banner-title-visibility":"","ast-main-header-display":"","ast-hfb-above-header-display":"","ast-hfb-below-header-display":"","ast-hfb-mobile-header-display":"","site-post-title":"","ast-breadcrumbs-content":"","ast-featured-img":"","footer-sml-layout":"","theme-transparent-header-meta":"","adv-header-id-meta":"","stick-header-meta":"","header-above-stick-meta":"","header-main-stick-meta":"","header-below-stick-meta":"","astra-migrate-meta-layouts":"default","ast-page-background-enabled":"default","ast-page-background-meta":{"desktop":{"background-color":"var(--ast-global-color-4)","background-image":"","background-repeat":"repeat","background-position":"center center","background-size":"auto","background-attachment":"scroll","background-type":"","background-media":"","overlay-type":"","overlay-color":"","overlay-opacity":"","overlay-gradient":""},"tablet":{"background-color":"","background-image":"","background-repeat":"repeat","background-position":"center center","background-size":"auto","background-attachment":"scroll","background-type":"","background-media":"","overlay-type":"","overlay-color":"","overlay-opacity":"","overlay-gradient":""},"mobile":{"background-color":"","background-image":"","background-repeat":"repeat","background-position":"center center","background-size":"auto","background-attachment":"scroll","background-type":"","background-media":"","overlay-type":"","overlay-color":"","overlay-opacity":"","overlay-gradient":""}},"ast-content-background-meta":{"desktop":{"background-color":"var(--ast-global-color-5)","background-image":"","background-repeat":"repeat","background-position":"center center","background-size":"auto","background-attachment":"scroll","background-type":"","background-media":"","overlay-type":"","overlay-color":"","overlay-opacity":"","overlay-gradient":""},"tablet":{"background-color":"var(--ast-global-color-5)","background-image":"","background-repeat":"repeat","background-position":"center center","background-size":"auto","background-attachment":"scroll","background-type":"","background-media":"","overlay-type":"","overlay-color":"","overlay-opacity":"","overlay-gradient":""},"mobile":{"background-color":"var(--ast-global-color-5)","background-image":"","background-repeat":"repeat","background-position":"center center","background-size":"auto","background-attachment":"scroll","background-type":"","background-media":"","overlay-type":"","overlay-color":"","overlay-opacity":"","overlay-gradient":""}},"footnotes":""},"categories":[8],"tags":[24238,24239],"class_list":["post-72665","post","type-post","status-publish","format-standard","has-post-thumbnail","hentry","category-noticias","tag-diamundiadelossimpson","tag-thesimpsonsday"],"_links":{"self":[{"href":"https:\/\/losperiodistas.com.mx\/portal\/wp-json\/wp\/v2\/posts\/72665","targetHints":{"allow":["GET"]}}],"collection":[{"href":"https:\/\/losperiodistas.com.mx\/portal\/wp-json\/wp\/v2\/posts"}],"about":[{"href":"https:\/\/losperiodistas.com.mx\/portal\/wp-json\/wp\/v2\/types\/post"}],"author":[{"embeddable":true,"href":"https:\/\/losperiodistas.com.mx\/portal\/wp-json\/wp\/v2\/users\/1"}],"replies":[{"embeddable":true,"href":"https:\/\/losperiodistas.com.mx\/portal\/wp-json\/wp\/v2\/comments?post=72665"}],"version-history":[{"count":1,"href":"https:\/\/losperiodistas.com.mx\/portal\/wp-json\/wp\/v2\/posts\/72665\/revisions"}],"predecessor-version":[{"id":72667,"href":"https:\/\/losperiodistas.com.mx\/portal\/wp-json\/wp\/v2\/posts\/72665\/revisions\/72667"}],"wp:featuredmedia":[{"embeddable":true,"href":"https:\/\/losperiodistas.com.mx\/portal\/wp-json\/wp\/v2\/media\/72666"}],"wp:attachment":[{"href":"https:\/\/losperiodistas.com.mx\/portal\/wp-json\/wp\/v2\/media?parent=72665"}],"wp:term":[{"taxonomy":"category","embeddable":true,"href":"https:\/\/losperiodistas.com.mx\/portal\/wp-json\/wp\/v2\/categories?post=72665"},{"taxonomy":"post_tag","embeddable":true,"href":"https:\/\/losperiodistas.com.mx\/portal\/wp-json\/wp\/v2\/tags?post=72665"}],"curies":[{"name":"wp","href":"https:\/\/api.w.org\/{rel}","templated":true}]}}