{"id":72655,"date":"2024-04-19T07:24:17","date_gmt":"2024-04-19T12:24:17","guid":{"rendered":"https:\/\/losperiodistas.com.mx\/portal\/?p=72655"},"modified":"2024-04-19T07:24:19","modified_gmt":"2024-04-19T12:24:19","slug":"gentrificacion-un-riesgo-para-centro-de-puebla-plan-de-gestion-necesario-inah-angulo7","status":"publish","type":"post","link":"https:\/\/losperiodistas.com.mx\/portal\/gentrificacion-un-riesgo-para-centro-de-puebla-plan-de-gestion-necesario-inah-angulo7\/","title":{"rendered":"Gentrificaci\u00f3n, un riesgo para centro de Puebla; plan de gesti\u00f3n, necesario: INAH | \u00c1ngulo7"},"content":{"rendered":"\n<p class=\"has-medium-font-size\">La gentrificaci\u00f3n es un riesgo que se tiene en el Centro Hist\u00f3rico como el de Puebla, debido a que genera la expulsi\u00f3n de la poblaci\u00f3n originaria<\/p>\n\n\n\n<p><\/p>\n\n\n\n<figure class=\"wp-block-image\"><img decoding=\"async\" src=\"https:\/\/www.angulo7.com.mx\/wp-content\/uploads\/2024\/04\/Diseosinttulo-2024-04-18T130824.443-ezgif.com-jpg-to-webp-converter.webp\" alt=\"Gentrificaci\u00f3n, un riesgo para centro de Puebla; plan de gesti\u00f3n necesario: INAH\"\/><figcaption>Gentrificaci\u00f3n, un riesgo para centro de Puebla; plan de gesti\u00f3n necesario: INAHCredito:&nbsp;Especial<\/figcaption><\/figure>\n\n\n\n<p class=\"has-vivid-red-color has-text-color has-medium-font-size\"><strong><a href=\"https:\/\/www.angulo7.com.mx\/author\/edguzman\/\">Edgar Guzm\u00e1n Uribe<\/a> \/ \u00c1ngulo7<\/strong><\/p>\n\n\n\n<p>La\u00a0<strong>gentrificaci\u00f3n es un riesgo que se tiene en el Centro Hist\u00f3rico como el de Puebla<\/strong>, debido a que genera la\u00a0<strong>expulsi\u00f3n de la poblaci\u00f3n originaria<\/strong>\u00a0por el encarecimiento de la zona y, para evitarlo, es\u00a0<strong>necesario tener planes de gesti\u00f3n<\/strong>\u00a0que permitan que los habitantes se queden.<\/p>\n\n\n\n<p>As\u00ed lo se\u00f1al\u00f3, en entrevista con \u00c1ngulo 7 Radio, Manuel Villarruel V\u00e1zquez,&nbsp;<strong>director del Centro&nbsp;<a href=\"https:\/\/www.inah.gob.mx\/\">INAH&nbsp;<\/a>Puebla, en el marco del aniversario 493 de la fundaci\u00f3n de la Angel\u00f3polis,<\/strong>&nbsp;quien agreg\u00f3 que esta&nbsp;<strong>situaci\u00f3n no es aislada de la capital, sino<\/strong>&nbsp;sucede lo mismo en ciudades de otros pa\u00edses.&nbsp;<\/p>\n\n\n\n<p>Refiri\u00f3 que si bien en muchos de los casos,&nbsp;<strong>quienes compran los inmuebles lo hacen para restaurarlos, ello genera que se encarezcan las rentas y vivir en la zona<\/strong>, provocando que una familia con muchos a\u00f1os habitando ah\u00ed no pueda pagar los altos costos y tenga que salirse.<\/p>\n\n\n\n<blockquote class=\"wp-block-quote is-layout-flow wp-block-quote-is-layout-flow\"><p>Es uno de los riesgos que se ha detectado y el encarecimiento de la vida dentro de un centro hist\u00f3rico implica que se expulse a la poblaci\u00f3n local, la de los barrios donde ha vivido, que incluso tienen tres o cuatro generaciones, por nuevos habitantes que adquirieron vivienda\u201d, expres\u00f3.<\/p><p><\/p><p><\/p><\/blockquote>\n\n\n\n<figure class=\"wp-block-embed is-type-video is-provider-youtube wp-block-embed-youtube wp-embed-aspect-16-9 wp-has-aspect-ratio\"><div class=\"wp-block-embed__wrapper\">\n<iframe title=\"Entrevista con Manuel Villarruel: Conservaci\u00f3n del patrimonio de #puebla | #\u00c1ngulo7Radio | 17\/4\/24\" width=\"500\" height=\"281\" src=\"https:\/\/www.youtube.com\/embed\/lcWT7LoGByU?feature=oembed\" frameborder=\"0\" allow=\"accelerometer; autoplay; clipboard-write; encrypted-media; gyroscope; picture-in-picture; web-share\" referrerpolicy=\"strict-origin-when-cross-origin\" allowfullscreen><\/iframe>\n<\/div><\/figure>\n\n\n\n<p>Precis\u00f3 que la&nbsp;<a href=\"https:\/\/onuhabitat.org.mx\/index.php\/el-fenomeno-de-la-gentrificacion\">gentrificaci\u00f3n<\/a>&nbsp;<strong>genera la p\u00e9rdida del proceso cotidiano de un barrio originario<\/strong>, pues las p<strong>ersonas excluidas ya no regresan a las fiestas tradicionales que hab\u00eda<\/strong>, dando pie a la degradaci\u00f3n de la identidad del patrimonio, pues quienes se quedan no interact\u00faan de la misma forma.<\/p>\n\n\n\n<figure class=\"wp-block-image\"><img decoding=\"async\" src=\"https:\/\/www.angulo7.com.mx\/wp-content\/uploads\/2024\/04\/130217AF_carnaval03-1024x678.jpg\" alt=\"\" class=\"wp-image-559308\"\/><figcaption>Puebla, Pue. 17-02-2013. Cuadrillas de Huehues de diversos barrios aleda\u00f1os al centro hist\u00f3rico, realizan representaciones en las calles del centro de la ciudad con motivo de los festejos de carnaval. Foto \u00c1ngel Flores\/esimagen.com.mx!!&nbsp;Credito:&nbsp;esimagen.com.mx<\/figcaption><\/figure>\n\n\n\n<h2 class=\"wp-block-heading\" id=\"h-inah-dialoga-con-involucrados\"><strong>INAH dialoga con involucrados<\/strong><\/h2>\n\n\n\n<p>Agreg\u00f3 que, ante esta situaci\u00f3n, el<strong>&nbsp;INAH trabaja, en conjunto con los involucrados<\/strong>, en planes de gesti\u00f3n que permitan generar diversos modelos, pr\u00e1cticas y esquemas de control administrativo, catastral y hasta de incentivos fiscales que permitan que la gente se quede y aumente, as\u00ed como una poblaci\u00f3n viva que no use el coche, sino otra forma de trasladarse como en bicicleta.<\/p>\n\n\n\n<p>Coment\u00f3 se tienen que desarrollar procesos de planeaci\u00f3n adecuados y, para el caso de los centros hist\u00f3ricos, el instituto aplica esta metodolog\u00eda para determinar los valores que hay que conservar, definir pol\u00edticas, estrategias, metas, programas y proyectos.<\/p>\n\n\n\n<blockquote class=\"wp-block-quote is-layout-flow wp-block-quote-is-layout-flow\"><p>Debe haber mecanismos que incentiven la participaci\u00f3n ciudadana y la toma de decisiones colegiada y que no sean hechos por una sola autoridad, que aporten ideas para que las instituciones sepan guiar los procesos de conservaci\u00f3n y enmarcarlos dentro de los instrumentos normativos, remarc\u00f3.<\/p><\/blockquote>\n\n\n\n<p>El funcionario dijo que se deben generar propuestas para el desarrollo de proyectos habitacionales, a fin de que no sean inmuebles que rompan el paisaje humano, sino que se integren dentro de la historia que tiene y que se quede para generaciones futuras.<\/p>\n\n\n\n<h2 class=\"wp-block-heading\" id=\"h-habra-foro-sobre-conservacion-del-patrimonio\"><strong>Habr\u00e1 foro sobre conservaci\u00f3n del patrimonio<\/strong><\/h2>\n\n\n\n<p>En ese tenor, Villarruel V\u00e1zquez anunci\u00f3 que este&nbsp;<strong>18 y 19 de abril se realiza el Cuarto Foro Internacional de Innovaci\u00f3n, Reestructuraci\u00f3n y Conservaci\u00f3n del Patrimonio,&nbsp;<\/strong>con la tem\u00e1tica \u201cRetos y desaf\u00edos en la gesti\u00f3n del patrimonio material e inmaterial\u201d.<\/p>\n\n\n\n<p>Explic\u00f3 que es un espacio de reflexi\u00f3n para&nbsp;<strong>evaluar las caracter\u00edsticas y los proyectos<\/strong>&nbsp;que han&nbsp;<strong>tenido repercusiones positivas<\/strong>, por lo que asisten especialistas mexicanos y extranjeros, acad\u00e9micos y miembros de la sociedad civil a las conferencias y mesas de trabajo que se realizan en el&nbsp;<strong><a href=\"https:\/\/sic.cultura.gob.mx\/ficha.php?table=museo&amp;table_id=1607\">Museo Fuerte de Guadalupe<\/a><\/strong>, donde la entrada es gratuita.<\/p>\n\n\n\n<figure class=\"wp-block-image\"><img decoding=\"async\" src=\"https:\/\/www.angulo7.com.mx\/wp-content\/uploads\/2024\/04\/Diseno-sin-titulo-2024-04-18T131844.922-1024x576.jpg\" alt=\"Museo Fuerte de Guadalupe\" class=\"wp-image-559309\"\/><figcaption>Museo Fuerte de Guadalupe<\/figcaption><\/figure>\n\n\n\n<p>Detall\u00f3 que inici\u00f3 en el 2021, porque el 18 de abril el Consejo Internacional de Monumentos y Sitios, organismo asesor de la Unesco, estableci\u00f3 esta fecha como el D\u00eda Internacional de los Monumentos, que coincide con la de la fundaci\u00f3n de la ciudad de Puebla, que es el 16.<\/p>\n\n\n\n<blockquote class=\"wp-block-quote is-layout-flow wp-block-quote-is-layout-flow\"><p><a href=\"https:\/\/www.angulo7.com.mx\/2024\/cultura\/laboras-en-torno-al-patrimonio-inah-puebla-invita-a-foro-el-18-y-19-de-abril\/556840\/\">INAH Puebla invita a foro en defensa del patrimonio cultural; detalles aqu<\/a>i<\/p><\/blockquote>\n\n\n\n<p>El director del INAH record\u00f3 que la&nbsp;<a href=\"https:\/\/www.angulo7.com.mx\/2024\/noticias-puebla\/asi-conmemora-gobierno-estatal-493-aniversario-de-la-fundacion-de-puebla\/558945\/\">fundaci\u00f3n de Puebla,<\/a>&nbsp;que este 2024 cumple 493 a\u00f1os, deriv\u00f3 de una ciudad que fue planeada para espa\u00f1oles y a 7 a\u00f1os de llegar a los 500, se ha tenido un proceso de evoluci\u00f3n dentro de una regi\u00f3n llena de patrimonio hist\u00f3rico y cultural.<\/p>\n\n\n\n<p>Refiri\u00f3 que es un momento importante y la recuperaci\u00f3n de la memoria hist\u00f3rica y la conservaci\u00f3n de sus valores debe mantenerse, pues tan solo en 1987 Puebla fue uno de los primeros centros que se propusieron ante la Unesco y que a la fecha suma m\u00e1s de 5 mil inmuebles en esta zona.<\/p>\n\n\n\n<blockquote class=\"wp-block-quote is-layout-flow wp-block-quote-is-layout-flow\"><p>Se han hecho varios procesos de conservaci\u00f3n, pero la distinci\u00f3n no solo es ganar la medalla y ya, sino mantener el patrimonio para las generaciones futuras, en el INAH se tienen un cat\u00e1logo que permiten cuantificarlo para tenerlos ubicados por municipios o comunidad, lo que permite una protecci\u00f3n m\u00e1s eficiente, remarc\u00f3.<\/p><p>Fuente: <a href=\"https:\/\/www.angulo7.com.mx\/2024\/noticias-puebla\/gentrificacion-un-riesgo-para-centro-de-puebla-plan-de-gestion-necesario-inah\/559302\/\">https:\/\/www.angulo7.com.mx\/2024\/noticias-puebla\/gentrificacion-un-riesgo-para-centro-de-puebla-plan-de-gestion-necesario-inah\/559302\/<\/a><\/p><\/blockquote>\n","protected":false},"excerpt":{"rendered":"<p>La gentrificaci\u00f3n es un riesgo que se tiene en el Centro Hist\u00f3rico como el de Puebla, debido a que genera [&hellip;]<\/p>\n","protected":false},"author":1,"featured_media":72657,"comment_status":"open","ping_status":"open","sticky":false,"template":"","format":"standard","meta":{"site-sidebar-layout":"default","site-content-layout":"","ast-site-content-layout":"default","site-content-style":"default","site-sidebar-style":"default","ast-global-header-display":"","ast-banner-title-visibility":"","ast-main-header-display":"","ast-hfb-above-header-display":"","ast-hfb-below-header-display":"","ast-hfb-mobile-header-display":"","site-post-title":"","ast-breadcrumbs-content":"","ast-featured-img":"","footer-sml-layout":"","theme-transparent-header-meta":"","adv-header-id-meta":"","stick-header-meta":"","header-above-stick-meta":"","header-main-stick-meta":"","header-below-stick-meta":"","astra-migrate-meta-layouts":"default","ast-page-background-enabled":"default","ast-page-background-meta":{"desktop":{"background-color":"var(--ast-global-color-4)","background-image":"","background-repeat":"repeat","background-position":"center center","background-size":"auto","background-attachment":"scroll","background-type":"","background-media":"","overlay-type":"","overlay-color":"","overlay-opacity":"","overlay-gradient":""},"tablet":{"background-color":"","background-image":"","background-repeat":"repeat","background-position":"center center","background-size":"auto","background-attachment":"scroll","background-type":"","background-media":"","overlay-type":"","overlay-color":"","overlay-opacity":"","overlay-gradient":""},"mobile":{"background-color":"","background-image":"","background-repeat":"repeat","background-position":"center center","background-size":"auto","background-attachment":"scroll","background-type":"","background-media":"","overlay-type":"","overlay-color":"","overlay-opacity":"","overlay-gradient":""}},"ast-content-background-meta":{"desktop":{"background-color":"var(--ast-global-color-5)","background-image":"","background-repeat":"repeat","background-position":"center center","background-size":"auto","background-attachment":"scroll","background-type":"","background-media":"","overlay-type":"","overlay-color":"","overlay-opacity":"","overlay-gradient":""},"tablet":{"background-color":"var(--ast-global-color-5)","background-image":"","background-repeat":"repeat","background-position":"center center","background-size":"auto","background-attachment":"scroll","background-type":"","background-media":"","overlay-type":"","overlay-color":"","overlay-opacity":"","overlay-gradient":""},"mobile":{"background-color":"var(--ast-global-color-5)","background-image":"","background-repeat":"repeat","background-position":"center center","background-size":"auto","background-attachment":"scroll","background-type":"","background-media":"","overlay-type":"","overlay-color":"","overlay-opacity":"","overlay-gradient":""}},"footnotes":""},"categories":[8],"tags":[24234,24233,1503],"class_list":["post-72655","post","type-post","status-publish","format-standard","has-post-thumbnail","hentry","category-noticias","tag-centro-historico-encarecido","tag-gentrificacion-centro-historico-puebla","tag-inah-puebla"],"_links":{"self":[{"href":"https:\/\/losperiodistas.com.mx\/portal\/wp-json\/wp\/v2\/posts\/72655","targetHints":{"allow":["GET"]}}],"collection":[{"href":"https:\/\/losperiodistas.com.mx\/portal\/wp-json\/wp\/v2\/posts"}],"about":[{"href":"https:\/\/losperiodistas.com.mx\/portal\/wp-json\/wp\/v2\/types\/post"}],"author":[{"embeddable":true,"href":"https:\/\/losperiodistas.com.mx\/portal\/wp-json\/wp\/v2\/users\/1"}],"replies":[{"embeddable":true,"href":"https:\/\/losperiodistas.com.mx\/portal\/wp-json\/wp\/v2\/comments?post=72655"}],"version-history":[{"count":1,"href":"https:\/\/losperiodistas.com.mx\/portal\/wp-json\/wp\/v2\/posts\/72655\/revisions"}],"predecessor-version":[{"id":72658,"href":"https:\/\/losperiodistas.com.mx\/portal\/wp-json\/wp\/v2\/posts\/72655\/revisions\/72658"}],"wp:featuredmedia":[{"embeddable":true,"href":"https:\/\/losperiodistas.com.mx\/portal\/wp-json\/wp\/v2\/media\/72657"}],"wp:attachment":[{"href":"https:\/\/losperiodistas.com.mx\/portal\/wp-json\/wp\/v2\/media?parent=72655"}],"wp:term":[{"taxonomy":"category","embeddable":true,"href":"https:\/\/losperiodistas.com.mx\/portal\/wp-json\/wp\/v2\/categories?post=72655"},{"taxonomy":"post_tag","embeddable":true,"href":"https:\/\/losperiodistas.com.mx\/portal\/wp-json\/wp\/v2\/tags?post=72655"}],"curies":[{"name":"wp","href":"https:\/\/api.w.org\/{rel}","templated":true}]}}