{"id":72652,"date":"2024-04-19T07:15:46","date_gmt":"2024-04-19T12:15:46","guid":{"rendered":"https:\/\/losperiodistas.com.mx\/portal\/?p=72652"},"modified":"2024-04-19T07:15:48","modified_gmt":"2024-04-19T12:15:48","slug":"opinion-seguridad-y-alumbrado-a-puebla-capital-chedraui","status":"publish","type":"post","link":"https:\/\/losperiodistas.com.mx\/portal\/opinion-seguridad-y-alumbrado-a-puebla-capital-chedraui\/","title":{"rendered":"Opini\u00f3n | Seguridad y alumbrado a Puebla Capital: Chedraui"},"content":{"rendered":"\n<p class=\"has-medium-font-size\">*No utiliza descalificaciones para sus adversarios<\/p>\n\n\n\n<p><\/p>\n\n\n\n<figure class=\"wp-block-image size-large\"><img fetchpriority=\"high\" decoding=\"async\" width=\"1024\" height=\"449\" src=\"https:\/\/losperiodistas.com.mx\/portal\/wp-content\/uploads\/2024\/04\/REUNIO\u0301N-CON-JOSE\u0301-CHEDRAUI-BUDIB-1024x449.jpeg\" alt=\"\" class=\"wp-image-72653\" srcset=\"https:\/\/losperiodistas.com.mx\/portal\/wp-content\/uploads\/2024\/04\/REUNIO\u0301N-CON-JOSE\u0301-CHEDRAUI-BUDIB-1024x449.jpeg 1024w, https:\/\/losperiodistas.com.mx\/portal\/wp-content\/uploads\/2024\/04\/REUNIO\u0301N-CON-JOSE\u0301-CHEDRAUI-BUDIB-300x132.jpeg 300w, https:\/\/losperiodistas.com.mx\/portal\/wp-content\/uploads\/2024\/04\/REUNIO\u0301N-CON-JOSE\u0301-CHEDRAUI-BUDIB-768x337.jpeg 768w, https:\/\/losperiodistas.com.mx\/portal\/wp-content\/uploads\/2024\/04\/REUNIO\u0301N-CON-JOSE\u0301-CHEDRAUI-BUDIB-1536x674.jpeg 1536w, https:\/\/losperiodistas.com.mx\/portal\/wp-content\/uploads\/2024\/04\/REUNIO\u0301N-CON-JOSE\u0301-CHEDRAUI-BUDIB.jpeg 1920w\" sizes=\"(max-width: 1024px) 100vw, 1024px\" \/><\/figure>\n\n\n\n<p class=\"has-vivid-red-color has-text-color\" style=\"font-size:26px\"><strong><em>Por Ra\u00fal Torres Salmer\u00f3n<\/em><\/strong><\/p>\n\n\n\n<p>Jos\u00e9 \u2018Pepe\u2019 Chedraui, candidato de Morena, del Partido Verde Ecologista y del Partido del Trabajo a la Presidencia Municipal de Puebla Capital, expuso sus proyectos e inquietudes a un grupo de columnistas en el restaurante Bistro en La Paz.<\/p>\n\n\n\n<p>Fue muy interesante la postura de Chedraui a lo largo de la pl\u00e1tica con los columnistas pues no utiliz\u00f3 adjetivos calificativos y menos descalificaciones para sus adversarios. Algunas de sus expresiones fueron las siguientes:<\/p>\n\n\n\n<p>-Mi gobierno tendr\u00e1 como prioridad la impartici\u00f3n de servicios b\u00e1sicos como son la seguridad, alumbrado, infraestructura vial, movilidad, mercados, \u00e1reas verdes y fomento al empleo, sobre todo en las juntas auxiliares que han sido abandonadas por administraciones anteriores y donde vive gran parte de la poblaci\u00f3n. Voy a ser el Presidente de las juntas auxiliares.<\/p>\n\n\n\n<p>-Cada polic\u00eda municipal llevar\u00e1 colgando una c\u00e1mara con audio y video, con conexi\u00f3n directa al Centro de Control y Comando C2, para detectar situaciones dif\u00edciles y evitar la corrupci\u00f3n, adem\u00e1s de conectar c\u00e1maras y botones de p\u00e1nico del transporte p\u00fablico.<\/p>\n\n\n\n<p>-En caso de ganar las elecciones gobernar\u00e9 con las personas que sean eficientes. Iremos de la mano del Gobierno del Estado, que seguramente encabezar\u00e1 Alejandro Armenta, con quien tengo una gran relaci\u00f3n y tambi\u00e9n de la Federaci\u00f3n. El reto por Puebla me ocupa y no me preocupa.<\/p>\n\n\n\n<p>-No voy a gobernar con amigos, sino con profesionales en cada uno de los ramos, especialistas en las diferentes \u00e1reas de la administraci\u00f3n. Los proveedores del ayuntamiento ser\u00e1n poblanos para impulsar la econom\u00eda local. Mi administraci\u00f3n requiere ingenier\u00eda y pol\u00edtica, porque no soy un sabelotodo.<\/p>\n\n\n\n<p>A sus 57 a\u00f1os a Chedraui se le observa entero y muy l\u00facido; siempre tiene hojas a la mano, hace anotaciones, las consulta y luego da sus respuestas. Al final las rompe y otras donde hay sugerencias las dobla y las pone en el bolsillo. Otras afirmaciones fueron:<\/p>\n\n\n\n<p>-Puebla Capital ser\u00e1 reconstruida como ciudad segura, justa e igualitaria, en donde cada persona pueda prosperar. La Puebla del Futuro que se basa en cinco ejes fundamentales: seguridad, sin desigualdades, desarrollo pleno, visi\u00f3n del futuro y obras y servicios que todos merecen.<\/p>\n\n\n\n<p>-Tengo estudios, an\u00e1lisis y proyectos para mejorar la seguridad p\u00fablica y los principales servicios que demandan los ciudadanos como son un mejor alumbrado p\u00fablico, que va de la mano con la seguridad, as\u00ed como mejorar los pavimentos de colonias y las 17 juntas auxiliares, adem\u00e1s de no desatenderse del problema de abasto de agua potable.<\/p>\n\n\n\n<p>-El 60 por ciento del alumbrado p\u00fablico de la capital es muy antiguo y con el presupuesto que se cuenta actualmente para este rubro, podr\u00e1n cambiar las luminarias por tipo Led, lo que permitir\u00e1 reducir el consumo de energ\u00eda y el pago a CFE, por lo que ese ahorro se ocupar\u00e1 para cambiar las luminarias en juntas auxiliares y colonias.<\/p>\n\n\n\n<p>-Habr\u00e1 atenci\u00f3n ciudadana las 24 horas y para lo cual habr\u00e1 un Centro Integral de Servicios -CIS-, aprovechar\u00e1n la tecnolog\u00eda para digitalizar los servicios administrativos. Se trata de digitalizar 166 tr\u00e1mites municipales en esa central de atenci\u00f3n inmediata.<\/p>\n\n\n\n<p>-Luego de ganar las elecciones, gobernar\u00e9 para 1 mill\u00f3n 800 mil habitantes de Puebla Capital, sin distingo de partidos o ideolog\u00edas, sacarla del descuido en que han hundido a la ciudad que quiero entregar mucho mejor para poblanos y mi familia.<\/p>\n\n\n\n<p>-Pavimentar las calles de toda la capital son parte importante, pues se mejorar\u00e1 la movilidad, la cual tambi\u00e9n analizarse para los peatones, ni\u00f1os y personas de la tercera edad que corren riesgos en las banquetas destrozadas.<\/p>\n\n\n\n<p>-Hay que olvidar pintar todo de colores partidistas, edificios, instalaciones o veh\u00edculos. Todo lo vamos a pintar de blanco, al servicio de toda la gente, nada de atender de modo privilegiado a los de un color partidista, se gasta dinero sin sentido al estar cambiando colores cada tres a\u00f1os.<\/p>\n\n\n\n<p>-Deben crearse estancias infantiles para apoyar a mujeres que trabajan, un centro de atenci\u00f3n especial a adultos mayores y buscar comprometer a empresarios para que creen centros de maquila especialmente en las juntas auxiliares.<\/p>\n\n\n\n<p>En fin, como dice la copla de las Islas Canarias:<\/p>\n\n\n\n<p>Hay dos clases de canarios,<\/p>\n\n\n\n<p>los que fueron a votar,<\/p>\n\n\n\n<p>los unos para perder,<\/p>\n\n\n\n<p>los otros para ganar.<\/p>\n\n\n\n<p>raultorress@hotmail.com<\/p>\n","protected":false},"excerpt":{"rendered":"<p>*No utiliza descalificaciones para sus adversarios Por Ra\u00fal Torres Salmer\u00f3n Jos\u00e9 \u2018Pepe\u2019 Chedraui, candidato de Morena, del Partido Verde Ecologista [&hellip;]<\/p>\n","protected":false},"author":1,"featured_media":72653,"comment_status":"open","ping_status":"open","sticky":false,"template":"","format":"standard","meta":{"site-sidebar-layout":"default","site-content-layout":"","ast-site-content-layout":"default","site-content-style":"default","site-sidebar-style":"default","ast-global-header-display":"","ast-banner-title-visibility":"","ast-main-header-display":"","ast-hfb-above-header-display":"","ast-hfb-below-header-display":"","ast-hfb-mobile-header-display":"","site-post-title":"","ast-breadcrumbs-content":"","ast-featured-img":"","footer-sml-layout":"","theme-transparent-header-meta":"","adv-header-id-meta":"","stick-header-meta":"","header-above-stick-meta":"","header-main-stick-meta":"","header-below-stick-meta":"","astra-migrate-meta-layouts":"default","ast-page-background-enabled":"default","ast-page-background-meta":{"desktop":{"background-color":"var(--ast-global-color-4)","background-image":"","background-repeat":"repeat","background-position":"center center","background-size":"auto","background-attachment":"scroll","background-type":"","background-media":"","overlay-type":"","overlay-color":"","overlay-opacity":"","overlay-gradient":""},"tablet":{"background-color":"","background-image":"","background-repeat":"repeat","background-position":"center center","background-size":"auto","background-attachment":"scroll","background-type":"","background-media":"","overlay-type":"","overlay-color":"","overlay-opacity":"","overlay-gradient":""},"mobile":{"background-color":"","background-image":"","background-repeat":"repeat","background-position":"center center","background-size":"auto","background-attachment":"scroll","background-type":"","background-media":"","overlay-type":"","overlay-color":"","overlay-opacity":"","overlay-gradient":""}},"ast-content-background-meta":{"desktop":{"background-color":"var(--ast-global-color-5)","background-image":"","background-repeat":"repeat","background-position":"center center","background-size":"auto","background-attachment":"scroll","background-type":"","background-media":"","overlay-type":"","overlay-color":"","overlay-opacity":"","overlay-gradient":""},"tablet":{"background-color":"var(--ast-global-color-5)","background-image":"","background-repeat":"repeat","background-position":"center center","background-size":"auto","background-attachment":"scroll","background-type":"","background-media":"","overlay-type":"","overlay-color":"","overlay-opacity":"","overlay-gradient":""},"mobile":{"background-color":"var(--ast-global-color-5)","background-image":"","background-repeat":"repeat","background-position":"center center","background-size":"auto","background-attachment":"scroll","background-type":"","background-media":"","overlay-type":"","overlay-color":"","overlay-opacity":"","overlay-gradient":""}},"footnotes":""},"categories":[8],"tags":[24232,14193,1928],"class_list":["post-72652","post","type-post","status-publish","format-standard","has-post-thumbnail","hentry","category-noticias","tag-oferta-y-promesas-de-campana","tag-pepe-chedraui","tag-puebla-capital"],"_links":{"self":[{"href":"https:\/\/losperiodistas.com.mx\/portal\/wp-json\/wp\/v2\/posts\/72652","targetHints":{"allow":["GET"]}}],"collection":[{"href":"https:\/\/losperiodistas.com.mx\/portal\/wp-json\/wp\/v2\/posts"}],"about":[{"href":"https:\/\/losperiodistas.com.mx\/portal\/wp-json\/wp\/v2\/types\/post"}],"author":[{"embeddable":true,"href":"https:\/\/losperiodistas.com.mx\/portal\/wp-json\/wp\/v2\/users\/1"}],"replies":[{"embeddable":true,"href":"https:\/\/losperiodistas.com.mx\/portal\/wp-json\/wp\/v2\/comments?post=72652"}],"version-history":[{"count":1,"href":"https:\/\/losperiodistas.com.mx\/portal\/wp-json\/wp\/v2\/posts\/72652\/revisions"}],"predecessor-version":[{"id":72654,"href":"https:\/\/losperiodistas.com.mx\/portal\/wp-json\/wp\/v2\/posts\/72652\/revisions\/72654"}],"wp:featuredmedia":[{"embeddable":true,"href":"https:\/\/losperiodistas.com.mx\/portal\/wp-json\/wp\/v2\/media\/72653"}],"wp:attachment":[{"href":"https:\/\/losperiodistas.com.mx\/portal\/wp-json\/wp\/v2\/media?parent=72652"}],"wp:term":[{"taxonomy":"category","embeddable":true,"href":"https:\/\/losperiodistas.com.mx\/portal\/wp-json\/wp\/v2\/categories?post=72652"},{"taxonomy":"post_tag","embeddable":true,"href":"https:\/\/losperiodistas.com.mx\/portal\/wp-json\/wp\/v2\/tags?post=72652"}],"curies":[{"name":"wp","href":"https:\/\/api.w.org\/{rel}","templated":true}]}}