{"id":72624,"date":"2024-04-18T11:06:43","date_gmt":"2024-04-18T16:06:43","guid":{"rendered":"https:\/\/losperiodistas.com.mx\/portal\/?p=72624"},"modified":"2024-04-18T11:06:45","modified_gmt":"2024-04-18T16:06:45","slug":"jimenez-losantos-sobre-la-imagen-de-la-reina-en-el-besamanos-la-enfermedad-de-letizia-es-grave-chic","status":"publish","type":"post","link":"https:\/\/losperiodistas.com.mx\/portal\/jimenez-losantos-sobre-la-imagen-de-la-reina-en-el-besamanos-la-enfermedad-de-letizia-es-grave-chic\/","title":{"rendered":"Jim\u00e9nez Losantos, sobre la imagen de la Reina en el besamanos: \u00abLa enfermedad de Letizia es grave\u00bb | Chic"},"content":{"rendered":"\n<h2 class=\"has-black-color has-pale-pink-background-color has-text-color has-background has-medium-font-size wp-block-heading\">Federico valora la imagen de la Reina sentada en el besamanos de Amsterdam.<\/h2>\n\n\n\n<p><\/p>\n\n\n\n<figure class=\"wp-block-image size-full\"><img fetchpriority=\"high\" decoding=\"async\" width=\"954\" height=\"636\" src=\"https:\/\/losperiodistas.com.mx\/portal\/wp-content\/uploads\/2024\/04\/letizia-ortiz-enfermedad.jpg\" alt=\"\" class=\"wp-image-72625\" srcset=\"https:\/\/losperiodistas.com.mx\/portal\/wp-content\/uploads\/2024\/04\/letizia-ortiz-enfermedad.jpg 954w, https:\/\/losperiodistas.com.mx\/portal\/wp-content\/uploads\/2024\/04\/letizia-ortiz-enfermedad-300x200.jpg 300w, https:\/\/losperiodistas.com.mx\/portal\/wp-content\/uploads\/2024\/04\/letizia-ortiz-enfermedad-768x512.jpg 768w\" sizes=\"(max-width: 954px) 100vw, 954px\" \/><figcaption>Letizia Ortiz en los Pa\u00edses Bajos |\u00a0Gtres<\/figcaption><\/figure>\n\n\n\n<p class=\"has-vivid-red-color has-text-color has-medium-font-size\"><strong>CHIC<\/strong><\/p>\n\n\n\n<p>La cr\u00f3nica rosa de\u00a0<a href=\"https:\/\/esradio.libertaddigital.com\/es-la-manana-de-federico\/\"><em>Es la ma\u00f1ana de Federico<\/em><\/a>\u00a0cont\u00f3 con Isabel Gonz\u00e1lez, Beatriz Cort\u00e1zar y Daniel Carande para tratar todos los temas de la actualidad social. Centrada en el viaje de los Reyes de Espa\u00f1a a los Pa\u00edses Bajos y ese duelo entre M\u00e1xima de Holanda y Letizia Ortiz marcado por la inesperada imagen de la Reina sentada en el besamanos de la recepci\u00f3n de Amsterdam debido a los dolores causados por sus dos condiciones asociadas al pie:<strong>\u00a0un neuroma de Morton en el pie izquierdo y una metatarsalgia cr\u00f3nica en ambos<\/strong>.<\/p>\n\n\n\n<p><a href=\"https:\/\/www.libertaddigital.com\/chic\/corazon\/2024-04-17\/la-reina-letizia-obligada-a-sentarse-en-el-besamanos-de-la-recepcion-en-amsterdam-7118382\/\">La reina Letizia, obligada a sentarse en el besamanos de la recepci\u00f3n en \u00c1msterdamChic<\/a><\/p>\n\n\n\n<p>La comunicaci\u00f3n (y sinceridad) de Casa Real fue alabada por Federico Jim\u00e9nez Losantos, algo que en \u00abInglaterra han sido incapaces de entender. Y la verdad es que su comportamiento informativo ya con la enfermedad de Sofia y ahora la enfermedad -que es grave- de Letizia. Ella sentada, tanto de pasear como es ella, por lo que han explicado como dos enfermedades asociadas del pie,\u00a0<strong>ambas muy, muy dolorosas\u00bb<\/strong>.<\/p>\n\n\n\n<p><a href=\"https:\/\/www.libertaddigital.com\/chic\/vida-estilo\/2024-04-17\/tiara-rusa-y-elegante-vestido-azul-reina-letizia-deslumbra-en-la-cena-de-gala-en-paises-bajos-a-pesar-de-su-percance-7118238\/\">Tiara rusa y elegante vestido azul: Letizia deslumbra en la cena de gala en Pa\u00edses BajosMarta Guti\u00e9rrez<\/a><\/p>\n\n\n\n<p>La subdirectora de<em>\u00a0Es la ma\u00f1ana de Federico<\/em>, Isabel Gonz\u00e1lez, fue en esa misma direcci\u00f3n: \u00ab<strong>Ya le tiene que doler siendo como es ella de perfeccionista\u00bb<\/strong>\u00a0y decidirse, por tanto, a ofrecer la imagen del besamanos sentada. En contacto con el fisioterapeuta de la cl\u00ednica Quir\u00f3n Roberto Murias, \u00e9ste asegura que se debe a muchas m\u00e1s causas que el mero uso de tacones, tal como se ha dicho. Por tanto, \u00abel problema que tiene la Reina es que tiene que parar, curarse y retomarlo\u00bb. Algo que en su cargo es muy dif\u00edcil, sino imposible.<\/p>\n\n\n\n<h2 class=\"wp-block-heading\">Relacionado<\/h2>\n\n\n\n<ul class=\"wp-block-list\"><li><a href=\"https:\/\/www.libertaddigital.com\/chic\/vida-estilo\/2024-04-17\/tiara-rusa-y-elegante-vestido-azul-reina-letizia-deslumbra-en-la-cena-de-gala-en-paises-bajos-a-pesar-de-su-percance-7118238\/\">Fotos:&nbsp;Tiara rusa y elegante vestido azul: Letizia deslumbra en la cena de gala en Pa\u00edses Bajos<\/a><\/li><li><a href=\"https:\/\/www.libertaddigital.com\/chic\/corazon\/2024-04-17\/nuevo-escandalo-en-la-monarquia-danesa-por-unas-fotos-del-principe-christian-7118028\/\">Nuevo esc\u00e1ndalo en la monarqu\u00eda danesa por unas fotos del pr\u00edncipe Christian<\/a><\/li><li><a href=\"https:\/\/www.libertaddigital.com\/chic\/corazon\/2024-04-17\/letizia-arrasa-los-paises-bajos-con-su-primer-look-7117947\/\">Fotos:&nbsp;Letizia arrasa en los Pa\u00edses Bajos con un primer look satinado<\/a><\/li><\/ul>\n\n\n\n<p>Jim\u00e9nez Losantos puso en valor el gesto de Letizia de cumplir con sus obligaciones a\u00fan cuando chocan de esa manera con su enfermedad. \u00ab<strong>Es tan perfeccionista, meticulosa, tan de quedar bien, que eso es agotador<\/strong>\u00ab. Y si Letizia ha tenido que hacer el besamanos sentada es porque con esa condici\u00f3n \u00abte duele todo, porque cuando te duelen los pies te duele todo\u00bb. \u00abLa ventaja es que ahora, cuando la Princesa de Asturias acabe su formaci\u00f3n militar y empiece tambi\u00e9n la infanta Sof\u00eda, en la mayor parte de los actos la pueden relevar. Porque hasta ahora estaban solos y m\u00e1s cuando han cortado por corrupci\u00f3n la presencia de la mitad de la Familia Real.<\/p>\n\n\n\n<p>Fuente: <a href=\"https:\/\/www.libertaddigital.com\/chic\/corazon\/2024-04-18\/jimenez-losantos-sobre-la-imagen-de-la-reina-en-el-besamanos-la-enfermedad-de-letizia-es-grave-7118639\/\">https:\/\/www.libertaddigital.com\/chic\/corazon\/2024-04-18\/jimenez-losantos-sobre-la-imagen-de-la-reina-en-el-besamanos-la-enfermedad-de-letizia-es-grave-7118639\/<\/a><\/p>\n","protected":false},"excerpt":{"rendered":"<p>Federico valora la imagen de la Reina sentada en el besamanos de Amsterdam. CHIC La cr\u00f3nica rosa de\u00a0Es la ma\u00f1ana [&hellip;]<\/p>\n","protected":false},"author":1,"featured_media":72625,"comment_status":"open","ping_status":"open","sticky":false,"template":"","format":"standard","meta":{"site-sidebar-layout":"default","site-content-layout":"","ast-site-content-layout":"default","site-content-style":"default","site-sidebar-style":"default","ast-global-header-display":"","ast-banner-title-visibility":"","ast-main-header-display":"","ast-hfb-above-header-display":"","ast-hfb-below-header-display":"","ast-hfb-mobile-header-display":"","site-post-title":"","ast-breadcrumbs-content":"","ast-featured-img":"","footer-sml-layout":"","theme-transparent-header-meta":"","adv-header-id-meta":"","stick-header-meta":"","header-above-stick-meta":"","header-main-stick-meta":"","header-below-stick-meta":"","astra-migrate-meta-layouts":"default","ast-page-background-enabled":"default","ast-page-background-meta":{"desktop":{"background-color":"var(--ast-global-color-4)","background-image":"","background-repeat":"repeat","background-position":"center center","background-size":"auto","background-attachment":"scroll","background-type":"","background-media":"","overlay-type":"","overlay-color":"","overlay-opacity":"","overlay-gradient":""},"tablet":{"background-color":"","background-image":"","background-repeat":"repeat","background-position":"center center","background-size":"auto","background-attachment":"scroll","background-type":"","background-media":"","overlay-type":"","overlay-color":"","overlay-opacity":"","overlay-gradient":""},"mobile":{"background-color":"","background-image":"","background-repeat":"repeat","background-position":"center center","background-size":"auto","background-attachment":"scroll","background-type":"","background-media":"","overlay-type":"","overlay-color":"","overlay-opacity":"","overlay-gradient":""}},"ast-content-background-meta":{"desktop":{"background-color":"var(--ast-global-color-5)","background-image":"","background-repeat":"repeat","background-position":"center center","background-size":"auto","background-attachment":"scroll","background-type":"","background-media":"","overlay-type":"","overlay-color":"","overlay-opacity":"","overlay-gradient":""},"tablet":{"background-color":"var(--ast-global-color-5)","background-image":"","background-repeat":"repeat","background-position":"center center","background-size":"auto","background-attachment":"scroll","background-type":"","background-media":"","overlay-type":"","overlay-color":"","overlay-opacity":"","overlay-gradient":""},"mobile":{"background-color":"var(--ast-global-color-5)","background-image":"","background-repeat":"repeat","background-position":"center center","background-size":"auto","background-attachment":"scroll","background-type":"","background-media":"","overlay-type":"","overlay-color":"","overlay-opacity":"","overlay-gradient":""}},"footnotes":""},"categories":[8],"tags":[24217,24216,24215],"class_list":["post-72624","post","type-post","status-publish","format-standard","has-post-thumbnail","hentry","category-noticias","tag-metatarsalgia","tag-neuroma-de-morton","tag-reina-letizia"],"_links":{"self":[{"href":"https:\/\/losperiodistas.com.mx\/portal\/wp-json\/wp\/v2\/posts\/72624","targetHints":{"allow":["GET"]}}],"collection":[{"href":"https:\/\/losperiodistas.com.mx\/portal\/wp-json\/wp\/v2\/posts"}],"about":[{"href":"https:\/\/losperiodistas.com.mx\/portal\/wp-json\/wp\/v2\/types\/post"}],"author":[{"embeddable":true,"href":"https:\/\/losperiodistas.com.mx\/portal\/wp-json\/wp\/v2\/users\/1"}],"replies":[{"embeddable":true,"href":"https:\/\/losperiodistas.com.mx\/portal\/wp-json\/wp\/v2\/comments?post=72624"}],"version-history":[{"count":1,"href":"https:\/\/losperiodistas.com.mx\/portal\/wp-json\/wp\/v2\/posts\/72624\/revisions"}],"predecessor-version":[{"id":72626,"href":"https:\/\/losperiodistas.com.mx\/portal\/wp-json\/wp\/v2\/posts\/72624\/revisions\/72626"}],"wp:featuredmedia":[{"embeddable":true,"href":"https:\/\/losperiodistas.com.mx\/portal\/wp-json\/wp\/v2\/media\/72625"}],"wp:attachment":[{"href":"https:\/\/losperiodistas.com.mx\/portal\/wp-json\/wp\/v2\/media?parent=72624"}],"wp:term":[{"taxonomy":"category","embeddable":true,"href":"https:\/\/losperiodistas.com.mx\/portal\/wp-json\/wp\/v2\/categories?post=72624"},{"taxonomy":"post_tag","embeddable":true,"href":"https:\/\/losperiodistas.com.mx\/portal\/wp-json\/wp\/v2\/tags?post=72624"}],"curies":[{"name":"wp","href":"https:\/\/api.w.org\/{rel}","templated":true}]}}