{"id":72621,"date":"2024-04-18T10:42:08","date_gmt":"2024-04-18T15:42:08","guid":{"rendered":"https:\/\/losperiodistas.com.mx\/portal\/?p=72621"},"modified":"2024-04-18T10:42:10","modified_gmt":"2024-04-18T15:42:10","slug":"ley-de-amparo-reforma-regresiva-y-abre-la-puerta-a-actos-autoritarios-expertos-la-silla-rota","status":"publish","type":"post","link":"https:\/\/losperiodistas.com.mx\/portal\/ley-de-amparo-reforma-regresiva-y-abre-la-puerta-a-actos-autoritarios-expertos-la-silla-rota\/","title":{"rendered":"Ley de Amparo, reforma regresiva y abre la puerta a actos autoritarios: expertos | La Silla Rota"},"content":{"rendered":"\n<h2 class=\"has-medium-font-size wp-block-heading\">Se trata de una reforma que busca que los amparos que otorga el Poder Judicial tengan un alcance individual para quien lo solicit\u00f3, pero no colectivo, como ocurre cuando una obra afecta a una comunidad o una pol\u00edtica p\u00fablica afecta a un colectivo<\/h2>\n\n\n\n<figure class=\"wp-block-image\"><img decoding=\"async\" src=\"https:\/\/lasillarota.com\/u\/fotografias\/m\/2024\/4\/17\/f960x540-575940_650015_4234.jpg\" alt=\"\"\/><figcaption>Cr\u00e9ditos: Foto tomada de la Gaceta de la UNAM y Cuartoscuro<\/figcaption><\/figure>\n\n\n\n<p class=\"has-vivid-red-color has-text-color has-medium-font-size\"><strong><a href=\"https:\/\/lasillarota.com\/autor\/marco-antonio-martinez.html\">MARCO ANTONIO MART\u00cdNEZ<\/a> \/ La Silla Rota<\/strong><\/p>\n\n\n\n<p>La reforma a los art\u00edculos 129 y 148 de la\u00a0<strong>Ley de Amparo<\/strong>\u00a0y los art\u00edculos 103 y 107 de la Constituci\u00f3n que la tarde de este 17 de abril aprob\u00f3 la mayor\u00eda de Morena y sus aliados en el Senado, es una\u00a0<strong>reforma regresiva<\/strong>\u00a0y peligrosa para garantizar los derechos de los ciudadanos para protegerse en contra de un acto de una autoridad.<\/p>\n\n\n\n<p>Se trata de una\u00a0<strong>reforma<\/strong>\u00a0que busca que los amparos que otorga el Poder Judicial tengan un alcance individual para quien lo solicit\u00f3, pero no colectivo, como ocurre cuando una obra afecta a una comunidad o una pol\u00edtica p\u00fablica afecta a un colectivo.<\/p>\n\n\n\n<h3 class=\"wp-block-heading\">TE PODR\u00cdA INTERESAR<\/h3>\n\n\n\n<ul class=\"wp-block-list\"><li><a href=\"https:\/\/lasillarota.com\/nacion\/2024\/4\/17\/senado-aprueba-en-lo-general-en-lo-particular-la-reforma-ley-de-amparo-478856.html\"><em>LEY AMPARO<\/em>Senado aprueba en lo general y en lo particular la reforma a Ley de Amparo<\/a><\/li><li><a href=\"https:\/\/lasillarota.com\/nacion\/2024\/4\/16\/oposicion-frena-discusion-de-reformas-de-amparo-amnistia-en-el-senado-478749.html\"><em>SENADO DE LA REP\u00daBLICA<\/em>Oposici\u00f3n frena discusi\u00f3n de reformas de Amparo y Amnist\u00eda en el Senado<\/a><\/li><\/ul>\n\n\n\n<p>En ese sentido, la senadora del PRI, Claudia Anaya dijo a&nbsp;<strong>La Silla Rota<\/strong>&nbsp;que se trata de una&nbsp;<strong>reforma regresiva<\/strong>.<\/p>\n\n\n\n<blockquote class=\"wp-block-quote is-layout-flow wp-block-quote-is-layout-flow\"><p>\u201cEstamos y\u00e9ndonos para atr\u00e1s en cuanto a los derechos de los ciudadanos, entonces se habla de una&nbsp;<strong>reforma regresiva<\/strong>&nbsp;que a mi juicio es inconstitucional porque finalmente los derechos ya alcanzados no te los pueden quitar\u201d, dijo Anaya en entrevista con&nbsp;<strong>La Silla Rota<\/strong>.<\/p><\/blockquote>\n\n\n\n<blockquote class=\"wp-block-quote is-layout-flow wp-block-quote-is-layout-flow\"><p>\u201cLo que busca es impedir que se den suspensiones con efectos generales, que solo sea a quien promueve el amparo, yo me vea beneficiado con esa suspensi\u00f3n, pero t\u00fa no, si no promoviste el amparo debes cumplir con esa ley\u201d, dijo por su parte el experto en Litigio Constitucional, Administrativo y Fiscal, Mariano Calder\u00f3n.<\/p><\/blockquote>\n\n\n\n<h2 class=\"wp-block-heading\">\u00bfDe qu\u00e9 va la&nbsp;<strong>reforma<\/strong>?<\/h2>\n\n\n\n<p>La senadora Claudia Anaya explic\u00f3 a&nbsp;<strong>La Silla Rota<\/strong>&nbsp;que la propuesta de la&nbsp;<strong>reforma<\/strong>&nbsp;implica que no pueda surtir efectos generales un amparo, que solo el promovente pueda ampararse por determinada acci\u00f3n del gobierno.<\/p>\n\n\n\n<blockquote class=\"wp-block-quote is-layout-flow wp-block-quote-is-layout-flow\"><p>\u201cNo aplica solo para una ley al hablar de normas generales, esto aplica tambi\u00e9n para un acto administrativo, es decir la construcci\u00f3n de una obra. Aplica tambi\u00e9n cuando te quieres amparar porque el gobierno va a deforestar toda la selva maya, debes tener algo que se llama el inter\u00e9s leg\u00edtimo, pero ya hab\u00edamos avanzado porque despu\u00e9s de la&nbsp;<strong>reforma<\/strong>&nbsp;constitucional del 2011, pasamos de los derechos fundamentales a los derechos humanos, que luego se convierten en colectivos.<\/p><\/blockquote>\n\n\n\n<blockquote class=\"wp-block-quote is-layout-flow wp-block-quote-is-layout-flow\"><p>\u201cEntonces existe algo que se llama inter\u00e9s difuso, lo que quiere decir que el juez puede ver que no solamente el que se ampara es agraviado, sino que, si a consideraci\u00f3n del juez el agraviado es un colectivo o todo un pueblo, lo ampara bajo efectos generales para un colectivo, una poblaci\u00f3n general. Entonces esta parte de limitar, restringir, le quitan al juez un criterio muy importante, que los jueces tengan criterios porque no todos los casos son iguales, cada caso es diferente\u201d, a\u00f1adi\u00f3 Anaya.<\/p><\/blockquote>\n\n\n\n<p>Calder\u00f3n por su parte explic\u00f3 a&nbsp;<strong>La Silla Rota<\/strong>&nbsp;dijo que el alcance de la&nbsp;<strong>reforma<\/strong>&nbsp;es que en el juicio de amparo hay dos formas de llevar el expediente. Primero se plantea el fondo, un argumento de que determinada ley o acto de autoridad viola la Constituci\u00f3n, los derechos humanos o garant\u00edas individuales y se desarrollan elementos con que el Poder Judicial va a tener que decidir.<\/p>\n\n\n\n<blockquote class=\"wp-block-quote is-layout-flow wp-block-quote-is-layout-flow\"><p>\u201cLa ley te marca un trazo de ruta, pero justo el criterio del juez es lo que, pues en determinados casos hace o no que se otorgue o no el amparo, o que le meta suspensi\u00f3n o que no le meta suspensi\u00f3n o que sea suspensi\u00f3n con efectos generales o suspensi\u00f3n \u00fanicamente para el que tiene el inter\u00e9s leg\u00edtimo o legal en ese sentido\u201d, a\u00f1adi\u00f3.<\/p><\/blockquote>\n\n\n\n<p>Calder\u00f3n consider\u00f3 que se trata de una&nbsp;<strong>reforma<\/strong>&nbsp;que puede ser autoritaria para autorizar obras que puedan concluirse sin que las comunidades o pueblos originarios puedan defenderse y evitar su construcci\u00f3n.<\/p>\n\n\n\n<blockquote class=\"wp-block-quote is-layout-flow wp-block-quote-is-layout-flow\"><p>\u201cLa&nbsp;<strong>reforma<\/strong>&nbsp;har\u00eda m\u00e1s dif\u00edcil tener suspensiones de obras estrat\u00e9gicas, o de las que tengan que ver con seguridad nacional. Establece un obst\u00e1culo adicional para poderlas suspender y que haya actos autoritarios de \u2018voy a iniciar obras sin que haya consulta a las comunidades, licencia o requisitos legales, iniciar la obra sin tener los permisos\u201d, alert\u00f3.<\/p><\/blockquote>\n\n\n\n<h2 class=\"wp-block-heading\">Lo que viene<\/h2>\n\n\n\n<p>Mariano Calder\u00f3n dibuj\u00f3 lo que viene luego de que la&nbsp;<strong>reforma<\/strong>&nbsp;fue aprobada este 17 de abril en el Senado.<\/p>\n\n\n\n<p>Dijo que se tiene que mandar a la C\u00e1mara de Diputados para su propio an\u00e1lisis, subir al Pleno y si es aprobada por el presidente y una vez publicada, se podr\u00eda impugnar mediante una acci\u00f3n de inconstitucionalidad porque atenta contra el juicio de amparo y la impartici\u00f3n de justicia.&nbsp;<\/p>\n\n\n\n<p>Entonces quedar\u00eda en manos de la Suprema Corte de Justicia de la Naci\u00f3n analizar si subsiste esa&nbsp;<strong>reforma<\/strong>&nbsp;y en paralelo presentar medios de defensa por individuos con organismos internacionales para echarla abajo, plante\u00f3.<\/p>\n\n\n\n<p>Por su parte la senadora Claudia Anaya dijo que la oposici\u00f3n va a buscar presentar una acci\u00f3n de inconstitucionalidad.<\/p>\n\n\n\n<blockquote class=\"wp-block-quote is-layout-flow wp-block-quote-is-layout-flow\"><p>\u201cLa Constituci\u00f3n nos da para poder defender a la gente. Eso que no tengan duda, vamos a ir a la acci\u00f3n de inconstitucionalidad y la vamos a tumbar\u201d, augur\u00f3.<\/p><p>Fuente: <a href=\"https:\/\/lasillarota.com\/nacion\/2024\/4\/17\/ley-de-amparo-reforma-regresiva-abre-la-puerta-actos-autoritarios-expertos-478964.html\">https:\/\/lasillarota.com\/nacion\/2024\/4\/17\/ley-de-amparo-reforma-regresiva-abre-la-puerta-actos-autoritarios-expertos-478964.html<\/a><\/p><\/blockquote>\n","protected":false},"excerpt":{"rendered":"<p>Se trata de una reforma que busca que los amparos que otorga el Poder Judicial tengan un alcance individual para [&hellip;]<\/p>\n","protected":false},"author":1,"featured_media":72622,"comment_status":"open","ping_status":"open","sticky":false,"template":"","format":"standard","meta":{"site-sidebar-layout":"default","site-content-layout":"","ast-site-content-layout":"default","site-content-style":"default","site-sidebar-style":"default","ast-global-header-display":"","ast-banner-title-visibility":"","ast-main-header-display":"","ast-hfb-above-header-display":"","ast-hfb-below-header-display":"","ast-hfb-mobile-header-display":"","site-post-title":"","ast-breadcrumbs-content":"","ast-featured-img":"","footer-sml-layout":"","theme-transparent-header-meta":"","adv-header-id-meta":"","stick-header-meta":"","header-above-stick-meta":"","header-main-stick-meta":"","header-below-stick-meta":"","astra-migrate-meta-layouts":"default","ast-page-background-enabled":"default","ast-page-background-meta":{"desktop":{"background-color":"var(--ast-global-color-4)","background-image":"","background-repeat":"repeat","background-position":"center center","background-size":"auto","background-attachment":"scroll","background-type":"","background-media":"","overlay-type":"","overlay-color":"","overlay-opacity":"","overlay-gradient":""},"tablet":{"background-color":"","background-image":"","background-repeat":"repeat","background-position":"center center","background-size":"auto","background-attachment":"scroll","background-type":"","background-media":"","overlay-type":"","overlay-color":"","overlay-opacity":"","overlay-gradient":""},"mobile":{"background-color":"","background-image":"","background-repeat":"repeat","background-position":"center center","background-size":"auto","background-attachment":"scroll","background-type":"","background-media":"","overlay-type":"","overlay-color":"","overlay-opacity":"","overlay-gradient":""}},"ast-content-background-meta":{"desktop":{"background-color":"var(--ast-global-color-5)","background-image":"","background-repeat":"repeat","background-position":"center center","background-size":"auto","background-attachment":"scroll","background-type":"","background-media":"","overlay-type":"","overlay-color":"","overlay-opacity":"","overlay-gradient":""},"tablet":{"background-color":"var(--ast-global-color-5)","background-image":"","background-repeat":"repeat","background-position":"center center","background-size":"auto","background-attachment":"scroll","background-type":"","background-media":"","overlay-type":"","overlay-color":"","overlay-opacity":"","overlay-gradient":""},"mobile":{"background-color":"var(--ast-global-color-5)","background-image":"","background-repeat":"repeat","background-position":"center center","background-size":"auto","background-attachment":"scroll","background-type":"","background-media":"","overlay-type":"","overlay-color":"","overlay-opacity":"","overlay-gradient":""}},"footnotes":""},"categories":[8],"tags":[24212,24214],"class_list":["post-72621","post","type-post","status-publish","format-standard","has-post-thumbnail","hentry","category-noticias","tag-lety-de-amparo-mexico","tag-reforma-regresiva"],"_links":{"self":[{"href":"https:\/\/losperiodistas.com.mx\/portal\/wp-json\/wp\/v2\/posts\/72621","targetHints":{"allow":["GET"]}}],"collection":[{"href":"https:\/\/losperiodistas.com.mx\/portal\/wp-json\/wp\/v2\/posts"}],"about":[{"href":"https:\/\/losperiodistas.com.mx\/portal\/wp-json\/wp\/v2\/types\/post"}],"author":[{"embeddable":true,"href":"https:\/\/losperiodistas.com.mx\/portal\/wp-json\/wp\/v2\/users\/1"}],"replies":[{"embeddable":true,"href":"https:\/\/losperiodistas.com.mx\/portal\/wp-json\/wp\/v2\/comments?post=72621"}],"version-history":[{"count":1,"href":"https:\/\/losperiodistas.com.mx\/portal\/wp-json\/wp\/v2\/posts\/72621\/revisions"}],"predecessor-version":[{"id":72623,"href":"https:\/\/losperiodistas.com.mx\/portal\/wp-json\/wp\/v2\/posts\/72621\/revisions\/72623"}],"wp:featuredmedia":[{"embeddable":true,"href":"https:\/\/losperiodistas.com.mx\/portal\/wp-json\/wp\/v2\/media\/72622"}],"wp:attachment":[{"href":"https:\/\/losperiodistas.com.mx\/portal\/wp-json\/wp\/v2\/media?parent=72621"}],"wp:term":[{"taxonomy":"category","embeddable":true,"href":"https:\/\/losperiodistas.com.mx\/portal\/wp-json\/wp\/v2\/categories?post=72621"},{"taxonomy":"post_tag","embeddable":true,"href":"https:\/\/losperiodistas.com.mx\/portal\/wp-json\/wp\/v2\/tags?post=72621"}],"curies":[{"name":"wp","href":"https:\/\/api.w.org\/{rel}","templated":true}]}}