{"id":72618,"date":"2024-04-18T10:22:03","date_gmt":"2024-04-18T15:22:03","guid":{"rendered":"https:\/\/losperiodistas.com.mx\/portal\/?p=72618"},"modified":"2024-04-18T10:22:05","modified_gmt":"2024-04-18T15:22:05","slug":"el-esperado-disco-the-tortured-poets-department-de-taylor-swift-sale-a-la-venta-este-viernes-forbes","status":"publish","type":"post","link":"https:\/\/losperiodistas.com.mx\/portal\/el-esperado-disco-the-tortured-poets-department-de-taylor-swift-sale-a-la-venta-este-viernes-forbes\/","title":{"rendered":"El esperado disco \u2018The Tortured Poets Department\u2019 de Taylor Swift sale a la venta este viernes | Forbes"},"content":{"rendered":"\n<p class=\"has-medium-font-size\"><em>Catalogado como su disco &#8216;m\u00e1s necesario&#8217;, Taylor Swift lanzar\u00e1 su und\u00e9cimo trabajo de estudio a primera hora de ma\u00f1ana.<\/em><\/p>\n\n\n\n<figure class=\"wp-block-image\"><img decoding=\"async\" src=\"https:\/\/cdn.forbes.com.mx\/2024\/04\/Taylor-Swift-The-Tortured-Poets-Department-640x360.webp\" alt=\"Taylor Swift-The Tortured Poets Department\"\/><figcaption>Foto: Taylor Swift\/Twitter<\/figcaption><\/figure>\n\n\n\n<p><\/p>\n\n\n\n<p class=\"has-vivid-red-color has-text-color has-medium-font-size\"><strong>FORBES STAFF<\/strong><\/p>\n\n\n\n<p>Taylor Swift lanzar\u00e1 en el primer minuto de este viernes \u201cThe Tortured Poets Department\u201d, su und\u00e9cimo disco de estudio, en el que estuvo enfocada durante dos a\u00f1os y del que asegur\u00f3 es su \u00e1lbum \u201cm\u00e1s necesario\u201d.<\/p>\n\n\n\n<p>Swift anunci\u00f3 este trabajo el pasado 4 de febrero al recibir el decimotercer Grammy de su carrera, su n\u00famero favorito, en la \u00faltima edici\u00f3n de esos premios.<\/p>\n\n\n\n<p>Inmediatamente despu\u00e9s, la cantante, de 34 a\u00f1os, public\u00f3 la portada en sus redes sociales, al igual que la lista de nombres de las canciones, y sus fans m\u00e1s fieles pudieron comprarlo en preventa en la p\u00e1gina oficial.<\/p>\n\n\n\n<p>Tras eso hubo muy poca informaci\u00f3n al respecto. Sin embargo, en su gira mundial \u201cThe Eras Tour\u201d Swift habl\u00f3 de su proceso de creaci\u00f3n y durante uno de sus m\u00e1s recientes conciertos en Melbourne, Australia, asegur\u00f3 que el \u00e1lbum fue como \u201cun salvavidas\u201d para ella.<\/p>\n\n\n\n<p>\u201cNecesitaba hacerlo. (\u2026) Me record\u00f3 por qu\u00e9 escribir canciones es algo que realmente me ayuda en la vida y nunca he tenido un \u00e1lbum en el que haya necesitado escribir canciones tanto como en \u2018Tortured Poets&#8217;\u201d, dijo la autora de \u201cWillow\u201d.<\/p>\n\n\n\n<p>El 18 de marzo, Apple Music ofreci\u00f3 la posibilidad a los usuarios de recibir una alerta cuando el \u00e1lbum estuviera disponible, y con ello revel\u00f3 que siete de las 16 canciones que componen \u201cThe Tortured Poets Department\u201d, m\u00e1s un tema extra, tienen lenguaje expl\u00edcito, una situaci\u00f3n cada vez m\u00e1s com\u00fan en su m\u00fasica.<\/p>\n\n\n\n<p>La publicaci\u00f3n de la lista de temas en la plataforma tambi\u00e9n permiti\u00f3 ver que el disco contar\u00e1 con la colaboraci\u00f3n de artistas como Post Malone, que acompa\u00f1ar\u00e1 a la cantante de Pensilvania en el tema \u201cFortnight\u201d que abre el disco, y de la banda brit\u00e1nica de indie rock Florence + the Machine, liderada por Florence Welch, en el tema \u201cFlorida!!!\u201d.<\/p>\n\n\n\n<p>Adem\u00e1s, el lanzamiento estar\u00e1 acompa\u00f1ado de un v\u00eddeo que ver\u00e1 la luz el mismo viernes a las 01:00 GMT.<\/p>\n\n\n\n<p><strong><em>No te pierdas:&nbsp;<a href=\"https:\/\/www.forbes.com.mx\/las-canciones-de-taylor-swift-vuelven-a-estar-disponibles-en-tiktok\/\" target=\"_blank\" rel=\"noreferrer noopener\">Las canciones de Taylor Swift vuelven a estar disponibles en TikTok<\/a><\/em><\/strong><\/p>\n\n\n\n<h2 class=\"wp-block-heading\" id=\"h-fans-de-taylor-swift-ya-tienen-teorias-sobre-una-version-extendida-de-su-nuevo-album\">Fans de Taylor Swift ya tienen teor\u00edas sobre una versi\u00f3n extendida de su nuevo \u00e1lbum<\/h2>\n\n\n\n<p>Hasta el momento la cantante ha dado muy pocos detalles sobre su nuevo disco y sus seguidores intentaron encontrar el significado de las supuestas se\u00f1ales ocultas que ha ido ofreciendo.<\/p>\n\n\n\n<p>En redes sociales ronda la teor\u00eda de que el n\u00famero dos es uno de los signos que envuelven al nuevo proyecto, pues Taylor Swift hizo la se\u00f1al de paz y amor durante el anuncio del lanzamiento en los Grammy, adem\u00e1s de hacer \u00e9nfasis en que el \u00e1lbum hab\u00eda tardado dos a\u00f1os en gestarse.<\/p>\n\n\n\n<p>Asimismo, en la tienda ef\u00edmera promocional del \u00e1lbum, que actualmente se encuentra en Los \u00c1ngeles, los relojes del recinto que asemeja una biblioteca marcan las dos en punto.<\/p>\n\n\n\n<p>Por ello, algunos de sus seguidores creen que hay posibilidad de que Swift podr\u00eda estar insinuando una posible versi\u00f3n \u201c2AM Edition\u201d de \u201cThe Tortured Poets Department\u201d, al igual que hizo cuando lanz\u00f3 el \u201c3AM Edition\u201d del \u00e1lbum \u201cMidnights\u201d en la madrugada del lanzamiento del \u00e1lbum, que inclu\u00eda siete nuevas canciones.<\/p>\n\n\n\n<p>Pero otros consideran que podr\u00eda ser una se\u00f1al de una segunda parte de \u201cThe Eras Tour\u201d, que en 2023 fue la primera gira en superar los 1,000 millones de d\u00f3lares de ingresos.<\/p>\n\n\n\n<p>Ese a\u00f1o la cantante tambi\u00e9n super\u00f3 al puertorrique\u00f1o Bad Bunny como la artista m\u00e1s escuchada del a\u00f1o en Spotify y produjo la pel\u00edcula \u201cThe Eras Tour\u201d, que bati\u00f3 r\u00e9cords como el filme de conciertos m\u00e1s taquillero de todos los tiempos al recaudar 261.7 millones de d\u00f3lares en su estreno.<\/p>\n\n\n\n<p>Swift tambi\u00e9n se posicion\u00f3 como la primera int\u00e9rprete en ganar un cuarto premio Grammy al \u00e1lbum del a\u00f1o en 2024, por \u201cMidnights\u201d.<\/p>\n\n\n\n<figure class=\"wp-block-embed is-type-rich is-provider-twitter wp-block-embed-twitter\"><div class=\"wp-block-embed__wrapper\">\nhttps:\/\/twitter.com\/taylorswift13\/status\/1754332182401691704?ref_src=twsrc%5Etfw%7Ctwcamp%5Etweetembed%7Ctwterm%5E1754332182401691704%7Ctwgr%5Ef6ca35a4a2a6332fbeb8919c8f82165790453d24%7Ctwcon%5Es1_c10&#038;ref_url=https%3A%2F%2Fwww.forbes.com.mx%2Fel-esperado-disco-the-tortured-poets-department-de-taylor-swift-sale-a-la-venta-este-viernes%2F\n<\/div><\/figure>\n\n\n\n<p><em>Con informaci\u00f3n de EFE<\/em><\/p>\n\n\n\n<p><\/p>\n\n\n\n<p>Fuente: <a href=\"https:\/\/www.forbes.com.mx\/el-esperado-disco-the-tortured-poets-department-de-taylor-swift-sale-a-la-venta-este-viernes\/\">https:\/\/www.forbes.com.mx\/el-esperado-disco-the-tortured-poets-department-de-taylor-swift-sale-a-la-venta-este-viernes\/<\/a><\/p>\n","protected":false},"excerpt":{"rendered":"<p>Catalogado como su disco &#8216;m\u00e1s necesario&#8217;, Taylor Swift lanzar\u00e1 su und\u00e9cimo trabajo de estudio a primera hora de ma\u00f1ana. FORBES [&hellip;]<\/p>\n","protected":false},"author":1,"featured_media":72619,"comment_status":"open","ping_status":"open","sticky":false,"template":"","format":"standard","meta":{"site-sidebar-layout":"default","site-content-layout":"","ast-site-content-layout":"default","site-content-style":"default","site-sidebar-style":"default","ast-global-header-display":"","ast-banner-title-visibility":"","ast-main-header-display":"","ast-hfb-above-header-display":"","ast-hfb-below-header-display":"","ast-hfb-mobile-header-display":"","site-post-title":"","ast-breadcrumbs-content":"","ast-featured-img":"","footer-sml-layout":"","theme-transparent-header-meta":"","adv-header-id-meta":"","stick-header-meta":"","header-above-stick-meta":"","header-main-stick-meta":"","header-below-stick-meta":"","astra-migrate-meta-layouts":"default","ast-page-background-enabled":"default","ast-page-background-meta":{"desktop":{"background-color":"var(--ast-global-color-4)","background-image":"","background-repeat":"repeat","background-position":"center center","background-size":"auto","background-attachment":"scroll","background-type":"","background-media":"","overlay-type":"","overlay-color":"","overlay-opacity":"","overlay-gradient":""},"tablet":{"background-color":"","background-image":"","background-repeat":"repeat","background-position":"center center","background-size":"auto","background-attachment":"scroll","background-type":"","background-media":"","overlay-type":"","overlay-color":"","overlay-opacity":"","overlay-gradient":""},"mobile":{"background-color":"","background-image":"","background-repeat":"repeat","background-position":"center center","background-size":"auto","background-attachment":"scroll","background-type":"","background-media":"","overlay-type":"","overlay-color":"","overlay-opacity":"","overlay-gradient":""}},"ast-content-background-meta":{"desktop":{"background-color":"var(--ast-global-color-5)","background-image":"","background-repeat":"repeat","background-position":"center center","background-size":"auto","background-attachment":"scroll","background-type":"","background-media":"","overlay-type":"","overlay-color":"","overlay-opacity":"","overlay-gradient":""},"tablet":{"background-color":"var(--ast-global-color-5)","background-image":"","background-repeat":"repeat","background-position":"center center","background-size":"auto","background-attachment":"scroll","background-type":"","background-media":"","overlay-type":"","overlay-color":"","overlay-opacity":"","overlay-gradient":""},"mobile":{"background-color":"var(--ast-global-color-5)","background-image":"","background-repeat":"repeat","background-position":"center center","background-size":"auto","background-attachment":"scroll","background-type":"","background-media":"","overlay-type":"","overlay-color":"","overlay-opacity":"","overlay-gradient":""}},"footnotes":""},"categories":[8],"tags":[18413,24211],"class_list":["post-72618","post","type-post","status-publish","format-standard","has-post-thumbnail","hentry","category-noticias","tag-taylor-swift","tag-the-tortured-poets-department"],"_links":{"self":[{"href":"https:\/\/losperiodistas.com.mx\/portal\/wp-json\/wp\/v2\/posts\/72618","targetHints":{"allow":["GET"]}}],"collection":[{"href":"https:\/\/losperiodistas.com.mx\/portal\/wp-json\/wp\/v2\/posts"}],"about":[{"href":"https:\/\/losperiodistas.com.mx\/portal\/wp-json\/wp\/v2\/types\/post"}],"author":[{"embeddable":true,"href":"https:\/\/losperiodistas.com.mx\/portal\/wp-json\/wp\/v2\/users\/1"}],"replies":[{"embeddable":true,"href":"https:\/\/losperiodistas.com.mx\/portal\/wp-json\/wp\/v2\/comments?post=72618"}],"version-history":[{"count":1,"href":"https:\/\/losperiodistas.com.mx\/portal\/wp-json\/wp\/v2\/posts\/72618\/revisions"}],"predecessor-version":[{"id":72620,"href":"https:\/\/losperiodistas.com.mx\/portal\/wp-json\/wp\/v2\/posts\/72618\/revisions\/72620"}],"wp:featuredmedia":[{"embeddable":true,"href":"https:\/\/losperiodistas.com.mx\/portal\/wp-json\/wp\/v2\/media\/72619"}],"wp:attachment":[{"href":"https:\/\/losperiodistas.com.mx\/portal\/wp-json\/wp\/v2\/media?parent=72618"}],"wp:term":[{"taxonomy":"category","embeddable":true,"href":"https:\/\/losperiodistas.com.mx\/portal\/wp-json\/wp\/v2\/categories?post=72618"},{"taxonomy":"post_tag","embeddable":true,"href":"https:\/\/losperiodistas.com.mx\/portal\/wp-json\/wp\/v2\/tags?post=72618"}],"curies":[{"name":"wp","href":"https:\/\/api.w.org\/{rel}","templated":true}]}}