{"id":72615,"date":"2024-04-18T10:14:14","date_gmt":"2024-04-18T15:14:14","guid":{"rendered":"https:\/\/losperiodistas.com.mx\/portal\/?p=72615"},"modified":"2024-04-18T10:14:16","modified_gmt":"2024-04-18T15:14:16","slug":"buap-deberia-volver-al-centro-historico-tiene-40-inmuebles-disponibles-montero-e-consulta","status":"publish","type":"post","link":"https:\/\/losperiodistas.com.mx\/portal\/buap-deberia-volver-al-centro-historico-tiene-40-inmuebles-disponibles-montero-e-consulta\/","title":{"rendered":"BUAP deber\u00eda volver al Centro Hist\u00f3rico, tiene 40 inmuebles disponibles: Montero | e-consulta"},"content":{"rendered":"\n<p class=\"has-medium-font-size\">El investigador consider\u00f3 que se podr\u00eda rescatar la idea del Barrio Universitario, si se reviven los espacios en desuso<\/p>\n\n\n\n<figure class=\"wp-block-image size-full\"><img fetchpriority=\"high\" decoding=\"async\" width=\"640\" height=\"426\" src=\"https:\/\/losperiodistas.com.mx\/portal\/wp-content\/uploads\/2024\/04\/buap_deberia_volver_al_centro_historico_tiene_40_inmuebles_disponibles_montero.jpg\" alt=\"\" class=\"wp-image-72616\" srcset=\"https:\/\/losperiodistas.com.mx\/portal\/wp-content\/uploads\/2024\/04\/buap_deberia_volver_al_centro_historico_tiene_40_inmuebles_disponibles_montero.jpg 640w, https:\/\/losperiodistas.com.mx\/portal\/wp-content\/uploads\/2024\/04\/buap_deberia_volver_al_centro_historico_tiene_40_inmuebles_disponibles_montero-300x200.jpg 300w\" sizes=\"(max-width: 640px) 100vw, 640px\" \/><figcaption>Foto \/ e-consulta<br><a href=\"https:\/\/www.facebook.com\/sharer\/sharer.php?u=https:\/\/www.e-consulta.com\/nota\/2023-04-17\/universidades\/buap-deberia-volver-al-centro-historico-tiene-40-inmuebles-disponibles\" target=\"_blank\" rel=\"noreferrer noopener\"><\/a><a href=\"https:\/\/twitter.com\/intent\/tweet?text=BUAP%20deber%C3%ADa%20volver%20al%20Centro%20Hist%C3%B3rico%2C%20tiene%2040%20inmuebles%20disponibles%3A%20Montero&amp;url=https:\/\/www.e-consulta.com\/nota\/2023-04-17\/universidades\/buap-deberia-volver-al-centro-historico-tiene-40-inmuebles-disponibles&amp;via=e_consulta\" target=\"_blank\" rel=\"noreferrer noopener\"><\/a><a href=\"whatsapp:\/\/send?text=BUAP%20deber%C3%ADa%20volver%20al%20Centro%20Hist%C3%B3rico%2C%20tiene%2040%20inmuebles%20disponibles%3A%20Montero%20-%20[Leer]%20https:\/\/www.e-consulta.com\/nota\/2023-04-17\/universidades\/buap-deberia-volver-al-centro-historico-tiene-40-inmuebles-disponibles\"><\/a><a href=\"\/\/www.e-consulta.com\/nota\/2023-04-17\/universidades\/buap-deberia-volver-al-centro-historico-tiene-40-inmuebles-disponibles\" target=\"_blank\" rel=\"noreferrer noopener\"><\/a><\/figcaption><\/figure>\n\n\n\n<p class=\"has-vivid-red-color has-text-color has-medium-font-size\"><strong>CARLOS MORENO \/ e-consulta<\/strong><\/p>\n\n\n\n<p>La&nbsp;<strong>Benem\u00e9rita Universidad Aut\u00f3noma de Puebla<\/strong>&nbsp;(BUAP) debe volver al&nbsp;<strong>Centro Hist\u00f3rico<\/strong>, ya que ah\u00ed tiene alrededor de&nbsp;<strong>50 edificios<\/strong>&nbsp;y s\u00f3lo 10 est\u00e1n en funcionamiento, los dem\u00e1s est\u00e1n en desuso, asever\u00f3&nbsp;<strong>Carlos Montero Pantoja<\/strong>, arquitecto y docente-investigador del programa de posgrado en Estudios Socioterritoriales del&nbsp;<strong>Instituto de Ciencias Sociales y Humanidades (ICSyH) Alfonso V\u00e9lez Pliego<\/strong>.<\/p>\n\n\n\n<p>En entrevista en el\u00a0<a href=\"https:\/\/www.youtube.com\/watch?v=JfEILHHfXqg\">programa Cuchara Cuchillo Tenedor<\/a>, el autor de libros de\u00a0<strong>historia arquitect\u00f3nica de Puebla<\/strong>, como Patrimonio Arquitect\u00f3nico del Siglo XX, explic\u00f3 que para recuperar al\u00a0<strong>Centro Hist\u00f3rico<\/strong>\u00a0como\u00a0<strong>una zona dedicada a la vivienda<\/strong>, la BUAP deber\u00eda hacer uso de sus\u00a0<strong>m\u00e1s de 40 inmuebles vac\u00edos<\/strong>\u00a0y destinarlos a la difusi\u00f3n de\u00a0<strong>eventos culturales y art\u00edsticos<\/strong>.<\/p>\n\n\n\n<figure class=\"wp-block-embed is-type-video is-provider-youtube wp-block-embed-youtube wp-embed-aspect-16-9 wp-has-aspect-ratio\"><div class=\"wp-block-embed__wrapper\">\n<iframe title=\"Carlos Montero Pantoja en Cuchara Cuchillo Tenedor\" width=\"500\" height=\"281\" src=\"https:\/\/www.youtube.com\/embed\/JfEILHHfXqg?feature=oembed\" frameborder=\"0\" allow=\"accelerometer; autoplay; clipboard-write; encrypted-media; gyroscope; picture-in-picture; web-share\" referrerpolicy=\"strict-origin-when-cross-origin\" allowfullscreen><\/iframe>\n<\/div><\/figure>\n\n\n\n<p><\/p>\n\n\n\n<p>Sin embargo,&nbsp;<strong>Montero Pantoja<\/strong>, quien recibi\u00f3 la distinci\u00f3n de&nbsp;<strong>poblano distinguido<\/strong>, indic\u00f3 que no hay voluntad por parte de las&nbsp;<strong>autoridades universitarias<\/strong>&nbsp;para que se opte por retomar los inmuebles hist\u00f3ricos que le pertenecen.<\/p>\n\n\n\n<p>Te puede interesar:<\/p>\n\n\n\n<p><a href=\"https:\/\/www.e-consulta.com\/nota\/2024-04-17\/educacion\/buap-amplia-fechas-de-registro-para-cu2-regionales-y-universidad-para\">BUAP ampl\u00eda fechas de registro para CU2, regionales y Universidad para Adultos<\/a><\/p>\n\n\n\n<p>El&nbsp;<strong>investigador de la BUAP<\/strong>&nbsp;lament\u00f3 que ning\u00fan acad\u00e9mico haya presentado, hasta el momento, alguna propuesta a la rectora&nbsp;<strong>Lilia Cedillo Ram\u00edrez<\/strong>&nbsp;para recuperar las sedes del Centro de Puebla y&nbsp;<strong>rescatar la idea del Barrio Universitario<\/strong>, plan que se puso en marcha en&nbsp;<strong>1973&nbsp;<\/strong>para rehabilitar los inmuebles antiguos.<\/p>\n\n\n\n<p>Respecto a la&nbsp;<a href=\"https:\/\/www.e-consulta.com\/nota\/2024-04-13\/universidades\/que-carreras-hay-en-cu2-de-la-buap\"><strong>segunda sede de Ciudad Universitaria (CU2)<\/strong><\/a>, el investigador de&nbsp;<strong>Estudios Socioterritoriales<\/strong>&nbsp;coment\u00f3 que cuando el nuevo recinto entre en funcionamiento deber\u00eda contar con una&nbsp;<strong>nueva planta docente<\/strong>&nbsp;que est\u00e9 a la vanguardia con el uso de herramientas digitales.<\/p>\n\n\n\n<p>\u201cSe requiere tambi\u00e9n de&nbsp;<strong>una planta docente con otra visi\u00f3n para ese complejo<\/strong>, pero se van a llevar a la misma planta a&nbsp;<strong>docentes viejos<\/strong>, los que todav\u00eda quedan. Es como si me tuvieran que mandar all\u00e1, que no s\u00e9 nada de lo digital y de la Inteligencia Artificial y c\u00f3mo se aplica en la arquitectura y su ense\u00f1anza\u201d, opin\u00f3.<\/p>\n\n\n\n<figure class=\"wp-block-image\"><img decoding=\"async\" src=\"https:\/\/www.e-consulta.com\/_next\/image?url=https%3A%2F%2Ffotos.e-consulta.com%2Fsite_uploads%2F2024%2FAbril%2F1-buap_deberia_volver_al_centro_historico_tiene_40_inmuebles_disponibles_montero.jpeg&amp;w=3840&amp;q=75\" alt=\"BUAP deber\u00eda volver al Centro Hist\u00f3rico, tiene 40 inmuebles disponibles: Montero\"\/><\/figure>\n\n\n\n<p>Te puede interesar:<\/p>\n\n\n\n<p><a href=\"https:\/\/www.e-consulta.com\/nota\/2024-04-03\/politica\/propuestas-de-candidatos-deben-estar-bajo-la-lupa-de-medios-y-academicos\">Propuestas de candidatos deben estar bajo la lupa de medios y acad\u00e9micos: Jorge Calles<\/a><\/p>\n\n\n\n<h2 class=\"wp-block-heading\"><strong>Puebla se debe preparar para su aniversario 500<\/strong><\/h2>\n\n\n\n<p>En otro tema, el investigador&nbsp;<strong>Carlos Montero<\/strong>&nbsp;consider\u00f3 que la ciudad de&nbsp;<strong>Puebla&nbsp;<\/strong>se debe preparar para la celebraci\u00f3n de los 500 a\u00f1os de su fundaci\u00f3n, pero&nbsp;<strong>a\u00fan no hay un proyecto por parte de acad\u00e9micos<\/strong>, intelectuales o del gobierno local para realizar dicho evento.<\/p>\n\n\n\n<p>Lo anterior fue mencionado por Montero Pantoja, especialista en estudios arquitect\u00f3nicos de la BUAP,&nbsp;<strong>un d\u00eda despu\u00e9s de que se celebr\u00f3 el aniversario 493<\/strong>&nbsp;de la fundaci\u00f3n de la capital poblana.<\/p>\n\n\n\n<p>Pese a los esfuerzos del gobierno capitalino de convocar a un\u00a0<strong>comit\u00e9 para la celebraci\u00f3n de los 500 a\u00f1os de Puebla<\/strong>, eso no suma a realizar el aniversario de la ciudad porque\u00a0<strong>no han convocado a los miembros<\/strong>, extern\u00f3 el poblano distinguido Montero Pantoja.<\/p>\n\n\n\n<p>La propuesta que tiene&nbsp;<strong>Carlos Montero<\/strong>&nbsp;para la celebraci\u00f3n de los<strong>&nbsp;500 a\u00f1os de Puebla<\/strong>&nbsp;es que cada persona se&nbsp;<strong>sume con un arsenal art\u00edstico o acad\u00e9mico<\/strong>, pues a\u00fan faltan siete a\u00f1os para dicho aniversario.<\/p>\n\n\n\n<p>\u201cYo estoy preparando una colecci\u00f3n de varios libros que abarquen&nbsp;<strong>la historia de Puebla<\/strong>, en el \u00e1mbito de la arquitectura\u201d, expres\u00f3.<\/p>\n\n\n\n<p>Respecto al aspecto colonial de la ciudad, detall\u00f3 que son pocas las estructuras que a\u00fan cuentan con cimientos que&nbsp;<strong>provengan de la \u00e9poca colonial<\/strong>, pues \u00fanicamente la&nbsp;<strong>Catedral<\/strong>, La Capilla del Rosario, e<strong>l Edificio Carolino<\/strong>&nbsp;y algunos templos conservan dicho estilo. (MCJ)<\/p>\n\n\n\n<figure class=\"wp-block-image\"><img decoding=\"async\" src=\"https:\/\/www.e-consulta.com\/_next\/image?url=https%3A%2F%2Ffotos.e-consulta.com%2Fsite_uploads%2F2024%2FAbril%2F2-buap_deberia_volver_al_centro_historico_tiene_40_inmuebles_disponibles_montero.jpeg&amp;w=3840&amp;q=75\" alt=\"BUAP deber\u00eda volver al Centro Hist\u00f3rico, tiene 40 inmuebles disponibles: Montero\"\/><\/figure>\n\n\n\n<p><\/p>\n\n\n\n<p>Fuente: <a href=\"https:\/\/www.e-consulta.com\/nota\/2023-04-17\/universidades\/buap-deberia-volver-al-centro-historico-tiene-40-inmuebles-disponibles\">https:\/\/www.e-consulta.com\/nota\/2023-04-17\/universidades\/buap-deberia-volver-al-centro-historico-tiene-40-inmuebles-disponibles<\/a><\/p>\n","protected":false},"excerpt":{"rendered":"<p>El investigador consider\u00f3 que se podr\u00eda rescatar la idea del Barrio Universitario, si se reviven los espacios en desuso CARLOS [&hellip;]<\/p>\n","protected":false},"author":1,"featured_media":72616,"comment_status":"open","ping_status":"open","sticky":false,"template":"","format":"standard","meta":{"site-sidebar-layout":"default","site-content-layout":"","ast-site-content-layout":"default","site-content-style":"default","site-sidebar-style":"default","ast-global-header-display":"","ast-banner-title-visibility":"","ast-main-header-display":"","ast-hfb-above-header-display":"","ast-hfb-below-header-display":"","ast-hfb-mobile-header-display":"","site-post-title":"","ast-breadcrumbs-content":"","ast-featured-img":"","footer-sml-layout":"","theme-transparent-header-meta":"","adv-header-id-meta":"","stick-header-meta":"","header-above-stick-meta":"","header-main-stick-meta":"","header-below-stick-meta":"","astra-migrate-meta-layouts":"default","ast-page-background-enabled":"default","ast-page-background-meta":{"desktop":{"background-color":"var(--ast-global-color-4)","background-image":"","background-repeat":"repeat","background-position":"center center","background-size":"auto","background-attachment":"scroll","background-type":"","background-media":"","overlay-type":"","overlay-color":"","overlay-opacity":"","overlay-gradient":""},"tablet":{"background-color":"","background-image":"","background-repeat":"repeat","background-position":"center center","background-size":"auto","background-attachment":"scroll","background-type":"","background-media":"","overlay-type":"","overlay-color":"","overlay-opacity":"","overlay-gradient":""},"mobile":{"background-color":"","background-image":"","background-repeat":"repeat","background-position":"center center","background-size":"auto","background-attachment":"scroll","background-type":"","background-media":"","overlay-type":"","overlay-color":"","overlay-opacity":"","overlay-gradient":""}},"ast-content-background-meta":{"desktop":{"background-color":"var(--ast-global-color-5)","background-image":"","background-repeat":"repeat","background-position":"center center","background-size":"auto","background-attachment":"scroll","background-type":"","background-media":"","overlay-type":"","overlay-color":"","overlay-opacity":"","overlay-gradient":""},"tablet":{"background-color":"var(--ast-global-color-5)","background-image":"","background-repeat":"repeat","background-position":"center center","background-size":"auto","background-attachment":"scroll","background-type":"","background-media":"","overlay-type":"","overlay-color":"","overlay-opacity":"","overlay-gradient":""},"mobile":{"background-color":"var(--ast-global-color-5)","background-image":"","background-repeat":"repeat","background-position":"center center","background-size":"auto","background-attachment":"scroll","background-type":"","background-media":"","overlay-type":"","overlay-color":"","overlay-opacity":"","overlay-gradient":""}},"footnotes":""},"categories":[8],"tags":[2376,24210,1981,24209],"class_list":["post-72615","post","type-post","status-publish","format-standard","has-post-thumbnail","hentry","category-noticias","tag-buap","tag-carlos-montero-pantoja","tag-centro-historico-puebla","tag-puebla-500"],"_links":{"self":[{"href":"https:\/\/losperiodistas.com.mx\/portal\/wp-json\/wp\/v2\/posts\/72615","targetHints":{"allow":["GET"]}}],"collection":[{"href":"https:\/\/losperiodistas.com.mx\/portal\/wp-json\/wp\/v2\/posts"}],"about":[{"href":"https:\/\/losperiodistas.com.mx\/portal\/wp-json\/wp\/v2\/types\/post"}],"author":[{"embeddable":true,"href":"https:\/\/losperiodistas.com.mx\/portal\/wp-json\/wp\/v2\/users\/1"}],"replies":[{"embeddable":true,"href":"https:\/\/losperiodistas.com.mx\/portal\/wp-json\/wp\/v2\/comments?post=72615"}],"version-history":[{"count":1,"href":"https:\/\/losperiodistas.com.mx\/portal\/wp-json\/wp\/v2\/posts\/72615\/revisions"}],"predecessor-version":[{"id":72617,"href":"https:\/\/losperiodistas.com.mx\/portal\/wp-json\/wp\/v2\/posts\/72615\/revisions\/72617"}],"wp:featuredmedia":[{"embeddable":true,"href":"https:\/\/losperiodistas.com.mx\/portal\/wp-json\/wp\/v2\/media\/72616"}],"wp:attachment":[{"href":"https:\/\/losperiodistas.com.mx\/portal\/wp-json\/wp\/v2\/media?parent=72615"}],"wp:term":[{"taxonomy":"category","embeddable":true,"href":"https:\/\/losperiodistas.com.mx\/portal\/wp-json\/wp\/v2\/categories?post=72615"},{"taxonomy":"post_tag","embeddable":true,"href":"https:\/\/losperiodistas.com.mx\/portal\/wp-json\/wp\/v2\/tags?post=72615"}],"curies":[{"name":"wp","href":"https:\/\/api.w.org\/{rel}","templated":true}]}}