{"id":72609,"date":"2024-04-18T10:07:34","date_gmt":"2024-04-18T15:07:34","guid":{"rendered":"https:\/\/losperiodistas.com.mx\/portal\/?p=72609"},"modified":"2024-04-18T10:07:36","modified_gmt":"2024-04-18T15:07:36","slug":"oro-plata-y-hierro-las-medallas-olimpicas-de-paris-tendran-un-trozo-de-la-torre-eiffel-nyt","status":"publish","type":"post","link":"https:\/\/losperiodistas.com.mx\/portal\/oro-plata-y-hierro-las-medallas-olimpicas-de-paris-tendran-un-trozo-de-la-torre-eiffel-nyt\/","title":{"rendered":"Oro, plata y\u2026 \u00bfhierro? Las medallas ol\u00edmpicas de Par\u00eds tendr\u00e1n un trozo de la Torre Eiffel | NYT"},"content":{"rendered":"\n<p class=\"has-medium-font-size\" id=\"article-summary\">Los medallistas de los Juegos Ol\u00edmpicos y Paral\u00edmpicos de Par\u00eds de este a\u00f1o tambi\u00e9n se llevar\u00e1n a casa un trozo del emblem\u00e1tico monumento de la capital francesa.<\/p>\n\n\n\n<figure class=\"wp-block-image size-large\"><img fetchpriority=\"high\" decoding=\"async\" width=\"1024\" height=\"683\" src=\"https:\/\/losperiodistas.com.mx\/portal\/wp-content\/uploads\/2024\/04\/08paris-medals-pzjq-superJumbo-1024x683.webp\" alt=\"\" class=\"wp-image-72610\" srcset=\"https:\/\/losperiodistas.com.mx\/portal\/wp-content\/uploads\/2024\/04\/08paris-medals-pzjq-superJumbo-1024x683.webp 1024w, https:\/\/losperiodistas.com.mx\/portal\/wp-content\/uploads\/2024\/04\/08paris-medals-pzjq-superJumbo-300x200.webp 300w, https:\/\/losperiodistas.com.mx\/portal\/wp-content\/uploads\/2024\/04\/08paris-medals-pzjq-superJumbo-768x512.webp 768w, https:\/\/losperiodistas.com.mx\/portal\/wp-content\/uploads\/2024\/04\/08paris-medals-pzjq-superJumbo-1536x1024.webp 1536w, https:\/\/losperiodistas.com.mx\/portal\/wp-content\/uploads\/2024\/04\/08paris-medals-pzjq-superJumbo.webp 2048w\" sizes=\"(max-width: 1024px) 100vw, 1024px\" \/><figcaption>Todas las medallas de los Juegos Ol\u00edmpicos y Paral\u00edmpicos de este a\u00f1o en Par\u00eds contendr\u00e1n un hex\u00e1gono de hierro tomado de la Torre Eiffel.Credit&#8230;Thibault Camus\/Associated Press<\/figcaption><\/figure>\n\n\n\n<p class=\"has-vivid-red-color has-text-color has-medium-font-size\"><strong>\u00a0<a href=\"https:\/\/www.nytimes.com\/by\/aurelien-breeden\">Aurelien Breeden<\/a> \/ The New York Times<\/strong><\/p>\n\n\n\n<p>Reportando desde Par\u00eds<\/p>\n\n\n\n<p>Los atletas que conquisten medallas en los Juegos Ol\u00edmpicos y Paral\u00edmpicos de verano de 2024 en Par\u00eds no solo ganar\u00e1n oro, plata o bronce. Sus medallas incluir\u00e1n tambi\u00e9n un trozo de hierro forjado de la Torre Eiffel.<\/p>\n\n\n\n<p>Los organizadores de los Juegos anunciaron que cada una de las 5084 medallas creadas para las pruebas de Par\u00eds estar\u00e1 decorada en una de sus caras con una pieza de hierro en forma de hex\u00e1gono recuperada del emblem\u00e1tico monumento de la capital francesa.<\/p>\n\n\n\n<p>\u201cEste objeto excepcional ten\u00eda que encontrarse con otro s\u00edmbolo muy fuerte de nuestro pa\u00eds y nuestra capital\u201d, dijo Tony Estanguet, presidente del comit\u00e9 organizador de Par\u00eds 2024, en un acto para presentar el dise\u00f1o de las medallas en Saint-Denis, un suburbio al norte de Par\u00eds donde se celebrar\u00e1n varios eventos ol\u00edmpicos.<\/p>\n\n\n\n<p>Estanguet explic\u00f3 que el hierro utilizado en las medallas ser\u00e1n fragmentos reciclados de la construcci\u00f3n original de la Torre Eiffel de 1889, que hab\u00edan permanecido inutilizados en un almac\u00e9n tras las obras de renovaci\u00f3n.<\/p>\n\n\n\n<p>Despojados de su pintura marr\u00f3n y pulidos, cada fragmento pesar\u00e1 18 gramos y tendr\u00e1 forma de hex\u00e1gono, la forma de Francia.<\/p>\n\n\n\n<p>Los hex\u00e1gonos, con la inscripci\u00f3n \u201cPar\u00eds 2024\u2033 y el logotipo de los Juegos, se sujetar\u00e1n en la medalla con una pinzas en forma de remaches de la Torre Eiffel, utilizando una t\u00e9cnica similar a la empleada para fijar piedras preciosas en joyer\u00eda. Los hex\u00e1gonos est\u00e1n rodeados de l\u00edneas radiantes dise\u00f1adas para reflejar la luz, un gui\u00f1o al sobrenombre de Par\u00eds como Ciudad de la Luz.<\/p>\n\n\n\n<p>\u201cQuer\u00edamos que esta medalla fuera bella y simb\u00f3lica, y qu\u00e9 hay m\u00e1s simb\u00f3lico que traer a casa un trozo del patrimonio de Francia\u201d, declar\u00f3 en la presentaci\u00f3n Martin Fourcade, cinco veces campe\u00f3n ol\u00edmpico y presidente de la Comisi\u00f3n de Atletas de Par\u00eds 2024.<\/p>\n\n\n\n<p>\u201cMe hace sentir orgullosa de ser francesa\u201d, a\u00f1adi\u00f3 B\u00e9atrice Hess, ex nadadora francesa con 20 t\u00edtulos paral\u00edmpicos. \u201cEs una joya\u201d.<\/p>\n\n\n\n<p>Los dise\u00f1os de la otra cara de las medallas ol\u00edmpicas \u2014que est\u00e1n hechas de metal reciclado y deben seguir unas especificaciones precisas impuestas por el Comit\u00e9 Ol\u00edmpico Internacional\u2014 variar\u00e1n. Incluir\u00e1n s\u00edmbolos tradicionales de los Juegos, entre ellos de Nike, la diosa griega de la victoria, as\u00ed como la Acr\u00f3polis de Atenas, junto con un grabado de la Torre Eiffel.<\/p>\n\n\n\n<p>Las medallas de los Juegos Paral\u00edmpicos ser\u00e1n diferentes, con una vista en \u00e1ngulo bajo de la Torre Eiffel y las palabras \u201cPar\u00eds\u201d y \u201c2024\u201d escritas en Braille, el sistema de escritura para personas con discapacidad visual que debe su nombre al franc\u00e9s Louis Braille. Esas medallas tambi\u00e9n tendr\u00e1n muescas en los bordes: una para el oro, dos para la plata y tres para el bronce.<\/p>\n\n\n\n<p>Los organizadores ol\u00edmpicos tienen desde hace tiempo la opci\u00f3n de hacer gui\u00f1os a la cultura de sus naciones en el dise\u00f1o de sus medallas; en los Juegos de Pek\u00edn 2008, las medallas&nbsp;<a href=\"https:\/\/olympics.com\/en\/olympic-games\/beijing-2008\/medal-design\" rel=\"noreferrer noopener\" target=\"_blank\">llevaban incrustaciones de un disco de jade<\/a>. Sin embargo, el anuncio de los organizadores de los Juegos de Par\u00eds parece ser la primera vez que una ciudad utiliza fragmentos de un monumento real.<\/p>\n\n\n\n<p>Las medallas son fabricadas por la Monnaie de Par\u00eds \u2014la Casa de la Moneda oficial de Par\u00eds\u2014 y dise\u00f1adas por Chaumet, empresa parisina de joyer\u00eda con 244 a\u00f1os de antig\u00fcedad, propiedad de LVMH, el conglomerado franc\u00e9s del lujo perteneciente a&nbsp;<a href=\"https:\/\/www.nytimes.com\/2023\/09\/14\/business\/bernard-arnault-lvmh-family-succession.html?searchResultPosition=1\">Bernard Arnault<\/a>. LVMH es uno de los mayores patrocinadores de los Juegos, proporcionando m\u00e1s de 150 millones de d\u00f3lares en financiamiento.<\/p>\n\n\n\n<p>Antoine Arnault, uno de los hijos de Arnault y responsable de comunicaci\u00f3n e imagen de LVMH, dijo en la presentaci\u00f3n que \u201cera un verdadero reto trabajar con una pieza de la Dama de Hierro\u201d.<\/p>\n\n\n\n<p>\u201cNo es solo una medalla lo que presentamos hoy\u201d, a\u00f1adi\u00f3. \u201cEs una obra de arte\u201d.<\/p>\n\n\n\n<p>La Torre Eiffel es quiz\u00e1 el monumento m\u00e1s reconocido de Francia, con&nbsp;<a href=\"https:\/\/www.toureiffel.paris\/en\/the-monument\/key-figures\" rel=\"noreferrer noopener\" target=\"_blank\">unos 7 millones de visitantes<\/a>&nbsp;al a\u00f1o. Varias pruebas de los Juegos de Par\u00eds&nbsp;<a href=\"https:\/\/www.paris2024.org\/en\/venue\/eiffel-tower-stadium\/\" rel=\"noreferrer noopener\" target=\"_blank\">se celebrar\u00e1n<\/a>&nbsp;en un estadio provisional instalado en Champs de Mars, el parque que conduce a la torre.<\/p>\n\n\n\n<hr class=\"wp-block-separator\"\/>\n\n\n\n<p><a href=\"https:\/\/www.nytimes.com\/by\/aurelien-breeden\">Aurelien Breeden<\/a>\u00a0es reportero del Times en Par\u00eds y cubre la actualidad de Francia.\u00a0<\/p>\n\n\n\n<p>Fuente: <a href=\"https:\/\/www.nytimes.com\/es\/2024\/04\/17\/espanol\/juegos-olimpicos-paris-torre-eiffel-medallas.html\">https:\/\/www.nytimes.com\/es\/2024\/04\/17\/espanol\/juegos-olimpicos-paris-torre-eiffel-medallas.html<\/a><\/p>\n","protected":false},"excerpt":{"rendered":"<p>Los medallistas de los Juegos Ol\u00edmpicos y Paral\u00edmpicos de Par\u00eds de este a\u00f1o tambi\u00e9n se llevar\u00e1n a casa un trozo [&hellip;]<\/p>\n","protected":false},"author":1,"featured_media":72610,"comment_status":"open","ping_status":"open","sticky":false,"template":"","format":"standard","meta":{"site-sidebar-layout":"default","site-content-layout":"","ast-site-content-layout":"default","site-content-style":"default","site-sidebar-style":"default","ast-global-header-display":"","ast-banner-title-visibility":"","ast-main-header-display":"","ast-hfb-above-header-display":"","ast-hfb-below-header-display":"","ast-hfb-mobile-header-display":"","site-post-title":"","ast-breadcrumbs-content":"","ast-featured-img":"","footer-sml-layout":"","theme-transparent-header-meta":"","adv-header-id-meta":"","stick-header-meta":"","header-above-stick-meta":"","header-main-stick-meta":"","header-below-stick-meta":"","astra-migrate-meta-layouts":"default","ast-page-background-enabled":"default","ast-page-background-meta":{"desktop":{"background-color":"var(--ast-global-color-4)","background-image":"","background-repeat":"repeat","background-position":"center center","background-size":"auto","background-attachment":"scroll","background-type":"","background-media":"","overlay-type":"","overlay-color":"","overlay-opacity":"","overlay-gradient":""},"tablet":{"background-color":"","background-image":"","background-repeat":"repeat","background-position":"center center","background-size":"auto","background-attachment":"scroll","background-type":"","background-media":"","overlay-type":"","overlay-color":"","overlay-opacity":"","overlay-gradient":""},"mobile":{"background-color":"","background-image":"","background-repeat":"repeat","background-position":"center center","background-size":"auto","background-attachment":"scroll","background-type":"","background-media":"","overlay-type":"","overlay-color":"","overlay-opacity":"","overlay-gradient":""}},"ast-content-background-meta":{"desktop":{"background-color":"var(--ast-global-color-5)","background-image":"","background-repeat":"repeat","background-position":"center center","background-size":"auto","background-attachment":"scroll","background-type":"","background-media":"","overlay-type":"","overlay-color":"","overlay-opacity":"","overlay-gradient":""},"tablet":{"background-color":"var(--ast-global-color-5)","background-image":"","background-repeat":"repeat","background-position":"center center","background-size":"auto","background-attachment":"scroll","background-type":"","background-media":"","overlay-type":"","overlay-color":"","overlay-opacity":"","overlay-gradient":""},"mobile":{"background-color":"var(--ast-global-color-5)","background-image":"","background-repeat":"repeat","background-position":"center center","background-size":"auto","background-attachment":"scroll","background-type":"","background-media":"","overlay-type":"","overlay-color":"","overlay-opacity":"","overlay-gradient":""}},"footnotes":""},"categories":[8],"tags":[24208,24207,81],"class_list":["post-72609","post","type-post","status-publish","format-standard","has-post-thumbnail","hentry","category-noticias","tag-medallas-olimpica-paris","tag-olimpiadas-paris-24","tag-torre-eiffel"],"_links":{"self":[{"href":"https:\/\/losperiodistas.com.mx\/portal\/wp-json\/wp\/v2\/posts\/72609","targetHints":{"allow":["GET"]}}],"collection":[{"href":"https:\/\/losperiodistas.com.mx\/portal\/wp-json\/wp\/v2\/posts"}],"about":[{"href":"https:\/\/losperiodistas.com.mx\/portal\/wp-json\/wp\/v2\/types\/post"}],"author":[{"embeddable":true,"href":"https:\/\/losperiodistas.com.mx\/portal\/wp-json\/wp\/v2\/users\/1"}],"replies":[{"embeddable":true,"href":"https:\/\/losperiodistas.com.mx\/portal\/wp-json\/wp\/v2\/comments?post=72609"}],"version-history":[{"count":1,"href":"https:\/\/losperiodistas.com.mx\/portal\/wp-json\/wp\/v2\/posts\/72609\/revisions"}],"predecessor-version":[{"id":72614,"href":"https:\/\/losperiodistas.com.mx\/portal\/wp-json\/wp\/v2\/posts\/72609\/revisions\/72614"}],"wp:featuredmedia":[{"embeddable":true,"href":"https:\/\/losperiodistas.com.mx\/portal\/wp-json\/wp\/v2\/media\/72610"}],"wp:attachment":[{"href":"https:\/\/losperiodistas.com.mx\/portal\/wp-json\/wp\/v2\/media?parent=72609"}],"wp:term":[{"taxonomy":"category","embeddable":true,"href":"https:\/\/losperiodistas.com.mx\/portal\/wp-json\/wp\/v2\/categories?post=72609"},{"taxonomy":"post_tag","embeddable":true,"href":"https:\/\/losperiodistas.com.mx\/portal\/wp-json\/wp\/v2\/tags?post=72609"}],"curies":[{"name":"wp","href":"https:\/\/api.w.org\/{rel}","templated":true}]}}