{"id":72606,"date":"2024-04-18T09:31:07","date_gmt":"2024-04-18T14:31:07","guid":{"rendered":"https:\/\/losperiodistas.com.mx\/portal\/?p=72606"},"modified":"2024-04-18T09:31:09","modified_gmt":"2024-04-18T14:31:09","slug":"mes-y-medio-y-como-siempre-nada-de-sustancia-verificado","status":"publish","type":"post","link":"https:\/\/losperiodistas.com.mx\/portal\/mes-y-medio-y-como-siempre-nada-de-sustancia-verificado\/","title":{"rendered":"Mes y medio y como siempre, nada de sustancia | Verificado"},"content":{"rendered":"\n<p><\/p>\n\n\n\n<figure class=\"wp-block-image\"><img decoding=\"async\" src=\"https:\/\/i0.wp.com\/verificado.com.mx\/wp-content\/uploads\/2024\/04\/cover-editoriales-22.png?resize=1068%2C579&amp;ssl=1\" alt=\"\" title=\"entre periodistas\"\/><\/figure>\n\n\n\n<p><a href=\"https:\/\/verificado.com.mx\/dialogos\/\"><a href=\"https:\/\/verificado.com.mx\/author\/lilianaelosegui\/\">LilianaElosegui<\/a><\/a><\/p>\n\n\n\n<p><a href=\"https:\/\/verificado.com.mx\/dialogos\/\">Entre Periodistas<\/a><\/p>\n\n\n\n<p><strong>Por Andr\u00e9s A. Solis*<\/strong><\/p>\n\n\n\n<p>Este lunes se cumpli\u00f3 la&nbsp;<strong>primera mitad de las campa\u00f1as electorales<\/strong>&nbsp;a nivel federal. La mayor atenci\u00f3n como siempre, est\u00e1 en la competencia por la presidencia de la Rep\u00fablica.<\/p>\n\n\n\n<p>\u00bfQu\u00e9 ha cambiado respecto a otras elecciones?&nbsp;<strong>Pr\u00e1cticamente nada<\/strong>.<\/p>\n\n\n\n<p>La prensa hace&nbsp;<strong>campa\u00f1a velada<\/strong>&nbsp;a la candidata de su preferencia, aunque a veces les traiciona el subconsciente y le dedican a su consentida, primeras planas y fotos tama\u00f1o p\u00f3ster para destacarla por encima del resto.<\/p>\n\n\n\n<p>Lo hacen los medios que&nbsp;<strong>profesan una postura<\/strong>&nbsp;y los medios que est\u00e1n al otro lado de la banqueta.<\/p>\n\n\n\n<p>En medio,<strong>&nbsp;nada de informaci\u00f3n, nada de sustancia, nada de datos duros<\/strong>&nbsp;que confronten la realidad que pretenden hacer m\u00e1s bella las candidatas y el candidato a la Presidencia de la Rep\u00fablica.<\/p>\n\n\n\n<p>Claro, quienes aspiran a presidir el pa\u00eds tampoco han hecho&nbsp;<strong>propuestas concretas<\/strong>&nbsp;de pol\u00edtica p\u00fablica ni proyectos de inversi\u00f3n y gasto para hacer realidad sus listas de buenas intenciones, pero con mayor raz\u00f3n los medios deber\u00edan de estarse ocupando de estos huecos que no llenan.<\/p>\n\n\n\n<p>Por ejemplo.&nbsp;<strong>X\u00f3chitl G\u00e1lvez<\/strong>&nbsp;habla de que todas las polic\u00edas del pa\u00eds ganen por lo menos 20 mil pesos mensuales, pero no ha dicho&nbsp;<strong>c\u00f3mo lo lograr\u00e1<\/strong>. Aqu\u00ed los medios pueden hacer un buen reportaje sobre si es viable o no llegar a este m\u00ednimo en las condiciones en las que se encuentra el pa\u00eds.<\/p>\n\n\n\n<p><strong>Claudia<\/strong>&nbsp;dice que construir\u00e1 preparatorias en todo el pa\u00eds y tampoco dice&nbsp;<strong>de d\u00f3nde saldr\u00e1 el dinero<\/strong>&nbsp;para las obras, el equipamiento o la contrataci\u00f3n de personal docente y administrativo para ello. Aqu\u00ed la prensa puede investigar cu\u00e1nto costar\u00eda eso y tomar como base, por ejemplo, el proyecto de las Universidades del Bienestar.<\/p>\n\n\n\n<p><strong>\u00c1lvarez M\u00e1ynez<\/strong>&nbsp;promete universidad a por lo menos un mill\u00f3n de j\u00f3venes, pero tampoco ha explicado c\u00f3mo, en d\u00f3nde, en qu\u00e9 carreras, si ser\u00e1 en universidades p\u00fablicas o privadas\u2026 y claro, las universidades p\u00fablicas dir\u00e1n \u201cvenga\u201d, pero \u00bfQui\u00e9n va a pagar eso?&nbsp;<strong>\u00bfY sobre esto qu\u00e9 podemos hacer desde la prensa?<\/strong><\/p>\n\n\n\n<p>Mes y medio de campa\u00f1as y hemos tenido la misma mala cobertura period\u00edstica que sigue sin salir de la simple transcripci\u00f3n de malos discursos. Seguramente nada cambiar\u00e1 en el mes y medio que resta.<\/p>\n\n\n\n<p>P.D.De pena ajena, pero no sorprende. Este lunes 15 de abril, el presidente acept\u00f3 y prometi\u00f3 su total apoyo para que M\u00e9xico sea sede un primer congreso, convenci\u00f3n o lo que sea que quieran, pero se reunir\u00e1n<strong>&nbsp;sedicentes periodistas aplaudidores<\/strong>&nbsp;no s\u00f3lo de este gobierno, sino de otros gobiernos de Am\u00e9rica Latina.<\/p>\n\n\n\n<p>Quienes se creen periodistas porque publican lo que piensan (y no lo que investigan) en cualquier plataforma digital, dicen que tendr\u00e1n un&nbsp;<strong>primer encuentro latinoamericano<\/strong>&nbsp;para unir fuerzas contra los embates de los medios conservadores que callan lo que ellos (dicen) valientemente publican para informar a sus pueblos.<\/p>\n\n\n\n<p>Pues as\u00ed\u2026 y nos costar\u00e1 dinero p\u00fablico esa reuni\u00f3n.<\/p>\n\n\n\n<p>*Periodista, (<a href=\"https:\/\/twitter.com\/aasolisa\" target=\"_blank\" rel=\"noreferrer noopener\">@aasolisa<\/a>) autor del \u201cManual de Autoprotecci\u00f3n para Periodistas\u201d y de la \u201cGu\u00eda de buenas pr\u00e1cticas para la cobertura informativa sobre violencia\u201d. Conduce el programa \u201cPeriodismo Hoy\u201d que se transmite los martes a las 13:05 hrs., por Radio Educaci\u00f3n.<\/p>\n\n\n\n<p>Fuente: <a href=\"https:\/\/verificado.com.mx\/mes-y-medio-y-como-siempre-nada-de-sustancia\/\">https:\/\/verificado.com.mx\/mes-y-medio-y-como-siempre-nada-de-sustancia\/<\/a><\/p>\n","protected":false},"excerpt":{"rendered":"<p>LilianaElosegui Entre Periodistas Por Andr\u00e9s A. Solis* Este lunes se cumpli\u00f3 la&nbsp;primera mitad de las campa\u00f1as electorales&nbsp;a nivel federal. La [&hellip;]<\/p>\n","protected":false},"author":1,"featured_media":72607,"comment_status":"open","ping_status":"open","sticky":false,"template":"","format":"standard","meta":{"site-sidebar-layout":"default","site-content-layout":"","ast-site-content-layout":"default","site-content-style":"default","site-sidebar-style":"default","ast-global-header-display":"","ast-banner-title-visibility":"","ast-main-header-display":"","ast-hfb-above-header-display":"","ast-hfb-below-header-display":"","ast-hfb-mobile-header-display":"","site-post-title":"","ast-breadcrumbs-content":"","ast-featured-img":"","footer-sml-layout":"","theme-transparent-header-meta":"","adv-header-id-meta":"","stick-header-meta":"","header-above-stick-meta":"","header-main-stick-meta":"","header-below-stick-meta":"","astra-migrate-meta-layouts":"default","ast-page-background-enabled":"default","ast-page-background-meta":{"desktop":{"background-color":"var(--ast-global-color-4)","background-image":"","background-repeat":"repeat","background-position":"center center","background-size":"auto","background-attachment":"scroll","background-type":"","background-media":"","overlay-type":"","overlay-color":"","overlay-opacity":"","overlay-gradient":""},"tablet":{"background-color":"","background-image":"","background-repeat":"repeat","background-position":"center center","background-size":"auto","background-attachment":"scroll","background-type":"","background-media":"","overlay-type":"","overlay-color":"","overlay-opacity":"","overlay-gradient":""},"mobile":{"background-color":"","background-image":"","background-repeat":"repeat","background-position":"center center","background-size":"auto","background-attachment":"scroll","background-type":"","background-media":"","overlay-type":"","overlay-color":"","overlay-opacity":"","overlay-gradient":""}},"ast-content-background-meta":{"desktop":{"background-color":"var(--ast-global-color-5)","background-image":"","background-repeat":"repeat","background-position":"center center","background-size":"auto","background-attachment":"scroll","background-type":"","background-media":"","overlay-type":"","overlay-color":"","overlay-opacity":"","overlay-gradient":""},"tablet":{"background-color":"var(--ast-global-color-5)","background-image":"","background-repeat":"repeat","background-position":"center center","background-size":"auto","background-attachment":"scroll","background-type":"","background-media":"","overlay-type":"","overlay-color":"","overlay-opacity":"","overlay-gradient":""},"mobile":{"background-color":"var(--ast-global-color-5)","background-image":"","background-repeat":"repeat","background-position":"center center","background-size":"auto","background-attachment":"scroll","background-type":"","background-media":"","overlay-type":"","overlay-color":"","overlay-opacity":"","overlay-gradient":""}},"footnotes":""},"categories":[8],"tags":[24089,24206,17766,24205],"class_list":["post-72606","post","type-post","status-publish","format-standard","has-post-thumbnail","hentry","category-noticias","tag-verificado","tag-andres-a-solis","tag-campanas-presidenciales","tag-contenido-campanas-mexico"],"_links":{"self":[{"href":"https:\/\/losperiodistas.com.mx\/portal\/wp-json\/wp\/v2\/posts\/72606","targetHints":{"allow":["GET"]}}],"collection":[{"href":"https:\/\/losperiodistas.com.mx\/portal\/wp-json\/wp\/v2\/posts"}],"about":[{"href":"https:\/\/losperiodistas.com.mx\/portal\/wp-json\/wp\/v2\/types\/post"}],"author":[{"embeddable":true,"href":"https:\/\/losperiodistas.com.mx\/portal\/wp-json\/wp\/v2\/users\/1"}],"replies":[{"embeddable":true,"href":"https:\/\/losperiodistas.com.mx\/portal\/wp-json\/wp\/v2\/comments?post=72606"}],"version-history":[{"count":1,"href":"https:\/\/losperiodistas.com.mx\/portal\/wp-json\/wp\/v2\/posts\/72606\/revisions"}],"predecessor-version":[{"id":72608,"href":"https:\/\/losperiodistas.com.mx\/portal\/wp-json\/wp\/v2\/posts\/72606\/revisions\/72608"}],"wp:featuredmedia":[{"embeddable":true,"href":"https:\/\/losperiodistas.com.mx\/portal\/wp-json\/wp\/v2\/media\/72607"}],"wp:attachment":[{"href":"https:\/\/losperiodistas.com.mx\/portal\/wp-json\/wp\/v2\/media?parent=72606"}],"wp:term":[{"taxonomy":"category","embeddable":true,"href":"https:\/\/losperiodistas.com.mx\/portal\/wp-json\/wp\/v2\/categories?post=72606"},{"taxonomy":"post_tag","embeddable":true,"href":"https:\/\/losperiodistas.com.mx\/portal\/wp-json\/wp\/v2\/tags?post=72606"}],"curies":[{"name":"wp","href":"https:\/\/api.w.org\/{rel}","templated":true}]}}