{"id":726,"date":"2020-10-31T07:31:16","date_gmt":"2020-10-31T13:31:16","guid":{"rendered":"http:\/\/losperiodistas.com.mx\/portal\/?p=726"},"modified":"2020-10-31T07:31:16","modified_gmt":"2020-10-31T13:31:16","slug":"fallece-a-los-76-anos-el-escritor-espanol-javier-reverte","status":"publish","type":"post","link":"https:\/\/losperiodistas.com.mx\/portal\/fallece-a-los-76-anos-el-escritor-espanol-javier-reverte\/","title":{"rendered":"Fallece a los 76 a\u00f1os el escritor espa\u00f1ol Javier Reverte"},"content":{"rendered":"\n<p style=\"font-size:22px\"><em>La trayectoria del autor estuvo marcada por obras como &#8216;Trilog\u00eda Centroamericana&#8217;, &#8216;La noche detenida&#8217; y &#8216;Todos los sue\u00f1os del mundo&#8217;, entre otras.<\/em><\/p>\n\n\n\n<p><\/p>\n\n\n\n<p class=\"has-vivid-cyan-blue-color has-text-color has-medium-font-size\">RT<\/p>\n\n\n\n<p>El escritor y periodista espa\u00f1ol Javier Mart\u00ednez Reverte, quien firmaba sus obras con su nombre y segundo apellido, ha fallecido este viernes<strong>&nbsp;a los 76 a\u00f1os<\/strong>&nbsp;en la ciudad de Madrid. Su deceso fue&nbsp;<a href=\"https:\/\/www.efe.com\/efe\/espana\/cultura\/fallece-el-escritor-javier-reverte\/10005-4382743\" target=\"_blank\" rel=\"noreferrer noopener\">confirmado<\/a>&nbsp;por fuentes de la familia a Efe.<\/p>\n\n\n\n<p>La trayectoria del autor estuvo marcada por obras como &#8216;Trilog\u00eda Centroamericana&#8217;, &#8216;La noche detenida&#8217; y &#8216;Todos los sue\u00f1os del mundo&#8217;, entre otras.\u00a0Adem\u00e1s, su trabajo literario se caracteriz\u00f3 su\u00a0<strong>narrativa de viajes<\/strong>, incursionando en g\u00e9neros como la novela, la poes\u00eda y el ensayo.<\/p>\n\n\n\n<figure class=\"wp-block-image size-large\"><img fetchpriority=\"high\" decoding=\"async\" width=\"1024\" height=\"402\" src=\"https:\/\/losperiodistas.com.mx\/portal\/wp-content\/uploads\/2020\/10\/Captura-de-Pantalla-2020-10-31-a-las-7.27.54-1024x402.jpg\" alt=\"\" class=\"wp-image-727\" srcset=\"https:\/\/losperiodistas.com.mx\/portal\/wp-content\/uploads\/2020\/10\/Captura-de-Pantalla-2020-10-31-a-las-7.27.54-1024x402.jpg 1024w, https:\/\/losperiodistas.com.mx\/portal\/wp-content\/uploads\/2020\/10\/Captura-de-Pantalla-2020-10-31-a-las-7.27.54-300x118.jpg 300w, https:\/\/losperiodistas.com.mx\/portal\/wp-content\/uploads\/2020\/10\/Captura-de-Pantalla-2020-10-31-a-las-7.27.54-768x301.jpg 768w, https:\/\/losperiodistas.com.mx\/portal\/wp-content\/uploads\/2020\/10\/Captura-de-Pantalla-2020-10-31-a-las-7.27.54.jpg 1096w\" sizes=\"(max-width: 1024px) 100vw, 1024px\" \/><\/figure>\n\n\n\n<p>Varias personas han expresado su pesar en redes sociales. \u00abLo siento mucho. Nos queda su obra, su excelente literatura de viajes, aquella\u00a0<strong>trilog\u00eda maravillosa sobre \u00c1frica<\/strong>. Mi p\u00e9same a su familia y amigos\u00bb, tuite\u00f3 el ministro de Cultura y Deporte de Espa\u00f1a, Jos\u00e9 Manuel Rodr\u00edguez Uribes.<\/p>\n\n\n\n<figure class=\"wp-block-image size-large\"><img decoding=\"async\" width=\"1004\" height=\"1024\" src=\"https:\/\/losperiodistas.com.mx\/portal\/wp-content\/uploads\/2020\/10\/Captura-de-Pantalla-2020-10-31-a-las-7.28.07-1004x1024.jpg\" alt=\"\" class=\"wp-image-728\" srcset=\"https:\/\/losperiodistas.com.mx\/portal\/wp-content\/uploads\/2020\/10\/Captura-de-Pantalla-2020-10-31-a-las-7.28.07-1004x1024.jpg 1004w, https:\/\/losperiodistas.com.mx\/portal\/wp-content\/uploads\/2020\/10\/Captura-de-Pantalla-2020-10-31-a-las-7.28.07-294x300.jpg 294w, https:\/\/losperiodistas.com.mx\/portal\/wp-content\/uploads\/2020\/10\/Captura-de-Pantalla-2020-10-31-a-las-7.28.07-768x783.jpg 768w, https:\/\/losperiodistas.com.mx\/portal\/wp-content\/uploads\/2020\/10\/Captura-de-Pantalla-2020-10-31-a-las-7.28.07.jpg 1096w\" sizes=\"(max-width: 1004px) 100vw, 1004px\" \/><\/figure>\n\n\n\n<p>Por otra parte, Reverte fue\u00a0<strong>corresponsal de prensa<\/strong>\u00a0en Londres, Par\u00eds y Lisboa, durante los a\u00f1os 70 y ejerci\u00f3 el periodismo durante tres d\u00e9cadas. Asimismo, se destac\u00f3 como reportero del programa de actualidad &#8216;En portada&#8217;, transmitido por Televisi\u00f3n Espa\u00f1ola.<\/p>\n\n\n\n<figure class=\"wp-block-image size-large\"><img decoding=\"async\" width=\"918\" height=\"1024\" src=\"https:\/\/losperiodistas.com.mx\/portal\/wp-content\/uploads\/2020\/10\/Captura-de-Pantalla-2020-10-31-a-las-7.28.21-918x1024.jpg\" alt=\"\" class=\"wp-image-729\" srcset=\"https:\/\/losperiodistas.com.mx\/portal\/wp-content\/uploads\/2020\/10\/Captura-de-Pantalla-2020-10-31-a-las-7.28.21-918x1024.jpg 918w, https:\/\/losperiodistas.com.mx\/portal\/wp-content\/uploads\/2020\/10\/Captura-de-Pantalla-2020-10-31-a-las-7.28.21-269x300.jpg 269w, https:\/\/losperiodistas.com.mx\/portal\/wp-content\/uploads\/2020\/10\/Captura-de-Pantalla-2020-10-31-a-las-7.28.21-768x856.jpg 768w, https:\/\/losperiodistas.com.mx\/portal\/wp-content\/uploads\/2020\/10\/Captura-de-Pantalla-2020-10-31-a-las-7.28.21.jpg 1096w\" sizes=\"(max-width: 918px) 100vw, 918px\" \/><\/figure>\n\n\n\n<p>Mart\u00ednez Reverte naci\u00f3 en la capital espa\u00f1ola en\u00a0<strong>1944<\/strong>\u00a0y estudi\u00f3 filosof\u00eda y periodismo. Su legado literario alcanza aproximadamente 50 obras. De momento, no se han revelado las causas de su fallecimiento.<\/p>\n\n\n\n<figure class=\"wp-block-image size-large\"><img loading=\"lazy\" decoding=\"async\" width=\"1024\" height=\"447\" src=\"https:\/\/losperiodistas.com.mx\/portal\/wp-content\/uploads\/2020\/10\/Captura-de-Pantalla-2020-10-31-a-las-7.29.47-1024x447.jpg\" alt=\"\" class=\"wp-image-730\" srcset=\"https:\/\/losperiodistas.com.mx\/portal\/wp-content\/uploads\/2020\/10\/Captura-de-Pantalla-2020-10-31-a-las-7.29.47-1024x447.jpg 1024w, https:\/\/losperiodistas.com.mx\/portal\/wp-content\/uploads\/2020\/10\/Captura-de-Pantalla-2020-10-31-a-las-7.29.47-300x131.jpg 300w, https:\/\/losperiodistas.com.mx\/portal\/wp-content\/uploads\/2020\/10\/Captura-de-Pantalla-2020-10-31-a-las-7.29.47-768x335.jpg 768w, https:\/\/losperiodistas.com.mx\/portal\/wp-content\/uploads\/2020\/10\/Captura-de-Pantalla-2020-10-31-a-las-7.29.47.jpg 1096w\" sizes=\"(max-width: 1024px) 100vw, 1024px\" \/><\/figure>\n","protected":false},"excerpt":{"rendered":"<p>La trayectoria del autor estuvo marcada por obras como &#8216;Trilog\u00eda Centroamericana&#8217;, &#8216;La noche detenida&#8217; y &#8216;Todos los sue\u00f1os del mundo&#8217;, [&hellip;]<\/p>\n","protected":false},"author":1,"featured_media":731,"comment_status":"open","ping_status":"open","sticky":false,"template":"","format":"standard","meta":{"site-sidebar-layout":"default","site-content-layout":"","ast-site-content-layout":"default","site-content-style":"default","site-sidebar-style":"default","ast-global-header-display":"","ast-banner-title-visibility":"","ast-main-header-display":"","ast-hfb-above-header-display":"","ast-hfb-below-header-display":"","ast-hfb-mobile-header-display":"","site-post-title":"","ast-breadcrumbs-content":"","ast-featured-img":"","footer-sml-layout":"","theme-transparent-header-meta":"","adv-header-id-meta":"","stick-header-meta":"","header-above-stick-meta":"","header-main-stick-meta":"","header-below-stick-meta":"","astra-migrate-meta-layouts":"default","ast-page-background-enabled":"default","ast-page-background-meta":{"desktop":{"background-color":"var(--ast-global-color-4)","background-image":"","background-repeat":"repeat","background-position":"center center","background-size":"auto","background-attachment":"scroll","background-type":"","background-media":"","overlay-type":"","overlay-color":"","overlay-opacity":"","overlay-gradient":""},"tablet":{"background-color":"","background-image":"","background-repeat":"repeat","background-position":"center center","background-size":"auto","background-attachment":"scroll","background-type":"","background-media":"","overlay-type":"","overlay-color":"","overlay-opacity":"","overlay-gradient":""},"mobile":{"background-color":"","background-image":"","background-repeat":"repeat","background-position":"center center","background-size":"auto","background-attachment":"scroll","background-type":"","background-media":"","overlay-type":"","overlay-color":"","overlay-opacity":"","overlay-gradient":""}},"ast-content-background-meta":{"desktop":{"background-color":"var(--ast-global-color-5)","background-image":"","background-repeat":"repeat","background-position":"center center","background-size":"auto","background-attachment":"scroll","background-type":"","background-media":"","overlay-type":"","overlay-color":"","overlay-opacity":"","overlay-gradient":""},"tablet":{"background-color":"var(--ast-global-color-5)","background-image":"","background-repeat":"repeat","background-position":"center center","background-size":"auto","background-attachment":"scroll","background-type":"","background-media":"","overlay-type":"","overlay-color":"","overlay-opacity":"","overlay-gradient":""},"mobile":{"background-color":"var(--ast-global-color-5)","background-image":"","background-repeat":"repeat","background-position":"center center","background-size":"auto","background-attachment":"scroll","background-type":"","background-media":"","overlay-type":"","overlay-color":"","overlay-opacity":"","overlay-gradient":""}},"footnotes":""},"categories":[8],"tags":[],"class_list":["post-726","post","type-post","status-publish","format-standard","has-post-thumbnail","hentry","category-noticias"],"_links":{"self":[{"href":"https:\/\/losperiodistas.com.mx\/portal\/wp-json\/wp\/v2\/posts\/726","targetHints":{"allow":["GET"]}}],"collection":[{"href":"https:\/\/losperiodistas.com.mx\/portal\/wp-json\/wp\/v2\/posts"}],"about":[{"href":"https:\/\/losperiodistas.com.mx\/portal\/wp-json\/wp\/v2\/types\/post"}],"author":[{"embeddable":true,"href":"https:\/\/losperiodistas.com.mx\/portal\/wp-json\/wp\/v2\/users\/1"}],"replies":[{"embeddable":true,"href":"https:\/\/losperiodistas.com.mx\/portal\/wp-json\/wp\/v2\/comments?post=726"}],"version-history":[{"count":1,"href":"https:\/\/losperiodistas.com.mx\/portal\/wp-json\/wp\/v2\/posts\/726\/revisions"}],"predecessor-version":[{"id":732,"href":"https:\/\/losperiodistas.com.mx\/portal\/wp-json\/wp\/v2\/posts\/726\/revisions\/732"}],"wp:featuredmedia":[{"embeddable":true,"href":"https:\/\/losperiodistas.com.mx\/portal\/wp-json\/wp\/v2\/media\/731"}],"wp:attachment":[{"href":"https:\/\/losperiodistas.com.mx\/portal\/wp-json\/wp\/v2\/media?parent=726"}],"wp:term":[{"taxonomy":"category","embeddable":true,"href":"https:\/\/losperiodistas.com.mx\/portal\/wp-json\/wp\/v2\/categories?post=726"},{"taxonomy":"post_tag","embeddable":true,"href":"https:\/\/losperiodistas.com.mx\/portal\/wp-json\/wp\/v2\/tags?post=726"}],"curies":[{"name":"wp","href":"https:\/\/api.w.org\/{rel}","templated":true}]}}