{"id":72596,"date":"2024-04-18T08:48:55","date_gmt":"2024-04-18T13:48:55","guid":{"rendered":"https:\/\/losperiodistas.com.mx\/portal\/?p=72596"},"modified":"2024-04-18T08:48:58","modified_gmt":"2024-04-18T13:48:58","slug":"guerrero-comando-irrumpe-en-escuelas-de-coyuca-de-benitez-y-asalta-a-maestros-sdp","status":"publish","type":"post","link":"https:\/\/losperiodistas.com.mx\/portal\/guerrero-comando-irrumpe-en-escuelas-de-coyuca-de-benitez-y-asalta-a-maestros-sdp\/","title":{"rendered":"Guerrero: Comando irrumpe en escuelas de Coyuca de Ben\u00edtez y asalta a maestros | SDP"},"content":{"rendered":"\n<p>La Fiscal\u00eda de Guerrero ya realiza una investigaci\u00f3n por el asalto a maestros en Coyuca de Ben\u00edtez; no hay personas lesionadas<\/p>\n\n\n\n<figure class=\"wp-block-image size-large\"><img fetchpriority=\"high\" decoding=\"async\" width=\"1024\" height=\"579\" src=\"https:\/\/losperiodistas.com.mx\/portal\/wp-content\/uploads\/2024\/04\/Captura-de-Pantalla-2024-04-18-a-las-7.43.25-1024x579.jpg\" alt=\"\" class=\"wp-image-72597\" srcset=\"https:\/\/losperiodistas.com.mx\/portal\/wp-content\/uploads\/2024\/04\/Captura-de-Pantalla-2024-04-18-a-las-7.43.25-1024x579.jpg 1024w, https:\/\/losperiodistas.com.mx\/portal\/wp-content\/uploads\/2024\/04\/Captura-de-Pantalla-2024-04-18-a-las-7.43.25-300x170.jpg 300w, https:\/\/losperiodistas.com.mx\/portal\/wp-content\/uploads\/2024\/04\/Captura-de-Pantalla-2024-04-18-a-las-7.43.25-768x434.jpg 768w, https:\/\/losperiodistas.com.mx\/portal\/wp-content\/uploads\/2024\/04\/Captura-de-Pantalla-2024-04-18-a-las-7.43.25.jpg 1274w\" sizes=\"(max-width: 1024px) 100vw, 1024px\" \/><figcaption><strong>COMANDO ARMADO IRRUMPE EN ESCUELAS DE COYUCA DE BEN\u00cdTEZ Y ASALTA A MAESTROS\u00a0<\/strong> (Especial)<\/figcaption><\/figure>\n\n\n\n<p class=\"has-vivid-red-color has-text-color has-medium-font-size\"><strong><a href=\"https:\/\/www.sdpnoticias.com\/autor\/rodrigo-ek\/\">Rodrigo Ek<\/a> \/ SDP NOTICIAS<\/strong><\/p>\n\n\n\n<p>Un&nbsp;<strong>comando armado<\/strong>&nbsp;irrumpi\u00f3 en tres&nbsp;<strong>escuelas<\/strong>&nbsp;ubicadas en la comunidad \u2018Las Lomitas\u2019, en el municipio de&nbsp;<a href=\"https:\/\/www.sdpnoticias.com\/estados\/guerrero\/temblor-hoy-sismo-de-magnitud-5-sacude-coyuca-de-benitez-y-activo-alerta-sismica-en-la-cdmx\/\" target=\"_blank\" rel=\"noreferrer noopener\"><strong>Coyuca de Ben\u00edtez<\/strong><\/a>, y asalt\u00f3 a los&nbsp;<strong>maestros<\/strong>.<\/p>\n\n\n\n<p>El&nbsp;<strong>asalto a los maestros<\/strong>&nbsp;se registr\u00f3 alrededor de las 09:30 horas de este mi\u00e9rcoles 17 de abril cuando&nbsp;<strong>al menos 20 hombres armados<\/strong>&nbsp;bloquearon los accesos a la comunidad e irrumpieron en los tres planteles escolares.<\/p>\n\n\n\n<p>Las escuelas afectadas fueron:<\/p>\n\n\n\n<ul class=\"wp-block-list\"><li>jard\u00edn de ni\u00f1os Juana de Asbaje<\/li><li>escuela primaria Francisco I. Madero<\/li><li>telesecundaria Juan Ruiz de Alarc\u00f3n<\/li><\/ul>\n\n\n\n<h2 class=\"wp-block-heading\">Maestros en Coyuca de Benitez fueron despejados de sus veh\u00edculos; SNTE pide mayor seguridad<\/h2>\n\n\n\n<p>De acuerdo con los reportes, los&nbsp;<strong>maestros<\/strong>&nbsp;en&nbsp;<strong>Coyuca de Ben\u00edtez<\/strong>&nbsp;fueron despojados de sus&nbsp;<strong>veh\u00edculos, celulares, dinero en efectivo&nbsp;<\/strong>y otras pertenencias tras la irrupci\u00f3n de un&nbsp;<strong>comando armado&nbsp;<\/strong>en las escuelas.<\/p>\n\n\n\n<p>Testigos refirieron que los docentes fueron amenazados para no realizar ninguna denuncia de los hechos.<\/p>\n\n\n\n<p>El asalto fue confirmado por la dirigencia de la secci\u00f3n 14 del&nbsp;<strong>Sindicato Nacional de Trabajadores de la Educaci\u00f3n<\/strong>&nbsp;(<strong>SNTE<\/strong>), instancia que&nbsp;reprob\u00f3 el despojo a los maestros&nbsp;de tres escuelas de educaci\u00f3n b\u00e1sica en Las Lomitas.<\/p>\n\n\n\n<p>A trav\u00e9s de un comunicado, el SNTE hizo un llamado a las autoridades de Guerrero a brindar mayor seguridad a las escuelas, a sus trabajadores, a alumnos y a padres de familia \u201cdise\u00f1ando una estrategia integral de seguridad\u201d.<\/p>\n\n\n\n<p>Por su parte, la\u00a0<strong>Secretar\u00eda de Educaci\u00f3n de Guerrero<\/strong>\u00a0expres\u00f3 su \u201ctotal respaldo\u201d a los maestros de las comunidades \u201cEl Terrero, El Huamuchil, Los Nopales, Huertesillas, Colonia del R\u00edo, El Porvenir y especialmente Las Lomitas y otras localidades del municipio de Coyuca de Ben\u00edtez\u201d, quienes\u00a0<strong>fueron amenazados y<\/strong>\u00a0<strong>despojados<\/strong>\u00a0de sus pertenencias.<\/p>\n\n\n\n<figure class=\"wp-block-image size-large\"><img decoding=\"async\" width=\"1024\" height=\"575\" src=\"https:\/\/losperiodistas.com.mx\/portal\/wp-content\/uploads\/2024\/04\/Captura-de-Pantalla-2024-04-18-a-las-7.45.59-1024x575.jpg\" alt=\"\" class=\"wp-image-72598\" srcset=\"https:\/\/losperiodistas.com.mx\/portal\/wp-content\/uploads\/2024\/04\/Captura-de-Pantalla-2024-04-18-a-las-7.45.59-1024x575.jpg 1024w, https:\/\/losperiodistas.com.mx\/portal\/wp-content\/uploads\/2024\/04\/Captura-de-Pantalla-2024-04-18-a-las-7.45.59-300x169.jpg 300w, https:\/\/losperiodistas.com.mx\/portal\/wp-content\/uploads\/2024\/04\/Captura-de-Pantalla-2024-04-18-a-las-7.45.59-768x432.jpg 768w, https:\/\/losperiodistas.com.mx\/portal\/wp-content\/uploads\/2024\/04\/Captura-de-Pantalla-2024-04-18-a-las-7.45.59.jpg 1274w\" sizes=\"(max-width: 1024px) 100vw, 1024px\" \/><figcaption><strong>COMANDO ARMADO IRRUMPE EN ESCUELAS DE COYUCA DE BEN\u00cdTEZ Y ASALTA A MAESTROS&nbsp;<\/strong>(MEGANOTICIAS \/ X)<\/figcaption><\/figure>\n\n\n\n<h2 class=\"wp-block-heading\">Fiscal\u00eda de Guerrero realiza investigaci\u00f3n por asalto a maestros en Coyuca de Ben\u00edtez; no hay personas lesionadas<\/h2>\n\n\n\n<p>La&nbsp;<strong>Fiscal\u00eda de Guerrero<\/strong>&nbsp;confirm\u00f3 que tras recibir el reporte de la irrupci\u00f3n del&nbsp;<strong>comando armado<\/strong>&nbsp;en&nbsp;<strong>escuelas de Coyuca de Ben\u00edtez<\/strong>&nbsp;sus agentes en coordinaci\u00f3n con otras instancias de seguridad se trasladaron hasta a la zona para comenzar las investigaciones.<\/p>\n\n\n\n<p>Confirm\u00f3 que hasta la noche del mi\u00e9rcoles 17 de abril solo tres maestros hab\u00edan acudido a&nbsp;<strong>denunciar<\/strong>&nbsp;el robo de sus pertenencias, por lo que inici\u00f3 una carpeta de investigaci\u00f3n contra quienes resulten responsables por el&nbsp;<strong>delito de robo de veh\u00edculo.<\/strong><\/p>\n\n\n\n<p>Asimismo, la Fiscal\u00eda de Guerrero indic\u00f3 que por estos hechos&nbsp;<strong>no hay reporte de personas lesionadas<\/strong>.<\/p>\n\n\n\n<p>Tras el asalto a maestros, las autoridades educativas anunciaron la\u00a0<strong>suspensi\u00f3n clases presenciales<\/strong>, por lo que a partir de este jueves las sesiones se realizar\u00e1n de forma virtual.<\/p>\n\n\n\n<p>Fuente: <a href=\"https:\/\/www.sdpnoticias.com\/mexico\/guerrero-comando-irrumpe-en-escuelas-de-coyuca-de-benitez-y-asalta-a-maestros\/\">https:\/\/www.sdpnoticias.com\/mexico\/guerrero-comando-irrumpe-en-escuelas-de-coyuca-de-benitez-y-asalta-a-maestros\/<\/a><\/p>\n","protected":false},"excerpt":{"rendered":"<p>La Fiscal\u00eda de Guerrero ya realiza una investigaci\u00f3n por el asalto a maestros en Coyuca de Ben\u00edtez; no hay personas [&hellip;]<\/p>\n","protected":false},"author":1,"featured_media":72597,"comment_status":"open","ping_status":"open","sticky":false,"template":"","format":"standard","meta":{"site-sidebar-layout":"default","site-content-layout":"","ast-site-content-layout":"default","site-content-style":"default","site-sidebar-style":"default","ast-global-header-display":"","ast-banner-title-visibility":"","ast-main-header-display":"","ast-hfb-above-header-display":"","ast-hfb-below-header-display":"","ast-hfb-mobile-header-display":"","site-post-title":"","ast-breadcrumbs-content":"","ast-featured-img":"","footer-sml-layout":"","theme-transparent-header-meta":"","adv-header-id-meta":"","stick-header-meta":"","header-above-stick-meta":"","header-main-stick-meta":"","header-below-stick-meta":"","astra-migrate-meta-layouts":"default","ast-page-background-enabled":"default","ast-page-background-meta":{"desktop":{"background-color":"var(--ast-global-color-4)","background-image":"","background-repeat":"repeat","background-position":"center center","background-size":"auto","background-attachment":"scroll","background-type":"","background-media":"","overlay-type":"","overlay-color":"","overlay-opacity":"","overlay-gradient":""},"tablet":{"background-color":"","background-image":"","background-repeat":"repeat","background-position":"center center","background-size":"auto","background-attachment":"scroll","background-type":"","background-media":"","overlay-type":"","overlay-color":"","overlay-opacity":"","overlay-gradient":""},"mobile":{"background-color":"","background-image":"","background-repeat":"repeat","background-position":"center center","background-size":"auto","background-attachment":"scroll","background-type":"","background-media":"","overlay-type":"","overlay-color":"","overlay-opacity":"","overlay-gradient":""}},"ast-content-background-meta":{"desktop":{"background-color":"var(--ast-global-color-5)","background-image":"","background-repeat":"repeat","background-position":"center center","background-size":"auto","background-attachment":"scroll","background-type":"","background-media":"","overlay-type":"","overlay-color":"","overlay-opacity":"","overlay-gradient":""},"tablet":{"background-color":"var(--ast-global-color-5)","background-image":"","background-repeat":"repeat","background-position":"center center","background-size":"auto","background-attachment":"scroll","background-type":"","background-media":"","overlay-type":"","overlay-color":"","overlay-opacity":"","overlay-gradient":""},"mobile":{"background-color":"var(--ast-global-color-5)","background-image":"","background-repeat":"repeat","background-position":"center center","background-size":"auto","background-attachment":"scroll","background-type":"","background-media":"","overlay-type":"","overlay-color":"","overlay-opacity":"","overlay-gradient":""}},"footnotes":""},"categories":[8],"tags":[24204,19798,24203,24202],"class_list":["post-72596","post","type-post","status-publish","format-standard","has-post-thumbnail","hentry","category-noticias","tag-comandos-armados","tag-coyuca-de-benitez","tag-escuelas-asaltadas","tag-violencia-guerrro"],"_links":{"self":[{"href":"https:\/\/losperiodistas.com.mx\/portal\/wp-json\/wp\/v2\/posts\/72596","targetHints":{"allow":["GET"]}}],"collection":[{"href":"https:\/\/losperiodistas.com.mx\/portal\/wp-json\/wp\/v2\/posts"}],"about":[{"href":"https:\/\/losperiodistas.com.mx\/portal\/wp-json\/wp\/v2\/types\/post"}],"author":[{"embeddable":true,"href":"https:\/\/losperiodistas.com.mx\/portal\/wp-json\/wp\/v2\/users\/1"}],"replies":[{"embeddable":true,"href":"https:\/\/losperiodistas.com.mx\/portal\/wp-json\/wp\/v2\/comments?post=72596"}],"version-history":[{"count":1,"href":"https:\/\/losperiodistas.com.mx\/portal\/wp-json\/wp\/v2\/posts\/72596\/revisions"}],"predecessor-version":[{"id":72599,"href":"https:\/\/losperiodistas.com.mx\/portal\/wp-json\/wp\/v2\/posts\/72596\/revisions\/72599"}],"wp:featuredmedia":[{"embeddable":true,"href":"https:\/\/losperiodistas.com.mx\/portal\/wp-json\/wp\/v2\/media\/72597"}],"wp:attachment":[{"href":"https:\/\/losperiodistas.com.mx\/portal\/wp-json\/wp\/v2\/media?parent=72596"}],"wp:term":[{"taxonomy":"category","embeddable":true,"href":"https:\/\/losperiodistas.com.mx\/portal\/wp-json\/wp\/v2\/categories?post=72596"},{"taxonomy":"post_tag","embeddable":true,"href":"https:\/\/losperiodistas.com.mx\/portal\/wp-json\/wp\/v2\/tags?post=72596"}],"curies":[{"name":"wp","href":"https:\/\/api.w.org\/{rel}","templated":true}]}}