{"id":72593,"date":"2024-04-18T08:38:57","date_gmt":"2024-04-18T13:38:57","guid":{"rendered":"https:\/\/losperiodistas.com.mx\/portal\/?p=72593"},"modified":"2024-04-18T08:38:59","modified_gmt":"2024-04-18T13:38:59","slug":"dia-internacional-de-los-monumentos-y-sitios-did","status":"publish","type":"post","link":"https:\/\/losperiodistas.com.mx\/portal\/dia-internacional-de-los-monumentos-y-sitios-did\/","title":{"rendered":"D\u00eda Internacional de los Monumentos y Sitios | DID"},"content":{"rendered":"\n<div class=\"wp-block-image\"><figure class=\"alignleft size-full\"><img fetchpriority=\"high\" decoding=\"async\" width=\"305\" height=\"203\" src=\"https:\/\/losperiodistas.com.mx\/portal\/wp-content\/uploads\/2024\/04\/04-18_dia-internacional-de-los-monumentos-y-sitios.jpeg\" alt=\"\" class=\"wp-image-72594\" srcset=\"https:\/\/losperiodistas.com.mx\/portal\/wp-content\/uploads\/2024\/04\/04-18_dia-internacional-de-los-monumentos-y-sitios.jpeg 305w, https:\/\/losperiodistas.com.mx\/portal\/wp-content\/uploads\/2024\/04\/04-18_dia-internacional-de-los-monumentos-y-sitios-300x200.jpeg 300w\" sizes=\"(max-width: 305px) 100vw, 305px\" \/><\/figure><\/div>\n\n\n\n<p><\/p>\n\n\n\n<p class=\"has-vivid-red-color has-text-color has-medium-font-size\"><strong>Redacci\u00f3n D\u00eda Internacional De<\/strong><\/p>\n\n\n\n<p><strong>Desde 1984 se celebra cada 18 de abril el D\u00eda Internacional de los Monumentos y Sitios<\/strong>, una efem\u00e9ride impulsada por el&nbsp;<em>Consejo Internacional de Monumentos y Sitios (ICOMOS)<\/em>, junto con a la aprobaci\u00f3n de la&nbsp;<em>UNESCO<\/em>.<\/p>\n\n\n\n<p>El\u00a0<strong>D\u00eda Internacional de los Monumentos y Sitios<\/strong>, busca sensibilizar y dar a conocer a todas las personas la riqueza que posee la humanidad en cuanto a patrimonios hist\u00f3ricos y fomentar la conservaci\u00f3n y protecci\u00f3n de los mismos.<\/p>\n\n\n\n<figure class=\"wp-block-embed is-type-video is-provider-youtube wp-block-embed-youtube wp-embed-aspect-4-3 wp-has-aspect-ratio\"><div class=\"wp-block-embed__wrapper\">\n<iframe title=\"D\u00cdA INTERNACIONAL de los MONUMENTOS y SITIOS - Noticias al Sur\" width=\"500\" height=\"375\" src=\"https:\/\/www.youtube.com\/embed\/vMXGBoRjTBM?feature=oembed\" frameborder=\"0\" allow=\"accelerometer; autoplay; clipboard-write; encrypted-media; gyroscope; picture-in-picture; web-share\" referrerpolicy=\"strict-origin-when-cross-origin\" allowfullscreen><\/iframe>\n<\/div><\/figure>\n\n\n\n<p><\/p>\n\n\n\n<h2 class=\"wp-block-heading\" id=\"noticia-2024\">D\u00eda Internacional de los Monumentos y Sitios. Lema 2024<\/h2>\n\n\n\n<p>Cada a\u00f1o, el organizador de esta efem\u00e9ride propone un tema para las actividades que organizan sus miembros y socios, as\u00ed como la sociedad en general y todos aquellos que se quieran unir a la celebraci\u00f3n.<\/p>\n\n\n\n<p>El tema para 2024 es:&nbsp;<em><strong>\u00abPatrimonio resiliente ante desastres y conflictos: preparaci\u00f3n, respuesta y recuperaci\u00f3n\u00bb<\/strong><\/em>.<\/p>\n\n\n\n<h2 class=\"wp-block-heading\" id=\"resTit_3\">Hist\u00f3rico de lemas<\/h2>\n\n\n\n<h3 class=\"wp-block-heading\" id=\"resTit_3_1\">Lema 2023<\/h3>\n\n\n\n<p>En 2023, el tema fue&nbsp;<em><strong>\u00abPatrimonio en transformaci\u00f3n\u00bb<\/strong><\/em>.<\/p>\n\n\n\n<h3 class=\"wp-block-heading\" id=\"resTit_3_2\">Lema 2022<\/h3>\n\n\n\n<p>El tema para el D\u00eda Internacional de los Monumentos y Sitios en 2022 fue:&nbsp;<strong>Patrimonio y Clima.<\/strong>&nbsp;Se trata de desarrollar una acci\u00f3n clim\u00e1tica inclusiva que tenga en cuenta la protecci\u00f3n del patrimonio cultural frente a los impactos clim\u00e1ticos adversos.<\/p>\n\n\n\n<h3 class=\"wp-block-heading\" id=\"resTit_3_3\">Lema 2021<\/h3>\n\n\n\n<p>La campa\u00f1a del&nbsp;<strong>D\u00eda Internacional de los Monumentos y Sitios de 2021&nbsp;<\/strong>fue:&nbsp;<em><strong>Pasados complejos, futuros diversos.<\/strong><\/em><\/p>\n\n\n\n<p>Se trataba de mirar atr\u00e1s con un enfoque cr\u00edtico, porque muchas veces se pierden historias, se omiten datos, y hay enfoques muy particulares que tienen privilegio sobre otros.<\/p>\n\n\n\n<p>La Convenci\u00f3n del Patrimonio Mundial (1972) establece que<em>\u00abel deterioro o la desaparici\u00f3n de un bien del patrimonio cultural y natural constituye un empobrecimiento nefasto del patrimonio de todos los pueblos del mundo\u00bb<\/em>.<\/p>\n\n\n\n<h3 class=\"wp-block-heading\" id=\"resTit_3_4\">Lema de 2019<\/h3>\n\n\n\n<p>Para el a\u00f1o 2019, esta festividad se centr\u00f3 en los&nbsp;<strong><em>Paisajes Rurales<\/em><\/strong>&nbsp;y como estos guardan una relaci\u00f3n muy estrecha con las metas de desarrollo sostenible, propuestas por la&nbsp;<em>Organizaci\u00f3n de las Naciones Unidas (ONU)<\/em>.<\/p>\n\n\n\n<p>Los paisajes rurales son todas las \u00e1reas terrestres o acu\u00e1ticas, en las cuales se producen, gracias a la intervenci\u00f3n del hombre y la naturaleza, los recursos necesarios para garantizar la subsistencia de las especies.<\/p>\n\n\n\n<p>En pocas palabras, son todas aquellas zonas donde se cultiva, se cr\u00edan animales para consumo y se extraen recursos para producir bienes necesarios en la vida diaria como textiles, muebles de madera, papel, entre otros.<\/p>\n\n\n\n<figure class=\"wp-block-image\"><img decoding=\"async\" src=\"https:\/\/www.diainternacionalde.com\/imagenes\/dias\/abril\/04-18_dia-internacional-de-los-monumentos-y-sitios_m.jpg\" alt=\"El tema de 2019 es Paisajes Rurales\" title=\"El tema de 2019 es Paisajes Rurales\"\/><figcaption>El tema de 2019 es Paisajes Rurales<\/figcaption><\/figure>\n\n\n\n<p>Todos los paisajes rurales contienen en s\u00ed mismos una acumulaci\u00f3n creciente de patrimonio cultural material e inmaterial, atribuido a ellos por las comunidades que suelen hacer vida en sus l\u00edmites geogr\u00e1ficos.<\/p>\n\n\n\n<p>Cada asentamiento rural cuenta con una serie de costumbres, t\u00e9cnicas y oficios \u00fanicos que han sido legados de generaci\u00f3n en generaci\u00f3n, y gracias a esta herencia en el mundo se puede seguir consumiendo alimentos frescos, visti\u00e9ndose con cultivos de algod\u00f3n o lino y degustando el rico sabor del chocolate, solo por poner algunos ejemplos de la importancia que tienen los paisajes rurales para la sostenibilidad del mundo.<\/p>\n\n\n\n<p>Por otro lado, cada paisaje rural es una muestra de la riqueza biol\u00f3gica de cada zona del planeta, no solo por su belleza y esplendor, sino por la fauna y flora t\u00edpica de la zona, que quiz\u00e1s no pueda proliferar de la misma manera en otras latitudes del mundo, es por ello que se habla de una mezcla entre un patrimonio material e inmaterial, relacionado espec\u00edficamente con cada \u00e1rea rural de cada naci\u00f3n.<\/p>\n\n\n\n<h3 class=\"wp-block-heading\" id=\"resTit_3_5\">Importancia de los paisajes rurales<\/h3>\n\n\n\n<p>La vida rural es uno de los elementos m\u00e1s importantes dentro de la vida moderna, a pesar de que las cifras podr\u00edan evidenciar lo contrario. Ya para el 2017 el 54.82% de la poblaci\u00f3n mundial se hab\u00eda trasladado a las \u00e1reas urbanas y se espera que para el 2050 m\u00e1s del 60% de los habitantes del planeta vivan en las ciudades.<\/p>\n\n\n\n<p>Sin embargo, toda nuestra existencia depende de esa simbiosis que existe entre tierra, hombre y naturaleza.<\/p>\n\n\n\n<p>Las \u00e1reas rurales son las zonas de cultivo de la humanidad, son bastante fr\u00e1giles en cuanto a su aprovechamiento, cultivarlas sin control puede deteriorar la tierra y dejarla inservible. Abandonarlas tambi\u00e9n puede ocasionar estragos tanto en su producci\u00f3n, como en el ecosistema que se ha desarrollado en su entorno.<\/p>\n\n\n\n<p>El planeta est\u00e1 exigiendo menos industrializaci\u00f3n, el cuerpo humano est\u00e1 pidiendo un estilo de vida mucho m\u00e1s org\u00e1nico y las naciones deben contar con un nivel de desarrollo mucho m\u00e1s sostenibles.<\/p>\n\n\n\n<p>Lo queramos o no, el futuro depende de las \u00e1reas rurales existentes, por eso debemos procurar su adecuada explotaci\u00f3n e ir transformando las ciudades en centros ecol\u00f3gicos urbanos.<\/p>\n\n\n\n<h2 class=\"wp-block-heading\" id=\"resTit_4\">\u00bfC\u00f3mo celebrarlo?<\/h2>\n\n\n\n<p>Te invitamos a demostrar tu apoyo a esta causa, compartiendo fotos y opiniones en las redes sociales con los hastags\u00a0<em><strong>#ICOMOS #IDMS2024 #icomosIDMS2024.<\/strong><\/em><\/p>\n\n\n\n<p>Fuente: <a href=\"https:\/\/www.diainternacionalde.com\/ficha\/dia-internacional-de-los-monumentos-y-sitios\">https:\/\/www.diainternacionalde.com\/ficha\/dia-internacional-de-los-monumentos-y-sitios<\/a><\/p>\n","protected":false},"excerpt":{"rendered":"<p>Redacci\u00f3n D\u00eda Internacional De Desde 1984 se celebra cada 18 de abril el D\u00eda Internacional de los Monumentos y Sitios, [&hellip;]<\/p>\n","protected":false},"author":1,"featured_media":72594,"comment_status":"open","ping_status":"open","sticky":false,"template":"","format":"standard","meta":{"site-sidebar-layout":"default","site-content-layout":"","ast-site-content-layout":"default","site-content-style":"default","site-sidebar-style":"default","ast-global-header-display":"","ast-banner-title-visibility":"","ast-main-header-display":"","ast-hfb-above-header-display":"","ast-hfb-below-header-display":"","ast-hfb-mobile-header-display":"","site-post-title":"","ast-breadcrumbs-content":"","ast-featured-img":"","footer-sml-layout":"","theme-transparent-header-meta":"","adv-header-id-meta":"","stick-header-meta":"","header-above-stick-meta":"","header-main-stick-meta":"","header-below-stick-meta":"","astra-migrate-meta-layouts":"default","ast-page-background-enabled":"default","ast-page-background-meta":{"desktop":{"background-color":"var(--ast-global-color-4)","background-image":"","background-repeat":"repeat","background-position":"center center","background-size":"auto","background-attachment":"scroll","background-type":"","background-media":"","overlay-type":"","overlay-color":"","overlay-opacity":"","overlay-gradient":""},"tablet":{"background-color":"","background-image":"","background-repeat":"repeat","background-position":"center center","background-size":"auto","background-attachment":"scroll","background-type":"","background-media":"","overlay-type":"","overlay-color":"","overlay-opacity":"","overlay-gradient":""},"mobile":{"background-color":"","background-image":"","background-repeat":"repeat","background-position":"center center","background-size":"auto","background-attachment":"scroll","background-type":"","background-media":"","overlay-type":"","overlay-color":"","overlay-opacity":"","overlay-gradient":""}},"ast-content-background-meta":{"desktop":{"background-color":"var(--ast-global-color-5)","background-image":"","background-repeat":"repeat","background-position":"center center","background-size":"auto","background-attachment":"scroll","background-type":"","background-media":"","overlay-type":"","overlay-color":"","overlay-opacity":"","overlay-gradient":""},"tablet":{"background-color":"var(--ast-global-color-5)","background-image":"","background-repeat":"repeat","background-position":"center center","background-size":"auto","background-attachment":"scroll","background-type":"","background-media":"","overlay-type":"","overlay-color":"","overlay-opacity":"","overlay-gradient":""},"mobile":{"background-color":"var(--ast-global-color-5)","background-image":"","background-repeat":"repeat","background-position":"center center","background-size":"auto","background-attachment":"scroll","background-type":"","background-media":"","overlay-type":"","overlay-color":"","overlay-opacity":"","overlay-gradient":""}},"footnotes":""},"categories":[8],"tags":[24201,24200,22278,2807],"class_list":["post-72593","post","type-post","status-publish","format-standard","has-post-thumbnail","hentry","category-noticias","tag-icomosidms2024","tag-idms2024","tag-icomos","tag-unesco"],"_links":{"self":[{"href":"https:\/\/losperiodistas.com.mx\/portal\/wp-json\/wp\/v2\/posts\/72593","targetHints":{"allow":["GET"]}}],"collection":[{"href":"https:\/\/losperiodistas.com.mx\/portal\/wp-json\/wp\/v2\/posts"}],"about":[{"href":"https:\/\/losperiodistas.com.mx\/portal\/wp-json\/wp\/v2\/types\/post"}],"author":[{"embeddable":true,"href":"https:\/\/losperiodistas.com.mx\/portal\/wp-json\/wp\/v2\/users\/1"}],"replies":[{"embeddable":true,"href":"https:\/\/losperiodistas.com.mx\/portal\/wp-json\/wp\/v2\/comments?post=72593"}],"version-history":[{"count":1,"href":"https:\/\/losperiodistas.com.mx\/portal\/wp-json\/wp\/v2\/posts\/72593\/revisions"}],"predecessor-version":[{"id":72595,"href":"https:\/\/losperiodistas.com.mx\/portal\/wp-json\/wp\/v2\/posts\/72593\/revisions\/72595"}],"wp:featuredmedia":[{"embeddable":true,"href":"https:\/\/losperiodistas.com.mx\/portal\/wp-json\/wp\/v2\/media\/72594"}],"wp:attachment":[{"href":"https:\/\/losperiodistas.com.mx\/portal\/wp-json\/wp\/v2\/media?parent=72593"}],"wp:term":[{"taxonomy":"category","embeddable":true,"href":"https:\/\/losperiodistas.com.mx\/portal\/wp-json\/wp\/v2\/categories?post=72593"},{"taxonomy":"post_tag","embeddable":true,"href":"https:\/\/losperiodistas.com.mx\/portal\/wp-json\/wp\/v2\/tags?post=72593"}],"curies":[{"name":"wp","href":"https:\/\/api.w.org\/{rel}","templated":true}]}}