{"id":72587,"date":"2024-04-18T08:24:36","date_gmt":"2024-04-18T13:24:36","guid":{"rendered":"https:\/\/losperiodistas.com.mx\/portal\/?p=72587"},"modified":"2024-04-18T08:24:38","modified_gmt":"2024-04-18T13:24:38","slug":"inauguran-exposicion-de-la-2a-edicion-de-rehabilita-habita-nuevas-perspectivas-para-el-centro-historico-de-puebla-momento-diario","status":"publish","type":"post","link":"https:\/\/losperiodistas.com.mx\/portal\/inauguran-exposicion-de-la-2a-edicion-de-rehabilita-habita-nuevas-perspectivas-para-el-centro-historico-de-puebla-momento-diario\/","title":{"rendered":"Inauguran exposici\u00f3n de la 2\u00aa edici\u00f3n de \u00abRehabilita &#038; Habita. Nuevas perspectivas para el Centro Hist\u00f3rico de Puebla\u201d | Momento Diario"},"content":{"rendered":"\n<figure class=\"wp-block-image size-full\"><img fetchpriority=\"high\" decoding=\"async\" width=\"750\" height=\"375\" src=\"https:\/\/losperiodistas.com.mx\/portal\/wp-content\/uploads\/2024\/04\/WhatsApp-Image-2024-04-17-at-12.52.23-2-750x375-1.jpeg\" alt=\"\" class=\"wp-image-72588\" srcset=\"https:\/\/losperiodistas.com.mx\/portal\/wp-content\/uploads\/2024\/04\/WhatsApp-Image-2024-04-17-at-12.52.23-2-750x375-1.jpeg 750w, https:\/\/losperiodistas.com.mx\/portal\/wp-content\/uploads\/2024\/04\/WhatsApp-Image-2024-04-17-at-12.52.23-2-750x375-1-300x150.jpeg 300w\" sizes=\"(max-width: 750px) 100vw, 750px\" \/><\/figure>\n\n\n\n<p><\/p>\n\n\n\n<p class=\"has-vivid-red-color has-text-color has-medium-font-size\"><strong>REDACCI\u00d3N MOMENTO DIARIO<\/strong><a href=\"https:\/\/www.diariomomento.com\/wp-content\/uploads\/2024\/04\/WhatsApp-Image-2024-04-17-at-12.52.23-2.jpeg\"><\/a><\/p>\n\n\n\n<p>El Gobierno Municipal informa sobre la inauguraci\u00f3n de la exposici\u00f3n temporal de los 12 proyectos ganadores de la 2\u00aa edici\u00f3n de \u00abRehabilita &amp; Habita. Nuevas perspectivas para el Centro Hist\u00f3rico de Puebla\u201d, misma que cont\u00f3 con la colaboraci\u00f3n con la Direcci\u00f3n de Patrimonio Mundial del Instituto Nacional de Antropolog\u00eda e Historia (INAH), la Fundaci\u00f3n Amparo I.A.P., el Museo Amparo y el Colegio de Arquitectos de Puebla A.C.<\/p>\n\n\n\n<p>Esta exhibici\u00f3n es el resultado del trabajo realizado por profesionistas y estudiantes poblanos de las \u00e1reas de arquitectura, urbanismo y dise\u00f1o, que participaron durante el 2023 en el concurso de ideas \u201cRehabilita &amp; Habita\u201d, una plataforma que promueve desde 2022 la creaci\u00f3n de proyectos conceptuales sobre nuevas formas de dise\u00f1ar y habitar el Centro Hist\u00f3rico, adem\u00e1s de conservar el Patrimonio Cultural de la ciudad.<\/p>\n\n\n\n<p>Durante la inauguraci\u00f3n de esta exposici\u00f3n, estuvieron presentes los ganadores del concurso, Anah\u00ed Demetrio Gallegos \u20133er lugar de la categor\u00eda de \u201cEspacio P\u00fablico\u201d, modalidad \u201cEstudiantes\u201d\u2013 y Rub\u00e9n Olvera Meneses \u20131er lugar de en la categor\u00eda de \u201cVivienda\u201d, modalidad \u201cProfesionistas\u201d.<\/p>\n\n\n\n<p>Esta muestra se present\u00f3 en el marco del 493\u00b0 Aniversario de la Fundaci\u00f3n de la Ciudad de Puebla y permanecer\u00e1 abierta al p\u00fablico en las instalaciones del Colegio de Ingenieros Civiles del Estado de Puebla, A.C. (CICEPAC) hasta el 24 de abril de 2024, con un horario de visita de lunes a viernes de 10:00 a 18:00 horas, con entrada libre.<\/p>\n\n\n\n<p>Fuente: <a href=\"https:\/\/www.diariomomento.com\/inauguran-exposicion-de-la-2a-edicion-de-rehabilita-habita-nuevas-perspectivas-para-el-centro-historico-de-puebla\/\">https:\/\/www.diariomomento.com\/inauguran-exposicion-de-la-2a-edicion-de-rehabilita-habita-nuevas-perspectivas-para-el-centro-historico-de-puebla\/<\/a><\/p>\n","protected":false},"excerpt":{"rendered":"<p>REDACCI\u00d3N MOMENTO DIARIO El Gobierno Municipal informa sobre la inauguraci\u00f3n de la exposici\u00f3n temporal de los 12 proyectos ganadores de [&hellip;]<\/p>\n","protected":false},"author":1,"featured_media":72588,"comment_status":"open","ping_status":"open","sticky":false,"template":"","format":"standard","meta":{"site-sidebar-layout":"default","site-content-layout":"","ast-site-content-layout":"default","site-content-style":"default","site-sidebar-style":"default","ast-global-header-display":"","ast-banner-title-visibility":"","ast-main-header-display":"","ast-hfb-above-header-display":"","ast-hfb-below-header-display":"","ast-hfb-mobile-header-display":"","site-post-title":"","ast-breadcrumbs-content":"","ast-featured-img":"","footer-sml-layout":"","theme-transparent-header-meta":"","adv-header-id-meta":"","stick-header-meta":"","header-above-stick-meta":"","header-main-stick-meta":"","header-below-stick-meta":"","astra-migrate-meta-layouts":"default","ast-page-background-enabled":"default","ast-page-background-meta":{"desktop":{"background-color":"var(--ast-global-color-4)","background-image":"","background-repeat":"repeat","background-position":"center center","background-size":"auto","background-attachment":"scroll","background-type":"","background-media":"","overlay-type":"","overlay-color":"","overlay-opacity":"","overlay-gradient":""},"tablet":{"background-color":"","background-image":"","background-repeat":"repeat","background-position":"center center","background-size":"auto","background-attachment":"scroll","background-type":"","background-media":"","overlay-type":"","overlay-color":"","overlay-opacity":"","overlay-gradient":""},"mobile":{"background-color":"","background-image":"","background-repeat":"repeat","background-position":"center center","background-size":"auto","background-attachment":"scroll","background-type":"","background-media":"","overlay-type":"","overlay-color":"","overlay-opacity":"","overlay-gradient":""}},"ast-content-background-meta":{"desktop":{"background-color":"var(--ast-global-color-5)","background-image":"","background-repeat":"repeat","background-position":"center center","background-size":"auto","background-attachment":"scroll","background-type":"","background-media":"","overlay-type":"","overlay-color":"","overlay-opacity":"","overlay-gradient":""},"tablet":{"background-color":"var(--ast-global-color-5)","background-image":"","background-repeat":"repeat","background-position":"center center","background-size":"auto","background-attachment":"scroll","background-type":"","background-media":"","overlay-type":"","overlay-color":"","overlay-opacity":"","overlay-gradient":""},"mobile":{"background-color":"var(--ast-global-color-5)","background-image":"","background-repeat":"repeat","background-position":"center center","background-size":"auto","background-attachment":"scroll","background-type":"","background-media":"","overlay-type":"","overlay-color":"","overlay-opacity":"","overlay-gradient":""}},"footnotes":""},"categories":[8],"tags":[4243,24199,24198],"class_list":["post-72587","post","type-post","status-publish","format-standard","has-post-thumbnail","hentry","category-noticias","tag-centro-historico","tag-habitar-centro-historico","tag-rehabilitacion"],"_links":{"self":[{"href":"https:\/\/losperiodistas.com.mx\/portal\/wp-json\/wp\/v2\/posts\/72587","targetHints":{"allow":["GET"]}}],"collection":[{"href":"https:\/\/losperiodistas.com.mx\/portal\/wp-json\/wp\/v2\/posts"}],"about":[{"href":"https:\/\/losperiodistas.com.mx\/portal\/wp-json\/wp\/v2\/types\/post"}],"author":[{"embeddable":true,"href":"https:\/\/losperiodistas.com.mx\/portal\/wp-json\/wp\/v2\/users\/1"}],"replies":[{"embeddable":true,"href":"https:\/\/losperiodistas.com.mx\/portal\/wp-json\/wp\/v2\/comments?post=72587"}],"version-history":[{"count":1,"href":"https:\/\/losperiodistas.com.mx\/portal\/wp-json\/wp\/v2\/posts\/72587\/revisions"}],"predecessor-version":[{"id":72589,"href":"https:\/\/losperiodistas.com.mx\/portal\/wp-json\/wp\/v2\/posts\/72587\/revisions\/72589"}],"wp:featuredmedia":[{"embeddable":true,"href":"https:\/\/losperiodistas.com.mx\/portal\/wp-json\/wp\/v2\/media\/72588"}],"wp:attachment":[{"href":"https:\/\/losperiodistas.com.mx\/portal\/wp-json\/wp\/v2\/media?parent=72587"}],"wp:term":[{"taxonomy":"category","embeddable":true,"href":"https:\/\/losperiodistas.com.mx\/portal\/wp-json\/wp\/v2\/categories?post=72587"},{"taxonomy":"post_tag","embeddable":true,"href":"https:\/\/losperiodistas.com.mx\/portal\/wp-json\/wp\/v2\/tags?post=72587"}],"curies":[{"name":"wp","href":"https:\/\/api.w.org\/{rel}","templated":true}]}}