{"id":72374,"date":"2024-04-14T12:14:47","date_gmt":"2024-04-14T17:14:47","guid":{"rendered":"https:\/\/losperiodistas.com.mx\/portal\/?p=72374"},"modified":"2024-04-14T12:14:49","modified_gmt":"2024-04-14T17:14:49","slug":"muere-roberto-cavalli-asi-elevo-el-maximalismo-y-el-hedonismo-italiano-a-la-enesima-potencia-yo-dona","status":"publish","type":"post","link":"https:\/\/losperiodistas.com.mx\/portal\/muere-roberto-cavalli-asi-elevo-el-maximalismo-y-el-hedonismo-italiano-a-la-enesima-potencia-yo-dona\/","title":{"rendered":"Muere Roberto Cavalli: as\u00ed elev\u00f3 el maximalismo y el hedonismo italiano a la en\u00e9sima potencia  | Yo Dona"},"content":{"rendered":"\n<p class=\"has-background has-medium-font-size\" style=\"background-color:#3baef1\">El fallecido dise\u00f1ador dio durante toda su vida profesional una lecci\u00f3n sobre c\u00f3mo no todas las mujeres quer\u00edan ser delicadas y refinadas: sus obras eran para las que encontraban en la\u00a0<strong>exuberancia\u00a0<\/strong>su raz\u00f3n de ser.<\/p>\n\n\n\n<figure class=\"wp-block-image size-large\"><img fetchpriority=\"high\" decoding=\"async\" width=\"681\" height=\"1024\" src=\"https:\/\/losperiodistas.com.mx\/portal\/wp-content\/uploads\/2024\/04\/16584884969433-681x1024.jpg\" alt=\"\" class=\"wp-image-72375\" srcset=\"https:\/\/losperiodistas.com.mx\/portal\/wp-content\/uploads\/2024\/04\/16584884969433-681x1024.jpg 681w, https:\/\/losperiodistas.com.mx\/portal\/wp-content\/uploads\/2024\/04\/16584884969433-200x300.jpg 200w, https:\/\/losperiodistas.com.mx\/portal\/wp-content\/uploads\/2024\/04\/16584884969433-768x1155.jpg 768w, https:\/\/losperiodistas.com.mx\/portal\/wp-content\/uploads\/2024\/04\/16584884969433-1022x1536.jpg 1022w, https:\/\/losperiodistas.com.mx\/portal\/wp-content\/uploads\/2024\/04\/16584884969433.jpg 1200w\" sizes=\"(max-width: 681px) 100vw, 681px\" \/><figcaption><strong>Getty Images<\/strong><\/figcaption><\/figure>\n\n\n\n<ul class=\"has-vivid-red-color has-text-color has-medium-font-size wp-block-list\"><li><a href=\"https:\/\/www.elmundo.es\/autor\/maria-jose-perez.html\"><strong>MAR\u00cdA JOS\u00c9 P\u00c9REZ M\u00c9NDEZ \/ YO DONA<\/strong><\/a><\/li><\/ul>\n\n\n\n<p class=\"has-drop-cap\">El dise\u00f1ador de moda italiano Roberto Cavalli ha muerto este viernes\u00a0<strong>en Florencia a los 83 a\u00f1os<\/strong>\u00a0tras una\u00a0<strong>larga enfermedad<\/strong>, seg\u00fan han confirmado medios italianos. En el momento del fallecimiento se encontraba junto a su pareja desde hace 15 a\u00f1os, la modelo sueca Sandra Nilsson, madre de su sexo hijo. El\u00a0<a href=\"https:\/\/www.elmundo.es\/loc\/celebrities\/2023\/03\/08\/6408915b21efa05a5d8b45bd.html\">peque\u00f1o acaba de cumplir un a\u00f1o de edad.<\/a><\/p>\n\n\n\n<p>No le gustaba que le definiesen como dise\u00f1ador, sino como un&nbsp;<strong>artista de las telas<\/strong>.&nbsp;<strong>Roberto Cavalli<\/strong>&nbsp;(Florencia, 1940) lo era, sobre todo en lo que a estampaci\u00f3n se refiere: pensar en su historia y en su firma es exponerse a una&nbsp;<strong>vor\u00e1gine de colores y &#8216;prints&#8217;<\/strong>&nbsp;en los que destaca, con permiso de la amalgama de flores y dibujos abstractos, los de<strong>&nbsp;inspiraci\u00f3n animal<\/strong>. Esa es una de las palabras que define el legado del italiano:&nbsp;<strong>animal<\/strong>.&nbsp;<strong>Visceral<\/strong>. Fuerte.&nbsp;<strong>Exuberante<\/strong>. Porque no todas las mujeres han querido ser siempre delicadas y rom\u00e1nticas: las hay quienes tienen el exceso y el maximalismo como su estilo de cabecera. Y para ellas,<strong>&nbsp;Cavalli fue una respuesta salvaje y rotunda para sus deseos.<\/strong><\/p>\n\n\n\n<p>Naci\u00f3 dentro de una&nbsp;<strong>familia aristocr\u00e1tica<\/strong>, con<strong>&nbsp;un abuelo pintor<\/strong>&nbsp;muy reputado y adscrito al movimiento art\u00edstico de los Macchiaioli (ten\u00eda como objetivo renovar la cultura pict\u00f3rica nacional, a pesar de surgir en Florencia) y un&nbsp;<strong>padre sastre<\/strong>&nbsp;del que, por desgracia, no pudo disfrutar mucho, ya que&nbsp;<strong>fue ejecutado a manos de soldados alemanes cuando Roberto Cavalli solo ten\u00eda tres a\u00f1os<\/strong>. Una tragedia que marc\u00f3 su vida de manera irremediable, como \u00e9l mismo cont\u00f3 cuando se public\u00f3 su biograf\u00eda:&nbsp;<strong>\u00abA menudo me encuentro pensando en mi padre y en c\u00f3mo mi vida podr\u00eda haber sido diferente si no lo hubiesen matado cuando yo era un ni\u00f1o&#8230; Si hubiese estado a mi lado&#8230; Qui\u00e9n sabe\u00bb<\/strong>. Quiz\u00e1s por eso, tanto el recuerdo de su padre como la impronta de su abuelo, el florentino termin\u00f3 apunt\u00e1ndose a la<strong>&nbsp;Academia de Bellas Artes<\/strong>&nbsp;de su ciudad natal para explorar las&nbsp;<strong>posibilidades de la pintura&#8230; sobre la tela.<\/strong>&nbsp;La fusi\u00f3n de dos universos.<\/p>\n\n\n\n<figure class=\"wp-block-image\"><img decoding=\"async\" src=\"https:\/\/e00-elmundo.uecdn.es\/assets\/multimedia\/imagenes\/2022\/07\/22\/16584884958852.jpg\" alt=\"\"\/><figcaption><strong>Getty Images<\/strong><\/figcaption><\/figure>\n\n\n\n<p>Dice el mito que sus primeros experimentos con las estampaciones en piel comenzaron en una mesa de pimp\u00f3n de&nbsp;<strong>la escuela en la que se matricul\u00f3 en 1957<\/strong>; particular laboratorio que le hicieron despertar su pasi\u00f3n por los tejidos y su tratamiento pict\u00f3rico. La creatividad de su familia encontraba en ese ambiente el catalizador perfecto. Por eso solo tuvieron que pasar&nbsp;<strong>tres a\u00f1os para que fundase su propia firma<\/strong>, aunque hubo que esperar una d\u00e9cada para que sus colecciones se presentasen de manera consistente. Vali\u00f3 la pena, dado que hizo de los&nbsp;<strong>patchworks de piel&nbsp;<\/strong>una norma revitalizante sobre la pasarela.<\/p>\n\n\n\n<p><strong>Los a\u00f1os 80 supusieron un curioso par\u00e9ntesis en el trabajo de Cavalli.<\/strong>&nbsp;Si bien su est\u00e9tica podr\u00eda haber encajado a la perfecci\u00f3n dentro del maximalismo de la \u00e9poca, estuvo alejado de las pasarelas durante esa etapa, en la que se cas\u00f3 con su segunda esposa,&nbsp;<strong>Eva D\u00fcringer,<\/strong>&nbsp;con quien tuvo tres hijos. Dicen que ella fue una ayuda fundamental para que Cavalli pudiese reinventarse durante esos a\u00f1os y hacer que&nbsp;<strong>su regreso en 1994<\/strong>&nbsp;fuese celebrado por todo lo alto:&nbsp;<strong>el hueco para las creaciones que explotaban de una manera tan visual y colorida el sexy hab\u00eda estado vac\u00edo.&nbsp;<\/strong>Con el regreso del florentino, se llenaba de un modo que, a veces, rozaba esa excentricidad hipn\u00f3tica que tan bien encaja con la industria de la moda.<\/p>\n\n\n\n<figure class=\"wp-block-image\"><img decoding=\"async\" src=\"https:\/\/e00-elmundo.uecdn.es\/assets\/multimedia\/imagenes\/2022\/07\/22\/16584884972122.jpg\" alt=\"\"\/><figcaption><strong>Getty Images<\/strong><\/figcaption><\/figure>\n\n\n\n<p>Esa&nbsp;<strong>singularidad&nbsp;<\/strong>lo ha acompa\u00f1ado a lo largo de toda su vida, tambi\u00e9n de la&nbsp;<strong>personal<\/strong>, donde lleg\u00f3 a tener incluso&nbsp;<a href=\"https:\/\/www.elmundo.es\/yodona\/celebrities\/2018\/11\/22\/5bf6aa6e268e3e67578b45fb.html\"><u>alguna salida de tono a nivel p\u00fablico<\/u><\/a>. Era parte de lo que lo hac\u00eda ser, precisamente, Roberto Cavalli:&nbsp;<strong>nada de medias tintas, nada de ser comedido. O todo, o nada.<\/strong><\/p>\n\n\n\n<p>Ese magnetismo fue el que atrajo a muchas divas de la m\u00fasica, como<strong>&nbsp;Beyonc\u00e9, las Spice Girls (Victoria Beckham particip\u00f3 en un desfile en 2006), Christina Aguilera, Jennifer Lopez&#8230;&nbsp;<\/strong>Todas quer\u00edan vestir de Cavalli, porque todas quer\u00edan sentirse mujeres Cavalli: fuertes, empoderadas, sexys.<\/p>\n\n\n\n<p>En los&nbsp;<strong>2000<\/strong>, como muchas de las marcas de lujo internacionales, la firma se embarc\u00f3 en una globalizaci\u00f3n que implicaba&nbsp;<strong>l\u00edneas secundarias y licencias.<\/strong>&nbsp;Sin embargo, los problemas financieros terminaron llegando a casa y<strong>&nbsp;en 2015, Roberto Cavalli dej\u00f3 el 90% de la compa\u00f1\u00eda en manos de un fondo y se retir\u00f3 de la primera l\u00ednea<\/strong>, para dar paso a otros nombres y directores creativos, hasta llegar a&nbsp;<a href=\"https:\/\/www.elmundo.es\/yodona\/moda\/2022\/02\/28\/621b9fa6e4d4d8ab718b45b9.html\"><u>Fausto Puglisi<\/u><\/a>.<\/p>\n\n\n\n<figure class=\"wp-block-image\"><img decoding=\"async\" src=\"https:\/\/e00-elmundo.uecdn.es\/assets\/multimedia\/imagenes\/2022\/07\/22\/16584884957026.jpg\" alt=\"\"\/><figcaption><strong>Getty Images<\/strong><\/figcaption><\/figure>\n\n\n\n<p>Aunque cada vez publicaba con menor asiduidad,\u00a0<a href=\"https:\/\/www.instagram.com\/robertocavalli\/?hl=es\"><u>Roberto Cavalli se ha mantenido activo en las redes sociales de manera personal<\/u><\/a>\u00a0compartiendo parte de todo su universo, incluidos algunos recuerdos de moda que ponen de relieve cu\u00e1l era su est\u00e9tica:<strong>\u00a0vestidos epatantes con estampados sorprendentes.<\/strong>\u00a0Piezas para ser miradas y disfrutadas, haciendo honor al\u00a0<strong>hedonismo galopante<\/strong>\u00a0que ha acompa\u00f1ado al dise\u00f1ador hasta sus \u00faltimos d\u00edas.<\/p>\n\n\n\n<p>Fuente: <a href=\"https:\/\/www.elmundo.es\/yodona\/moda\/2024\/04\/12\/62da86bbfdddfff8038b457f.html\">https:\/\/www.elmundo.es\/yodona\/moda\/2024\/04\/12\/62da86bbfdddfff8038b457f.html<\/a><\/p>\n","protected":false},"excerpt":{"rendered":"<p>El fallecido dise\u00f1ador dio durante toda su vida profesional una lecci\u00f3n sobre c\u00f3mo no todas las mujeres quer\u00edan ser delicadas [&hellip;]<\/p>\n","protected":false},"author":1,"featured_media":72375,"comment_status":"open","ping_status":"open","sticky":false,"template":"","format":"standard","meta":{"site-sidebar-layout":"default","site-content-layout":"","ast-site-content-layout":"default","site-content-style":"default","site-sidebar-style":"default","ast-global-header-display":"","ast-banner-title-visibility":"","ast-main-header-display":"","ast-hfb-above-header-display":"","ast-hfb-below-header-display":"","ast-hfb-mobile-header-display":"","site-post-title":"","ast-breadcrumbs-content":"","ast-featured-img":"","footer-sml-layout":"","theme-transparent-header-meta":"","adv-header-id-meta":"","stick-header-meta":"","header-above-stick-meta":"","header-main-stick-meta":"","header-below-stick-meta":"","astra-migrate-meta-layouts":"default","ast-page-background-enabled":"default","ast-page-background-meta":{"desktop":{"background-color":"var(--ast-global-color-4)","background-image":"","background-repeat":"repeat","background-position":"center center","background-size":"auto","background-attachment":"scroll","background-type":"","background-media":"","overlay-type":"","overlay-color":"","overlay-opacity":"","overlay-gradient":""},"tablet":{"background-color":"","background-image":"","background-repeat":"repeat","background-position":"center center","background-size":"auto","background-attachment":"scroll","background-type":"","background-media":"","overlay-type":"","overlay-color":"","overlay-opacity":"","overlay-gradient":""},"mobile":{"background-color":"","background-image":"","background-repeat":"repeat","background-position":"center center","background-size":"auto","background-attachment":"scroll","background-type":"","background-media":"","overlay-type":"","overlay-color":"","overlay-opacity":"","overlay-gradient":""}},"ast-content-background-meta":{"desktop":{"background-color":"var(--ast-global-color-5)","background-image":"","background-repeat":"repeat","background-position":"center center","background-size":"auto","background-attachment":"scroll","background-type":"","background-media":"","overlay-type":"","overlay-color":"","overlay-opacity":"","overlay-gradient":""},"tablet":{"background-color":"var(--ast-global-color-5)","background-image":"","background-repeat":"repeat","background-position":"center center","background-size":"auto","background-attachment":"scroll","background-type":"","background-media":"","overlay-type":"","overlay-color":"","overlay-opacity":"","overlay-gradient":""},"mobile":{"background-color":"var(--ast-global-color-5)","background-image":"","background-repeat":"repeat","background-position":"center center","background-size":"auto","background-attachment":"scroll","background-type":"","background-media":"","overlay-type":"","overlay-color":"","overlay-opacity":"","overlay-gradient":""}},"footnotes":""},"categories":[8],"tags":[24127,12545,2163,24126],"class_list":["post-72374","post","type-post","status-publish","format-standard","has-post-thumbnail","hentry","category-noticias","tag-disenadores-italianos","tag-hedonismo","tag-moda","tag-roberto-cavalli"],"_links":{"self":[{"href":"https:\/\/losperiodistas.com.mx\/portal\/wp-json\/wp\/v2\/posts\/72374","targetHints":{"allow":["GET"]}}],"collection":[{"href":"https:\/\/losperiodistas.com.mx\/portal\/wp-json\/wp\/v2\/posts"}],"about":[{"href":"https:\/\/losperiodistas.com.mx\/portal\/wp-json\/wp\/v2\/types\/post"}],"author":[{"embeddable":true,"href":"https:\/\/losperiodistas.com.mx\/portal\/wp-json\/wp\/v2\/users\/1"}],"replies":[{"embeddable":true,"href":"https:\/\/losperiodistas.com.mx\/portal\/wp-json\/wp\/v2\/comments?post=72374"}],"version-history":[{"count":1,"href":"https:\/\/losperiodistas.com.mx\/portal\/wp-json\/wp\/v2\/posts\/72374\/revisions"}],"predecessor-version":[{"id":72376,"href":"https:\/\/losperiodistas.com.mx\/portal\/wp-json\/wp\/v2\/posts\/72374\/revisions\/72376"}],"wp:featuredmedia":[{"embeddable":true,"href":"https:\/\/losperiodistas.com.mx\/portal\/wp-json\/wp\/v2\/media\/72375"}],"wp:attachment":[{"href":"https:\/\/losperiodistas.com.mx\/portal\/wp-json\/wp\/v2\/media?parent=72374"}],"wp:term":[{"taxonomy":"category","embeddable":true,"href":"https:\/\/losperiodistas.com.mx\/portal\/wp-json\/wp\/v2\/categories?post=72374"},{"taxonomy":"post_tag","embeddable":true,"href":"https:\/\/losperiodistas.com.mx\/portal\/wp-json\/wp\/v2\/tags?post=72374"}],"curies":[{"name":"wp","href":"https:\/\/api.w.org\/{rel}","templated":true}]}}