{"id":72365,"date":"2024-04-14T06:54:59","date_gmt":"2024-04-14T11:54:59","guid":{"rendered":"https:\/\/losperiodistas.com.mx\/portal\/?p=72365"},"modified":"2024-04-14T06:55:01","modified_gmt":"2024-04-14T11:55:01","slug":"dia-de-las-americas-did","status":"publish","type":"post","link":"https:\/\/losperiodistas.com.mx\/portal\/dia-de-las-americas-did\/","title":{"rendered":"D\u00eda de las Am\u00e9ricas | DID"},"content":{"rendered":"\n<div class=\"wp-block-image\"><figure class=\"alignleft size-full\"><img fetchpriority=\"high\" decoding=\"async\" width=\"305\" height=\"229\" src=\"https:\/\/losperiodistas.com.mx\/portal\/wp-content\/uploads\/2024\/04\/04-14_dia-de-las-americas.jpeg\" alt=\"\" class=\"wp-image-72366\" srcset=\"https:\/\/losperiodistas.com.mx\/portal\/wp-content\/uploads\/2024\/04\/04-14_dia-de-las-americas.jpeg 305w, https:\/\/losperiodistas.com.mx\/portal\/wp-content\/uploads\/2024\/04\/04-14_dia-de-las-americas-300x225.jpeg 300w\" sizes=\"(max-width: 305px) 100vw, 305px\" \/><\/figure><\/div>\n\n\n\n<p><\/p>\n\n\n\n<p class=\"has-vivid-red-color has-text-color has-medium-font-size\"><strong>Redacci\u00f3n D\u00eda Internacional De<\/strong><\/p>\n\n\n\n<p><strong>El D\u00eda Mundial de la Am\u00e9ricas<\/strong>, se celebra el 14 de abril y tiene como objetivo dar a conocer la soberan\u00eda, as\u00ed como la uni\u00f3n existente entre las Rep\u00fablicas Americanas de forma voluntaria, dentro de una Comunidad Continental, para alcanzar la paz y la solidaridad de los pueblos.<\/p>\n\n\n\n<figure class=\"wp-block-embed is-type-video is-provider-youtube wp-block-embed-youtube wp-embed-aspect-4-3 wp-has-aspect-ratio\"><div class=\"wp-block-embed__wrapper\">\n<iframe title=\"Himno de Las Americas\" width=\"500\" height=\"375\" src=\"https:\/\/www.youtube.com\/embed\/cNzpt_k3zTk?feature=oembed\" frameborder=\"0\" allow=\"accelerometer; autoplay; clipboard-write; encrypted-media; gyroscope; picture-in-picture; web-share\" referrerpolicy=\"strict-origin-when-cross-origin\" allowfullscreen><\/iframe>\n<\/div><\/figure>\n\n\n\n<p><\/p>\n\n\n\n<h2 class=\"wp-block-heading\" id=\"resTit_2\">\u00bfQu\u00e9 es el D\u00eda de las Am\u00e9ricas?<\/h2>\n\n\n\n<p><strong>El D\u00eda de las Am\u00e9ricas<\/strong>&nbsp;es una celebraci\u00f3n que tiene lugar en todas las Rep\u00fablicas Americanas para dar a conocer su soberan\u00eda, as\u00ed como su decisi\u00f3n de formar parte de una comunidad continental y que tiene como fin alcanzar la uni\u00f3n, la paz y la libertad entre los pueblos del&nbsp;<strong>Continente Americano.<\/strong><\/p>\n\n\n\n<p>Este importante d\u00eda, tuvo su primera celebraci\u00f3n en el a\u00f1o 1931, cuando fue decretado el 14 de abril como la fecha de la creaci\u00f3n de las\u00a0<strong>Rep\u00fablicas Americanas<\/strong>. A esta alianza hoy se la conoce como la\u00a0<strong>Uni\u00f3n de los Estados Americanos,<\/strong>\u00a0que se fund\u00f3 en el a\u00f1o 1890.<\/p>\n\n\n\n<h2 class=\"wp-block-heading\" id=\"resTit_3\">Prop\u00f3sito de la creaci\u00f3n del D\u00eda de las Am\u00e9ricas<\/h2>\n\n\n\n<p>El verdadero prop\u00f3sito para la creaci\u00f3n del&nbsp;<strong>D\u00eda de las Am\u00e9ricas<\/strong>&nbsp;es buscar la v\u00eda m\u00e1s id\u00f3nea para crear entre los pa\u00edses que conforman el&nbsp;<strong>Continente Americano<\/strong>, un clima de hermandad, justicia social, solidaridad y paz.<\/p>\n\n\n\n<p>Es en el a\u00f1o 1948, cuando en Colombia, se llev\u00f3 a cabo el encuentro entre veinti\u00fan pa\u00edses, y donde se establecieron acuerdos dirigidos a afianzar la paz y la seguridad del&nbsp;<strong>Continente Americano,<\/strong>&nbsp;as\u00ed como trabajar mancomunadamente para consolidad la democracia de los pueblos y la no intervenci\u00f3n en los asuntos internos de cada naci\u00f3n.<\/p>\n\n\n\n<p>Por otro lado, se estableci\u00f3 el firme prop\u00f3sito de buscar una soluci\u00f3n pac\u00edfica a cualquier tipo conflicto que se llevar\u00e1 a cabo entre los&nbsp;<strong>Estados Miembros<\/strong>.<\/p>\n\n\n\n<h2 class=\"wp-block-heading\" id=\"resTit_4\">El llamado Himno de las Am\u00e9ricas<\/h2>\n\n\n\n<p>Es el&nbsp;<strong>tradicional himno<\/strong>, que fue compuesto de forma especial para sellar este acontecimiento de trascendencia internacional. En el llamado&nbsp;<strong>\u00abHimno de las Am\u00e9ricas\u00bb<\/strong>, En \u00e9l, se hace menci\u00f3n a una gran cantidad de pa\u00edses del&nbsp;<strong>Continente Americano,&nbsp;<\/strong>as\u00ed como la importancia que encierra el concepto de&nbsp;<strong>Panamericanismo<\/strong>&nbsp;para los pueblos americanos.<\/p>\n\n\n\n<h2 class=\"wp-block-heading\" id=\"resTit_5\">La lucha por la libertad y la paz de pueblos del Continente Americano<\/h2>\n\n\n\n<p>La lucha del pueblo americano ha sido ancestral. En el pasado el&nbsp;<strong>Continente Americano<\/strong>&nbsp;fue llamado&nbsp;<strong>Amaruka<\/strong>&nbsp;y de acuerdo a las tribus ind\u00edgenas de esa \u00e9poca, ese nombre representaba la&nbsp;<strong>\u00abTierra Fecunda\u00bb.<\/strong><\/p>\n\n\n\n<p>Hoy m\u00e1s que nunca, es necesario reivindicar a todos los habitantes de esta parte del mundo que perdieron sus riquezas y que fueron v\u00edctimas de saqueos, violaciones de sus derechos, y lo m\u00e1s importante, la p\u00e9rdida de su verdadera identidad.<\/p>\n\n\n\n<p>Por eso, tratar de rescatar la historia y cultura de estos pueblos originarios, es una responsabilidad de los gobiernos que hoy manejan el mundo, pero siempre desde el respeto y evitando repetir los mismos errores, por los cuales la humanidad ha tenido que pagar un alto precio.<\/p>\n\n\n\n<h2 class=\"wp-block-heading\" id=\"resTit_6\">\u00bfC\u00f3mo celebrar el D\u00eda de las Am\u00e9ricas?<\/h2>\n\n\n\n<p>Para celebrar el&nbsp;<strong>D\u00eda de las Am\u00e9ricas<\/strong>, son muchas las actividades que se programan en los distintos pa\u00edses para hacer de esta fecha un momento muy especial. Encuentros, seminarios, conferencias y eventos culturales de gran inter\u00e9s.<\/p>\n\n\n\n<p>S\u00ed quieres unirte a esta celebraci\u00f3n mundial, te invitamos a dar tu peque\u00f1o aporte con tu opini\u00f3n o compartiendo alguna informaci\u00f3n relevante sobre este interesante tema en las distintas redes sociales a trav\u00e9s del hashtag\u00a0<strong><em>#D\u00edadelasAm\u00e9ricas<\/em><\/strong>.<\/p>\n\n\n\n<p>Fuente: <a href=\"https:\/\/www.diainternacionalde.com\/ficha\/dia-de-las-americas\">https:\/\/www.diainternacionalde.com\/ficha\/dia-de-las-americas<\/a><\/p>\n","protected":false},"excerpt":{"rendered":"<p>Redacci\u00f3n D\u00eda Internacional De El D\u00eda Mundial de la Am\u00e9ricas, se celebra el 14 de abril y tiene como objetivo [&hellip;]<\/p>\n","protected":false},"author":1,"featured_media":72366,"comment_status":"open","ping_status":"open","sticky":false,"template":"","format":"standard","meta":{"site-sidebar-layout":"default","site-content-layout":"","ast-site-content-layout":"default","site-content-style":"default","site-sidebar-style":"default","ast-global-header-display":"","ast-banner-title-visibility":"","ast-main-header-display":"","ast-hfb-above-header-display":"","ast-hfb-below-header-display":"","ast-hfb-mobile-header-display":"","site-post-title":"","ast-breadcrumbs-content":"","ast-featured-img":"","footer-sml-layout":"","theme-transparent-header-meta":"","adv-header-id-meta":"","stick-header-meta":"","header-above-stick-meta":"","header-main-stick-meta":"","header-below-stick-meta":"","astra-migrate-meta-layouts":"default","ast-page-background-enabled":"default","ast-page-background-meta":{"desktop":{"background-color":"var(--ast-global-color-4)","background-image":"","background-repeat":"repeat","background-position":"center center","background-size":"auto","background-attachment":"scroll","background-type":"","background-media":"","overlay-type":"","overlay-color":"","overlay-opacity":"","overlay-gradient":""},"tablet":{"background-color":"","background-image":"","background-repeat":"repeat","background-position":"center center","background-size":"auto","background-attachment":"scroll","background-type":"","background-media":"","overlay-type":"","overlay-color":"","overlay-opacity":"","overlay-gradient":""},"mobile":{"background-color":"","background-image":"","background-repeat":"repeat","background-position":"center center","background-size":"auto","background-attachment":"scroll","background-type":"","background-media":"","overlay-type":"","overlay-color":"","overlay-opacity":"","overlay-gradient":""}},"ast-content-background-meta":{"desktop":{"background-color":"var(--ast-global-color-5)","background-image":"","background-repeat":"repeat","background-position":"center center","background-size":"auto","background-attachment":"scroll","background-type":"","background-media":"","overlay-type":"","overlay-color":"","overlay-opacity":"","overlay-gradient":""},"tablet":{"background-color":"var(--ast-global-color-5)","background-image":"","background-repeat":"repeat","background-position":"center center","background-size":"auto","background-attachment":"scroll","background-type":"","background-media":"","overlay-type":"","overlay-color":"","overlay-opacity":"","overlay-gradient":""},"mobile":{"background-color":"var(--ast-global-color-5)","background-image":"","background-repeat":"repeat","background-position":"center center","background-size":"auto","background-attachment":"scroll","background-type":"","background-media":"","overlay-type":"","overlay-color":"","overlay-opacity":"","overlay-gradient":""}},"footnotes":""},"categories":[8],"tags":[24122],"class_list":["post-72365","post","type-post","status-publish","format-standard","has-post-thumbnail","hentry","category-noticias","tag-diadelasamericas"],"_links":{"self":[{"href":"https:\/\/losperiodistas.com.mx\/portal\/wp-json\/wp\/v2\/posts\/72365","targetHints":{"allow":["GET"]}}],"collection":[{"href":"https:\/\/losperiodistas.com.mx\/portal\/wp-json\/wp\/v2\/posts"}],"about":[{"href":"https:\/\/losperiodistas.com.mx\/portal\/wp-json\/wp\/v2\/types\/post"}],"author":[{"embeddable":true,"href":"https:\/\/losperiodistas.com.mx\/portal\/wp-json\/wp\/v2\/users\/1"}],"replies":[{"embeddable":true,"href":"https:\/\/losperiodistas.com.mx\/portal\/wp-json\/wp\/v2\/comments?post=72365"}],"version-history":[{"count":1,"href":"https:\/\/losperiodistas.com.mx\/portal\/wp-json\/wp\/v2\/posts\/72365\/revisions"}],"predecessor-version":[{"id":72367,"href":"https:\/\/losperiodistas.com.mx\/portal\/wp-json\/wp\/v2\/posts\/72365\/revisions\/72367"}],"wp:featuredmedia":[{"embeddable":true,"href":"https:\/\/losperiodistas.com.mx\/portal\/wp-json\/wp\/v2\/media\/72366"}],"wp:attachment":[{"href":"https:\/\/losperiodistas.com.mx\/portal\/wp-json\/wp\/v2\/media?parent=72365"}],"wp:term":[{"taxonomy":"category","embeddable":true,"href":"https:\/\/losperiodistas.com.mx\/portal\/wp-json\/wp\/v2\/categories?post=72365"},{"taxonomy":"post_tag","embeddable":true,"href":"https:\/\/losperiodistas.com.mx\/portal\/wp-json\/wp\/v2\/tags?post=72365"}],"curies":[{"name":"wp","href":"https:\/\/api.w.org\/{rel}","templated":true}]}}