{"id":72357,"date":"2024-04-14T06:39:52","date_gmt":"2024-04-14T11:39:52","guid":{"rendered":"https:\/\/losperiodistas.com.mx\/portal\/?p=72357"},"modified":"2024-04-14T06:39:53","modified_gmt":"2024-04-14T11:39:53","slug":"solo-el-42-de-candidatos-a-una-diputacion-federal-cuenta-con-estudios-universitarios-terminados-oem","status":"publish","type":"post","link":"https:\/\/losperiodistas.com.mx\/portal\/solo-el-42-de-candidatos-a-una-diputacion-federal-cuenta-con-estudios-universitarios-terminados-oem\/","title":{"rendered":"S\u00f3lo el 42% de candidatos a una diputaci\u00f3n federal cuenta con estudios universitarios terminados | OEM"},"content":{"rendered":"\n<h3 class=\"has-medium-font-size wp-block-heading\">El 26.9 por ciento de los 243 aspirantes expuso que cuenta con alg\u00fan nivel de estudios b\u00e1sicos, ya sea primaria, secundaria, preparatoria o carreras t\u00e9cnicas<\/h3>\n\n\n\n<figure class=\"wp-block-image size-large\"><img fetchpriority=\"high\" decoding=\"async\" width=\"1024\" height=\"704\" src=\"https:\/\/losperiodistas.com.mx\/portal\/wp-content\/uploads\/2024\/04\/Captura-de-Pantalla-2024-04-14-a-las-5.36.05-1024x704.jpg\" alt=\"\" class=\"wp-image-72358\" srcset=\"https:\/\/losperiodistas.com.mx\/portal\/wp-content\/uploads\/2024\/04\/Captura-de-Pantalla-2024-04-14-a-las-5.36.05-1024x704.jpg 1024w, https:\/\/losperiodistas.com.mx\/portal\/wp-content\/uploads\/2024\/04\/Captura-de-Pantalla-2024-04-14-a-las-5.36.05-300x206.jpg 300w, https:\/\/losperiodistas.com.mx\/portal\/wp-content\/uploads\/2024\/04\/Captura-de-Pantalla-2024-04-14-a-las-5.36.05-768x528.jpg 768w, https:\/\/losperiodistas.com.mx\/portal\/wp-content\/uploads\/2024\/04\/Captura-de-Pantalla-2024-04-14-a-las-5.36.05.jpg 1496w\" sizes=\"(max-width: 1024px) 100vw, 1024px\" \/><\/figure>\n\n\n\n<p><\/p>\n\n\n\n<p class=\"has-vivid-red-color has-text-color has-medium-font-size\"><strong>Victoria Ventura \/ El Sol de Puebla<\/strong><\/p>\n\n\n\n<p><strong>De los 900 contendientes que buscan una diputaci\u00f3n federal,<\/strong>&nbsp;\u00fanicamente<strong>&nbsp;383 cuentan con estudios universitarios terminados,<\/strong>&nbsp;es decir el&nbsp;<strong>42.5 por ciento,<\/strong>&nbsp;de acuerdo con la asociaci\u00f3n Poblanos Unidos por la Profesionalizaci\u00f3n del Servicio P\u00fablico.<\/p>\n\n\n\n<p>Seg\u00fan una consulta realizada por la organizaci\u00f3n, que lidera&nbsp;<strong>Manuel Bravo Bruno,<\/strong>en el Instituto Nacional Electoral (INE), se inform\u00f3 que s\u00f3lo el 42.5 por ciento de los candidatos, 383 de 900, manifestaron de forma p\u00fablica que cuentan con licenciaturas o estudios universitarios terminados.<\/p>\n\n\n\n<p><a href=\"https:\/\/www.elsoldepuebla.com.mx\/elecciones-2024\/\">ELECCIONES 2024<\/a><\/p>\n\n\n\n<figure class=\"wp-block-image\"><a href=\"https:\/\/www.elsoldepuebla.com.mx\/elecciones-2024\/eduardo-rivera-propone-un-sistema-poblano-de-cuidados-para-menores-adultos-mayores-y-discapacitados-11752256.html\"><img decoding=\"async\" src=\"https:\/\/www.elsoldepuebla.com.mx\/local\/o26b8q-eduardo-rivera-propone-un-sistema-poblano-de-cuidados-para-menores-adultos-mayores-y-discapacitados\/alternates\/LANDSCAPE_200\/Eduardo%20Rivera%20propone%20un%20Sistema%20Poblano%20de%20Cuidados%20para%20menores,%20adultos%20mayores%20y%20discapacitados\" alt=\"\" title=\"Eduardo Rivera propone un Sistema Poblano de Cuidados para menores, adultos mayores y discapacitados\"\/><\/a><\/figure>\n\n\n\n<h4 class=\"wp-block-heading\"><a href=\"https:\/\/www.elsoldepuebla.com.mx\/elecciones-2024\/eduardo-rivera-propone-un-sistema-poblano-de-cuidados-para-menores-adultos-mayores-y-discapacitados-11752256.html\">Eduardo Rivera propone un Sistema Poblano de Cuidados para menores, adultos mayores y discapacitados<\/a><\/h4>\n\n\n\n<p>En tanto que el<strong>&nbsp;26.9 por ciento,&nbsp;<\/strong>243 aspirantes, expuso que cuenta con alg\u00fan<strong>&nbsp;nivel de estudios b\u00e1sicos<\/strong>, ya sea primaria, secundaria, preparatoria o carreras t\u00e9cnicas.<\/p>\n\n\n\n<p><strong>El 30.5 por ciento restante, 274 candidatos, omiti\u00f3 informar<\/strong>&nbsp;en su registro el grado de estudios con el que cuentan, es decir, 274 de los candidatos.<\/p>\n\n\n\n<p>Sin embargo, la normativa en la materia<strong>&nbsp;no requiere ninguna preparaci\u00f3n educativa<\/strong>&nbsp;para ocupar alg\u00fan puesto p\u00fablico, por lo que las y los representantes no tienen ning\u00fan impedimento para participar.<\/p>\n\n\n\n<p><a href=\"https:\/\/www.elsoldepuebla.com.mx\/elecciones-2024\/\">ELECCIONES 2024<\/a><\/p>\n\n\n\n<figure class=\"wp-block-image\"><a href=\"https:\/\/www.elsoldepuebla.com.mx\/elecciones-2024\/julio-cesar-chavez-promete-velar-por-el-deporte-poblano-de-la-mano-de-alejandro-armenta-11747259.html\"><img decoding=\"async\" src=\"https:\/\/www.elsoldepuebla.com.mx\/elecciones-2024\/ei7jok-julio-cesar-chavez-y-alejandro-armenta-por-el-deporte-poblano.jpeg\/alternates\/LANDSCAPE_200\/Julio%20C%C3%A9sar%20Ch%C3%A1vez%20y%20Alejandro%20Armenta%20por%20el%20deporte%20poblano.jpeg\" alt=\"\" title=\"Julio C\u00e9sar Ch\u00e1vez y Alejandro Armenta por el deporte poblano.jpeg\"\/><\/a><\/figure>\n\n\n\n<h4 class=\"wp-block-heading\"><a href=\"https:\/\/www.elsoldepuebla.com.mx\/elecciones-2024\/julio-cesar-chavez-promete-velar-por-el-deporte-poblano-de-la-mano-de-alejandro-armenta-11747259.html\">Julio C\u00e9sar Ch\u00e1vez promete velar por el deporte poblano de la mano de Alejandro Armenta<\/a><\/h4>\n\n\n\n<p>Ante este panorama, Manuel Bravo manifest\u00f3 la importancia de<strong>&nbsp;reformar el art\u00edculo 55 de la Constituci\u00f3n Mexicana&nbsp;<\/strong>para que se incluya como requisito, es decir que quienes tengan la intenci\u00f3n de ocupar un curul en el Congreso de la Uni\u00f3n, cuenten con al menos estudios concluidos de licenciatura.<\/p>\n\n\n\n<p>Finalmente, a\u00f1adi\u00f3 que es preocupante que las personas que buscan representar a la poblaci\u00f3n tengan una bajo nivel de escolaridad, pues esto se traduce en la improvisaci\u00f3n en su actuar legislativo.<\/p>\n\n\n\n<p>Fuente: <a href=\"https:\/\/www.elsoldepuebla.com.mx\/elecciones-2024\/solo-el-42-de-candidatos-a-una-diputacion-federal-cuenta-con-estudios-universitarios-terminados-11753406.html\">https:\/\/www.elsoldepuebla.com.mx\/elecciones-2024\/solo-el-42-de-candidatos-a-una-diputacion-federal-cuenta-con-estudios-universitarios-terminados-11753406.html<\/a><\/p>\n","protected":false},"excerpt":{"rendered":"<p>El 26.9 por ciento de los 243 aspirantes expuso que cuenta con alg\u00fan nivel de estudios b\u00e1sicos, ya sea primaria, [&hellip;]<\/p>\n","protected":false},"author":1,"featured_media":72358,"comment_status":"open","ping_status":"open","sticky":false,"template":"","format":"standard","meta":{"site-sidebar-layout":"default","site-content-layout":"","ast-site-content-layout":"default","site-content-style":"default","site-sidebar-style":"default","ast-global-header-display":"","ast-banner-title-visibility":"","ast-main-header-display":"","ast-hfb-above-header-display":"","ast-hfb-below-header-display":"","ast-hfb-mobile-header-display":"","site-post-title":"","ast-breadcrumbs-content":"","ast-featured-img":"","footer-sml-layout":"","theme-transparent-header-meta":"","adv-header-id-meta":"","stick-header-meta":"","header-above-stick-meta":"","header-main-stick-meta":"","header-below-stick-meta":"","astra-migrate-meta-layouts":"default","ast-page-background-enabled":"default","ast-page-background-meta":{"desktop":{"background-color":"var(--ast-global-color-4)","background-image":"","background-repeat":"repeat","background-position":"center center","background-size":"auto","background-attachment":"scroll","background-type":"","background-media":"","overlay-type":"","overlay-color":"","overlay-opacity":"","overlay-gradient":""},"tablet":{"background-color":"","background-image":"","background-repeat":"repeat","background-position":"center center","background-size":"auto","background-attachment":"scroll","background-type":"","background-media":"","overlay-type":"","overlay-color":"","overlay-opacity":"","overlay-gradient":""},"mobile":{"background-color":"","background-image":"","background-repeat":"repeat","background-position":"center center","background-size":"auto","background-attachment":"scroll","background-type":"","background-media":"","overlay-type":"","overlay-color":"","overlay-opacity":"","overlay-gradient":""}},"ast-content-background-meta":{"desktop":{"background-color":"var(--ast-global-color-5)","background-image":"","background-repeat":"repeat","background-position":"center center","background-size":"auto","background-attachment":"scroll","background-type":"","background-media":"","overlay-type":"","overlay-color":"","overlay-opacity":"","overlay-gradient":""},"tablet":{"background-color":"var(--ast-global-color-5)","background-image":"","background-repeat":"repeat","background-position":"center center","background-size":"auto","background-attachment":"scroll","background-type":"","background-media":"","overlay-type":"","overlay-color":"","overlay-opacity":"","overlay-gradient":""},"mobile":{"background-color":"var(--ast-global-color-5)","background-image":"","background-repeat":"repeat","background-position":"center center","background-size":"auto","background-attachment":"scroll","background-type":"","background-media":"","overlay-type":"","overlay-color":"","overlay-opacity":"","overlay-gradient":""}},"footnotes":""},"categories":[8],"tags":[24120],"class_list":["post-72357","post","type-post","status-publish","format-standard","has-post-thumbnail","hentry","category-noticias","tag-candidatos-a-diputados-sin-estudios"],"_links":{"self":[{"href":"https:\/\/losperiodistas.com.mx\/portal\/wp-json\/wp\/v2\/posts\/72357","targetHints":{"allow":["GET"]}}],"collection":[{"href":"https:\/\/losperiodistas.com.mx\/portal\/wp-json\/wp\/v2\/posts"}],"about":[{"href":"https:\/\/losperiodistas.com.mx\/portal\/wp-json\/wp\/v2\/types\/post"}],"author":[{"embeddable":true,"href":"https:\/\/losperiodistas.com.mx\/portal\/wp-json\/wp\/v2\/users\/1"}],"replies":[{"embeddable":true,"href":"https:\/\/losperiodistas.com.mx\/portal\/wp-json\/wp\/v2\/comments?post=72357"}],"version-history":[{"count":1,"href":"https:\/\/losperiodistas.com.mx\/portal\/wp-json\/wp\/v2\/posts\/72357\/revisions"}],"predecessor-version":[{"id":72359,"href":"https:\/\/losperiodistas.com.mx\/portal\/wp-json\/wp\/v2\/posts\/72357\/revisions\/72359"}],"wp:featuredmedia":[{"embeddable":true,"href":"https:\/\/losperiodistas.com.mx\/portal\/wp-json\/wp\/v2\/media\/72358"}],"wp:attachment":[{"href":"https:\/\/losperiodistas.com.mx\/portal\/wp-json\/wp\/v2\/media?parent=72357"}],"wp:term":[{"taxonomy":"category","embeddable":true,"href":"https:\/\/losperiodistas.com.mx\/portal\/wp-json\/wp\/v2\/categories?post=72357"},{"taxonomy":"post_tag","embeddable":true,"href":"https:\/\/losperiodistas.com.mx\/portal\/wp-json\/wp\/v2\/tags?post=72357"}],"curies":[{"name":"wp","href":"https:\/\/api.w.org\/{rel}","templated":true}]}}