{"id":72354,"date":"2024-04-14T06:33:12","date_gmt":"2024-04-14T11:33:12","guid":{"rendered":"https:\/\/losperiodistas.com.mx\/portal\/?p=72354"},"modified":"2024-04-14T06:33:14","modified_gmt":"2024-04-14T11:33:14","slug":"a-partir-del-lunes-comienza-paro-de-cuatro-semanas-en-el-segmento-de-tiguan-podria-haber-nuevo-modelo-en-la-planta-de-volkswagen-ljo","status":"publish","type":"post","link":"https:\/\/losperiodistas.com.mx\/portal\/a-partir-del-lunes-comienza-paro-de-cuatro-semanas-en-el-segmento-de-tiguan-podria-haber-nuevo-modelo-en-la-planta-de-volkswagen-ljo\/","title":{"rendered":"A partir del lunes comienza paro de cuatro semanas en el segmento de Tiguan; podr\u00eda haber nuevo modelo en la planta de Volkswagen | LJO"},"content":{"rendered":"\n<figure class=\"wp-block-image size-large\"><img fetchpriority=\"high\" decoding=\"async\" width=\"1024\" height=\"472\" src=\"https:\/\/losperiodistas.com.mx\/portal\/wp-content\/uploads\/2024\/04\/Captura-de-Pantalla-2024-04-14-a-las-5.29.32-1024x472.jpg\" alt=\"\" class=\"wp-image-72355\" srcset=\"https:\/\/losperiodistas.com.mx\/portal\/wp-content\/uploads\/2024\/04\/Captura-de-Pantalla-2024-04-14-a-las-5.29.32-1024x472.jpg 1024w, https:\/\/losperiodistas.com.mx\/portal\/wp-content\/uploads\/2024\/04\/Captura-de-Pantalla-2024-04-14-a-las-5.29.32-300x138.jpg 300w, https:\/\/losperiodistas.com.mx\/portal\/wp-content\/uploads\/2024\/04\/Captura-de-Pantalla-2024-04-14-a-las-5.29.32-768x354.jpg 768w, https:\/\/losperiodistas.com.mx\/portal\/wp-content\/uploads\/2024\/04\/Captura-de-Pantalla-2024-04-14-a-las-5.29.32-1536x708.jpg 1536w, https:\/\/losperiodistas.com.mx\/portal\/wp-content\/uploads\/2024\/04\/Captura-de-Pantalla-2024-04-14-a-las-5.29.32-2048x944.jpg 2048w\" sizes=\"(max-width: 1024px) 100vw, 1024px\" \/><\/figure>\n\n\n\n<p><\/p>\n\n\n\n<p>Patricia Guti\u00e9rrez Rodr\u00edguez \/ La Jornada de Oriente<\/p>\n\n\n\n<p>Por ajustes a las l\u00edneas de producci\u00f3n, que todo indica que ser\u00e1 para la manufactura de un nuevo modelo y posiblemente el\u00e9ctrico, el lunes 15 de abril comenzar\u00e1 un paro de cuatro semanas en el segmento 2 de Tiguan, confirm\u00f3 Hugo Tlalpan Luna, secretario general del Sindicato Independiente de Trabajadores de la Industria Automotriz\u00a0<a href=\"https:\/\/twitter.com\/Volkswagen_MX\" target=\"_blank\" rel=\"noreferrer noopener\">Volkswagen<\/a>\u00a0(SITIAVW).<\/p>\n\n\n\n<p>En entrevista, coment\u00f3 que&nbsp;<strong>el pago de salario durante los d\u00edas de suspensi\u00f3n de la manufactura ser\u00e1 de 57.5 por ciento para mil obreros de dos turnos<\/strong>.<\/p>\n\n\n\n<blockquote class=\"wp-block-quote is-layout-flow wp-block-quote-is-layout-flow\"><p>\u201c(Son) unas adecuaciones con miras a algunos proyectos\u201d coment\u00f3 el l\u00edder gremial, sin ahondar detalles.<\/p><\/blockquote>\n\n\n\n<p>Abund\u00f3 que se ten\u00eda contemplado que el paro fuera de dos meses, pero se logr\u00f3 reducirlo a la mitad de ese periodo.<\/p>\n\n\n\n<p>Por \u00faltimo, Tlalpan Luna inform\u00f3 que hasta el momento no se tiene contemplado paro en alg\u00fan otro segmento o para otros meses del presente a\u00f1o.<\/p>\n\n\n\n<p>Fuente: <a href=\"https:\/\/www.lajornadadeoriente.com.mx\/puebla\/a-partir-del-lunes-comienza-paro-de-cuatro-semanas-en-el-segmento-de-tiguan-podria-haber-nuevo-modelo-en-la-planta-de-volkswagen\/\">https:\/\/www.lajornadadeoriente.com.mx\/puebla\/a-partir-del-lunes-comienza-paro-de-cuatro-semanas-en-el-segmento-de-tiguan-podria-haber-nuevo-modelo-en-la-planta-de-volkswagen\/<\/a><\/p>\n","protected":false},"excerpt":{"rendered":"<p>Patricia Guti\u00e9rrez Rodr\u00edguez \/ La Jornada de Oriente Por ajustes a las l\u00edneas de producci\u00f3n, que todo indica que ser\u00e1 [&hellip;]<\/p>\n","protected":false},"author":1,"featured_media":72355,"comment_status":"open","ping_status":"open","sticky":false,"template":"","format":"standard","meta":{"site-sidebar-layout":"default","site-content-layout":"","ast-site-content-layout":"default","site-content-style":"default","site-sidebar-style":"default","ast-global-header-display":"","ast-banner-title-visibility":"","ast-main-header-display":"","ast-hfb-above-header-display":"","ast-hfb-below-header-display":"","ast-hfb-mobile-header-display":"","site-post-title":"","ast-breadcrumbs-content":"","ast-featured-img":"","footer-sml-layout":"","theme-transparent-header-meta":"","adv-header-id-meta":"","stick-header-meta":"","header-above-stick-meta":"","header-main-stick-meta":"","header-below-stick-meta":"","astra-migrate-meta-layouts":"default","ast-page-background-enabled":"default","ast-page-background-meta":{"desktop":{"background-color":"var(--ast-global-color-4)","background-image":"","background-repeat":"repeat","background-position":"center center","background-size":"auto","background-attachment":"scroll","background-type":"","background-media":"","overlay-type":"","overlay-color":"","overlay-opacity":"","overlay-gradient":""},"tablet":{"background-color":"","background-image":"","background-repeat":"repeat","background-position":"center center","background-size":"auto","background-attachment":"scroll","background-type":"","background-media":"","overlay-type":"","overlay-color":"","overlay-opacity":"","overlay-gradient":""},"mobile":{"background-color":"","background-image":"","background-repeat":"repeat","background-position":"center center","background-size":"auto","background-attachment":"scroll","background-type":"","background-media":"","overlay-type":"","overlay-color":"","overlay-opacity":"","overlay-gradient":""}},"ast-content-background-meta":{"desktop":{"background-color":"var(--ast-global-color-5)","background-image":"","background-repeat":"repeat","background-position":"center center","background-size":"auto","background-attachment":"scroll","background-type":"","background-media":"","overlay-type":"","overlay-color":"","overlay-opacity":"","overlay-gradient":""},"tablet":{"background-color":"var(--ast-global-color-5)","background-image":"","background-repeat":"repeat","background-position":"center center","background-size":"auto","background-attachment":"scroll","background-type":"","background-media":"","overlay-type":"","overlay-color":"","overlay-opacity":"","overlay-gradient":""},"mobile":{"background-color":"var(--ast-global-color-5)","background-image":"","background-repeat":"repeat","background-position":"center center","background-size":"auto","background-attachment":"scroll","background-type":"","background-media":"","overlay-type":"","overlay-color":"","overlay-opacity":"","overlay-gradient":""}},"footnotes":""},"categories":[8],"tags":[87,24119],"class_list":["post-72354","post","type-post","status-publish","format-standard","has-post-thumbnail","hentry","category-noticias","tag-tiguan","tag-vw-paro-tecnico"],"_links":{"self":[{"href":"https:\/\/losperiodistas.com.mx\/portal\/wp-json\/wp\/v2\/posts\/72354","targetHints":{"allow":["GET"]}}],"collection":[{"href":"https:\/\/losperiodistas.com.mx\/portal\/wp-json\/wp\/v2\/posts"}],"about":[{"href":"https:\/\/losperiodistas.com.mx\/portal\/wp-json\/wp\/v2\/types\/post"}],"author":[{"embeddable":true,"href":"https:\/\/losperiodistas.com.mx\/portal\/wp-json\/wp\/v2\/users\/1"}],"replies":[{"embeddable":true,"href":"https:\/\/losperiodistas.com.mx\/portal\/wp-json\/wp\/v2\/comments?post=72354"}],"version-history":[{"count":1,"href":"https:\/\/losperiodistas.com.mx\/portal\/wp-json\/wp\/v2\/posts\/72354\/revisions"}],"predecessor-version":[{"id":72356,"href":"https:\/\/losperiodistas.com.mx\/portal\/wp-json\/wp\/v2\/posts\/72354\/revisions\/72356"}],"wp:featuredmedia":[{"embeddable":true,"href":"https:\/\/losperiodistas.com.mx\/portal\/wp-json\/wp\/v2\/media\/72355"}],"wp:attachment":[{"href":"https:\/\/losperiodistas.com.mx\/portal\/wp-json\/wp\/v2\/media?parent=72354"}],"wp:term":[{"taxonomy":"category","embeddable":true,"href":"https:\/\/losperiodistas.com.mx\/portal\/wp-json\/wp\/v2\/categories?post=72354"},{"taxonomy":"post_tag","embeddable":true,"href":"https:\/\/losperiodistas.com.mx\/portal\/wp-json\/wp\/v2\/tags?post=72354"}],"curies":[{"name":"wp","href":"https:\/\/api.w.org\/{rel}","templated":true}]}}