{"id":72351,"date":"2024-04-14T06:27:56","date_gmt":"2024-04-14T11:27:56","guid":{"rendered":"https:\/\/losperiodistas.com.mx\/portal\/?p=72351"},"modified":"2024-04-14T06:27:58","modified_gmt":"2024-04-14T11:27:58","slug":"el-papa-no-mas-guerra-detener-toda-accion-que-arrastre-a-oriente-medio-a-un-conflicto-mayor-vatican-news","status":"publish","type":"post","link":"https:\/\/losperiodistas.com.mx\/portal\/el-papa-no-mas-guerra-detener-toda-accion-que-arrastre-a-oriente-medio-a-un-conflicto-mayor-vatican-news\/","title":{"rendered":"El Papa: \u00a1No m\u00e1s guerra! Detener toda acci\u00f3n que arrastre a Oriente Medio a un conflicto mayor | Vatican News"},"content":{"rendered":"\n<p class=\"has-medium-font-size\">Al final del Regina Caeli, Francisco expresa su dolor y preocupaci\u00f3n por los ataques de Ir\u00e1n contra Israel y pide que se detenga toda acci\u00f3n \u00abque pueda alimentar una espiral de violencia\u00bb. A continuaci\u00f3n, el Pont\u00edfice relanza la soluci\u00f3n de los dos Estados: \u00abNadie debe amenazar la existencia de los dem\u00e1s, todas las naciones deben ponerse del lado de la paz y ayudar a israel\u00edes y palestinos a vivir en dos Estados, en seguridad. Es su deseo leg\u00edtimo y es su derecho\u00bb.<\/p>\n\n\n\n<figure class=\"wp-block-image size-full\"><img fetchpriority=\"high\" decoding=\"async\" width=\"988\" height=\"556\" src=\"https:\/\/losperiodistas.com.mx\/portal\/wp-content\/uploads\/2024\/04\/Captura-de-Pantalla-2024-04-14-a-las-5.24.38.jpg\" alt=\"\" class=\"wp-image-72352\" srcset=\"https:\/\/losperiodistas.com.mx\/portal\/wp-content\/uploads\/2024\/04\/Captura-de-Pantalla-2024-04-14-a-las-5.24.38.jpg 988w, https:\/\/losperiodistas.com.mx\/portal\/wp-content\/uploads\/2024\/04\/Captura-de-Pantalla-2024-04-14-a-las-5.24.38-300x169.jpg 300w, https:\/\/losperiodistas.com.mx\/portal\/wp-content\/uploads\/2024\/04\/Captura-de-Pantalla-2024-04-14-a-las-5.24.38-768x432.jpg 768w\" sizes=\"(max-width: 988px) 100vw, 988px\" \/><\/figure>\n\n\n\n<p class=\"has-vivid-red-color has-text-color has-medium-font-size\"><strong>Salvatore Cernuzio \/ Vatican News<\/strong><\/p>\n\n\n\n<p>\u00abNo m\u00e1s guerra, no m\u00e1s atentados, no m\u00e1s violencia, s\u00ed al di\u00e1logo y s\u00ed a la paz\u00bb.&nbsp;La voz del Papa es solemne, como en todas las ocasiones en que resuena en una coyuntura crucial para el mundo. En plena tensi\u00f3n internacional por una escalada del conflicto en el polvor\u00edn de Oriente Medio, tras el ataque de anoche de Teher\u00e1n a Israel con un enjambre de cientos de drones y misiles de crucero lanzados en tres oleadas, el Papa, desde la ventana del Palacio Apost\u00f3lico al final del Regina Caeli, vuelve a lanzar un \u00absentido\u00bb llamamiento -como \u00e9l mismo lo define- a la paz y a la negociaci\u00f3n.<\/p>\n\n\n\n<h2 class=\"wp-block-heading\">No a un conflicto b\u00e9lico mayor<\/h2>\n\n\n\n<p>Con los miles de fieles presentes en la Plaza de San Pedro, tras la oraci\u00f3n mariana, el Papa comparte su \u00abpreocupaci\u00f3n\u00bb y \u00abdolor\u00bb personal por las noticias que le han llegado en las \u00faltimas horas sobre el \u00abagravamiento\u00bb de la situaci\u00f3n en Israel, \u00abdebido a la intervenci\u00f3n de Ir\u00e1n\u00bb. El Papa se dirige a quienes tienen responsabilidad en esta situaci\u00f3n y pide:<\/p>\n\n\n\n<blockquote class=\"wp-block-quote is-layout-flow wp-block-quote-is-layout-flow\"><p>\u201cDetener cualquier acci\u00f3n que pueda alimentar una espiral de violencia, con el riesgo de arrastrar a Oriente Medio a un conflicto b\u00e9lico a\u00fan mayor.\u201d<\/p><\/blockquote>\n\n\n\n<h2 class=\"wp-block-heading\">Dos Estados, uno al lado del otro, en seguridad<\/h2>\n\n\n\n<p>A partir de aqu\u00ed, Francisco renueva su llamamiento a una soluci\u00f3n de \u00abdos Estados\u00bb para Israel y Palestina, que la Santa Sede siempre ha apoyado. \u00abNadie debe amenazar la existencia de los dem\u00e1s, todas las naciones deben ponerse del lado de la paz y ayudar a israel\u00edes y palestinos a vivir en dos Estados, uno al lado del otro, con seguridad\u00bb, afirma.<\/p>\n\n\n\n<blockquote class=\"wp-block-quote is-layout-flow wp-block-quote-is-layout-flow\"><p>\u201cEs su deseo profundo y leg\u00edtimo, y es su derecho.\u201d<\/p><\/blockquote>\n\n\n\n<h2 class=\"wp-block-heading\">Alto el fuego en Gaza, liberaci\u00f3n de los rehenes israel\u00edes<\/h2>\n\n\n\n<p>A continuaci\u00f3n, la mirada del Obispo de Roma se centra en la Franja de Gaza, donde el Ministerio de Sanidad dirigido por Ham\u00e1s anunci\u00f3 recientemente un nuevo balance de m\u00e1s de 33.700 muertos desde el 7 de octubre: \u00abHay que alcanzar pronto un alto el fuego en Gaza, seguir las v\u00edas de la negociaci\u00f3n. Negociar con determinaci\u00f3n, ayudar a esa poblaci\u00f3n sumida en una cat\u00e1strofe humanitaria\u00bb.<\/p>\n\n\n\n<h2 class=\"wp-block-heading\">Rezar por la paz<\/h2>\n\n\n\n<p>El Papa Francisco, como siempre desde el estallido del conflicto, renueva el llamamiento para liberar \u00abinmediatamente\u00bb a los rehenes israel\u00edes secuestrados hace seis meses y en manos de Ham\u00e1s. Entre ellos hab\u00eda mujeres y ni\u00f1os. Un grupo de familiares el Pont\u00edfice los recibi\u00f3 el pasado lunes en el Palacio Apost\u00f3lico. Por \u00faltimo, hizo un llamamiento a todos los creyentes, pidi\u00e9ndoles que nunca dejen de elevar a Dios una s\u00faplica por la paz.<\/p>\n\n\n\n<blockquote class=\"wp-block-quote is-layout-flow wp-block-quote-is-layout-flow\"><p>\u201c\u00a1Tanto sufrimiento, recemos por la paz!\u201d<\/p><\/blockquote>\n\n\n\n<p>Fuente: <a href=\"https:\/\/www.vaticannews.va\/es\/papa\/news\/2024-04\/el-papa-no-mas-guerra-detener-toda-accion-regina-caeli-conflicto.html\">https:\/\/www.vaticannews.va\/es\/papa\/news\/2024-04\/el-papa-no-mas-guerra-detener-toda-accion-regina-caeli-conflicto.html<\/a><\/p>\n","protected":false},"excerpt":{"rendered":"<p>Al final del Regina Caeli, Francisco expresa su dolor y preocupaci\u00f3n por los ataques de Ir\u00e1n contra Israel y pide [&hellip;]<\/p>\n","protected":false},"author":1,"featured_media":72352,"comment_status":"open","ping_status":"open","sticky":false,"template":"","format":"standard","meta":{"site-sidebar-layout":"default","site-content-layout":"","ast-site-content-layout":"default","site-content-style":"default","site-sidebar-style":"default","ast-global-header-display":"","ast-banner-title-visibility":"","ast-main-header-display":"","ast-hfb-above-header-display":"","ast-hfb-below-header-display":"","ast-hfb-mobile-header-display":"","site-post-title":"","ast-breadcrumbs-content":"","ast-featured-img":"","footer-sml-layout":"","theme-transparent-header-meta":"","adv-header-id-meta":"","stick-header-meta":"","header-above-stick-meta":"","header-main-stick-meta":"","header-below-stick-meta":"","astra-migrate-meta-layouts":"default","ast-page-background-enabled":"default","ast-page-background-meta":{"desktop":{"background-color":"var(--ast-global-color-4)","background-image":"","background-repeat":"repeat","background-position":"center center","background-size":"auto","background-attachment":"scroll","background-type":"","background-media":"","overlay-type":"","overlay-color":"","overlay-opacity":"","overlay-gradient":""},"tablet":{"background-color":"","background-image":"","background-repeat":"repeat","background-position":"center center","background-size":"auto","background-attachment":"scroll","background-type":"","background-media":"","overlay-type":"","overlay-color":"","overlay-opacity":"","overlay-gradient":""},"mobile":{"background-color":"","background-image":"","background-repeat":"repeat","background-position":"center center","background-size":"auto","background-attachment":"scroll","background-type":"","background-media":"","overlay-type":"","overlay-color":"","overlay-opacity":"","overlay-gradient":""}},"ast-content-background-meta":{"desktop":{"background-color":"var(--ast-global-color-5)","background-image":"","background-repeat":"repeat","background-position":"center center","background-size":"auto","background-attachment":"scroll","background-type":"","background-media":"","overlay-type":"","overlay-color":"","overlay-opacity":"","overlay-gradient":""},"tablet":{"background-color":"var(--ast-global-color-5)","background-image":"","background-repeat":"repeat","background-position":"center center","background-size":"auto","background-attachment":"scroll","background-type":"","background-media":"","overlay-type":"","overlay-color":"","overlay-opacity":"","overlay-gradient":""},"mobile":{"background-color":"var(--ast-global-color-5)","background-image":"","background-repeat":"repeat","background-position":"center center","background-size":"auto","background-attachment":"scroll","background-type":"","background-media":"","overlay-type":"","overlay-color":"","overlay-opacity":"","overlay-gradient":""}},"footnotes":""},"categories":[8],"tags":[24117,24118,196],"class_list":["post-72351","post","type-post","status-publish","format-standard","has-post-thumbnail","hentry","category-noticias","tag-guerra-oriente-medio","tag-iran-israel","tag-papa-francisco"],"_links":{"self":[{"href":"https:\/\/losperiodistas.com.mx\/portal\/wp-json\/wp\/v2\/posts\/72351","targetHints":{"allow":["GET"]}}],"collection":[{"href":"https:\/\/losperiodistas.com.mx\/portal\/wp-json\/wp\/v2\/posts"}],"about":[{"href":"https:\/\/losperiodistas.com.mx\/portal\/wp-json\/wp\/v2\/types\/post"}],"author":[{"embeddable":true,"href":"https:\/\/losperiodistas.com.mx\/portal\/wp-json\/wp\/v2\/users\/1"}],"replies":[{"embeddable":true,"href":"https:\/\/losperiodistas.com.mx\/portal\/wp-json\/wp\/v2\/comments?post=72351"}],"version-history":[{"count":1,"href":"https:\/\/losperiodistas.com.mx\/portal\/wp-json\/wp\/v2\/posts\/72351\/revisions"}],"predecessor-version":[{"id":72353,"href":"https:\/\/losperiodistas.com.mx\/portal\/wp-json\/wp\/v2\/posts\/72351\/revisions\/72353"}],"wp:featuredmedia":[{"embeddable":true,"href":"https:\/\/losperiodistas.com.mx\/portal\/wp-json\/wp\/v2\/media\/72352"}],"wp:attachment":[{"href":"https:\/\/losperiodistas.com.mx\/portal\/wp-json\/wp\/v2\/media?parent=72351"}],"wp:term":[{"taxonomy":"category","embeddable":true,"href":"https:\/\/losperiodistas.com.mx\/portal\/wp-json\/wp\/v2\/categories?post=72351"},{"taxonomy":"post_tag","embeddable":true,"href":"https:\/\/losperiodistas.com.mx\/portal\/wp-json\/wp\/v2\/tags?post=72351"}],"curies":[{"name":"wp","href":"https:\/\/api.w.org\/{rel}","templated":true}]}}