{"id":72338,"date":"2024-04-13T22:34:38","date_gmt":"2024-04-14T03:34:38","guid":{"rendered":"https:\/\/losperiodistas.com.mx\/portal\/?p=72338"},"modified":"2024-04-13T22:34:41","modified_gmt":"2024-04-14T03:34:41","slug":"unesco-solicita-a-mexico-informacion-sobre-hotel-en-la-reserva-de-calakmul-proceso","status":"publish","type":"post","link":"https:\/\/losperiodistas.com.mx\/portal\/unesco-solicita-a-mexico-informacion-sobre-hotel-en-la-reserva-de-calakmul-proceso\/","title":{"rendered":"Unesco solicita a M\u00e9xico informaci\u00f3n sobre hotel en la Reserva de Calakmul | Proceso"},"content":{"rendered":"\n<p class=\"has-light-green-cyan-background-color has-background has-medium-font-size\"><strong>En respuesta a la publicaci\u00f3n en Proceso sobre su negativa a pronunciarse sobre este hotel en construcci\u00f3n por la Sedena, la agencia de la ONU ahora s\u00ed se dispone a evaluar \u201clas posibles repercusiones\u201d sobre el estatus de la zona declarada patrimonio de la humanidad.<\/strong><\/p>\n\n\n\n<figure class=\"wp-block-image size-large\"><img fetchpriority=\"high\" decoding=\"async\" width=\"1024\" height=\"646\" src=\"https:\/\/losperiodistas.com.mx\/portal\/wp-content\/uploads\/2024\/04\/Captura-de-pantalla-2024-04-13-a-las-9.29.01\u202fp.m.-1024x646.jpg\" alt=\"\" class=\"wp-image-72339\" srcset=\"https:\/\/losperiodistas.com.mx\/portal\/wp-content\/uploads\/2024\/04\/Captura-de-pantalla-2024-04-13-a-las-9.29.01\u202fp.m.-1024x646.jpg 1024w, https:\/\/losperiodistas.com.mx\/portal\/wp-content\/uploads\/2024\/04\/Captura-de-pantalla-2024-04-13-a-las-9.29.01\u202fp.m.-300x189.jpg 300w, https:\/\/losperiodistas.com.mx\/portal\/wp-content\/uploads\/2024\/04\/Captura-de-pantalla-2024-04-13-a-las-9.29.01\u202fp.m.-768x484.jpg 768w, https:\/\/losperiodistas.com.mx\/portal\/wp-content\/uploads\/2024\/04\/Captura-de-pantalla-2024-04-13-a-las-9.29.01\u202fp.m.-1536x969.jpg 1536w, https:\/\/losperiodistas.com.mx\/portal\/wp-content\/uploads\/2024\/04\/Captura-de-pantalla-2024-04-13-a-las-9.29.01\u202fp.m.-2048x1292.jpg 2048w\" sizes=\"(max-width: 1024px) 100vw, 1024px\" \/><figcaption>Reserva de Calakmul. Foto: gob.mx<\/figcaption><\/figure>\n\n\n\n<p class=\"has-vivid-red-color has-text-color has-medium-font-size\"><strong><a href=\"https:\/\/www.proceso.com.mx\/autor\/silke-grasreiner.html\">Silke Grasreiner<\/a> \/ Proceso<\/strong><\/p>\n\n\n\n<p>CALAKMUL, Campeche (<strong>Proceso<\/strong>).- La oficina de la Unesco en M\u00e9xico reaccion\u00f3 a la nota de&nbsp;<strong>Proceso&nbsp;<\/strong>del 11 de abril sobre el hotel que la Secretar\u00eda de la Defensa Nacional (Sedena) est\u00e1 construyendo desde enero de 2023 en la Reserva de Calakmul, como parte de las obras del Tren Maya. Por medio de su portavoz en M\u00e9xico, Juan Luis Montoya Acevez, la Organizaci\u00f3n de las Naciones Unidas para la Educaci\u00f3n, la Ciencia y la Cultura (Unesco) aclar\u00f3 que hasta ahora el gobierno mexicano no les hab\u00eda informado sobre la construcci\u00f3n del hotel, pese a que se encuentra en una zona declarada patrimonio de la humanidad por la Unesco.<\/p>\n\n\n\n<p>En su respuesta a la publicaci\u00f3n en\u00a0<strong>Proceso\u00a0<\/strong>del pasado jueves, la Unesco inform\u00f3 que buscar\u00e1 \u201caclarar el posicionamiento del Centro del Patrimonio Mundial de la Unesco (UNESCO World Heritage Centre) sobre el proyecto de construcci\u00f3n del hotel mencionado en el art\u00edculo\u00bb.<\/p>\n\n\n\n<p><strong>NOTICIAS RELACIONADAS<\/strong><\/p>\n\n\n\n<ul class=\"wp-block-list\"><li><a href=\"https:\/\/www.proceso.com.mx\/nacional\/2024\/4\/11\/unesco-evade-pronunciarse-sobre-hotel-en-la-reserva-de-calakmul-327017.html\">Unesco evade pronunciarse sobre hotel en la Reserva de Calakmul<\/a><\/li><li><a href=\"https:\/\/www.proceso.com.mx\/nacional\/2023\/12\/18\/la-reserva-de-calakmul-se-amplia-no-se-destruye-amlo-sobre-construccion-de-hoteles-320620.html\">La reserva de Calakmul se ampl\u00eda, no se destruye: AMLO sobre construcci\u00f3n de hoteles<\/a><\/li><li><a href=\"https:\/\/www.proceso.com.mx\/nacional\/2023\/2\/3\/la-selva-de-calakmul-el-nuevo-foco-rojo-del-tren-maya-301469.html\">La selva de Calakmul, el nuevo foco rojo del Tren Maya<\/a><\/li><\/ul>\n\n\n\n<figure class=\"wp-block-image\"><img decoding=\"async\" src=\"https:\/\/www.proceso.com.mx\/u\/fotografias\/m\/2024\/4\/12\/f768x1-197029_197156_0.jpeg\" alt=\"\"\/><figcaption>Paradero del Tren Maya en Calakmul.&nbsp;Foto: Facebook Tren Maya.<\/figcaption><\/figure>\n\n\n\n<p>Textual, dice la respuesta de la organizaci\u00f3n dedicada a la defensa del patrimonio mundial:<\/p>\n\n\n\n<p>\u00abLa UNESCO ha sido informada del proyecto de construcci\u00f3n de un nuevo hotel dentro de los l\u00edmites de la propiedad Antigua Ciudad Maya y Bosques Tropicales Protegidos de Calakmul, Campeche, a trav\u00e9s de los medios de comunicaci\u00f3n, incluyendo su mensaje.<\/p>\n\n\n\n<p>\u201cSin embargo, hasta la fecha, el Centro del Patrimonio Mundial no ha sido notificado por las autoridades mexicanas al respecto. De conformidad con el procedimiento previsto en las Pr\u00e1cticas Directrices de la Convenci\u00f3n del Patrimonio Mundial, el Centro del Patrimonio Mundial de la UNESCO se est\u00e1 poniendo en contacto con las autoridades mexicanas para obtener informaci\u00f3n t\u00e9cnica precisa sobre este proyecto y su ejecuci\u00f3n.<\/p>\n\n\n\n<p>\u201cUna vez recibida esta informaci\u00f3n, el Centro del Patrimonio Mundial proceder\u00e1 a un examen t\u00e9cnico para comprobar las posibles repercusiones de este proyecto en el Valor Universal Excepcional del sitio, es decir, en los elementos que justifican la inscripci\u00f3n del bien en la Lista del Patrimonio Mundial. La revisi\u00f3n se proporcionar\u00e1 posteriormente a las autoridades mexicanas, para orientar a las instituciones responsables de la conservaci\u00f3n y gesti\u00f3n del sitio. Cualquier informaci\u00f3n pertinente que resulte de lo anterior ser\u00e1 tomada en cuenta en el monitoreo del estado de conservaci\u00f3n del bien que realiza el Comit\u00e9 del Patrimonio Mundial\u201d.<\/p>\n\n\n\n<p>El sitio arqueol\u00f3gico de Calakmul forma parte del Patrimonio Cultural de la Humanidad de la Unesco desde 2002. En 2014, a petici\u00f3n del gobierno mexicano, la Unesco agreg\u00f3 a la antigua ciudad maya los bosques tropicales protegidos que la rodean e incluy\u00f3 toda la zona de la Reserva de Calakmul en su lista de Patrimonios Mixtos, Culturales y Naturales, de la Humanidad. Seg\u00fan su p\u00e1gina web, la Unesco considera que \u201clos sitios del Patrimonio Mundial pertenecen a todos los pueblos del planeta, independientemente del territorio en el que se encuentren\u201d.<\/p>\n\n\n\n<p>El estatus de Patrimonio Mixto de la Humanidad fue concedido a la Reserva de Calakmul cuando estaba vigente en M\u00e9xico el decreto del 23 de mayo de 1989, en el cual el entonces presidente Carlos Salinas de Gortari hab\u00eda declarado la zona \u00c1rea Natural Protegida, nombr\u00e1ndola Reserva de la Bi\u00f3sfera de Calakmul. Este decreto ubicaba el sitio arqueol\u00f3gico de Calakmul y la carretera hacia \u00e9l en una amplia zona n\u00facleo, \u201cen donde las \u00fanicas actividades permitidas son la preservaci\u00f3n de los ecosistemas y sus elementos, as\u00ed como la investigaci\u00f3n cient\u00edfica y educaci\u00f3n ecol\u00f3gica\u00bb. No estaba permitido la construcci\u00f3n de un hotel ni otras actividades tur\u00edsticas.<\/p>\n\n\n\n<figure class=\"wp-block-image\"><img decoding=\"async\" src=\"https:\/\/www.proceso.com.mx\/u\/fotografias\/m\/2024\/4\/12\/f768x1-197030_197157_4.jpeg\" alt=\"\"\/><figcaption>Turismo, el objetivo. Foto: Facebook Tren Maya.<\/figcaption><\/figure>\n\n\n\n<p>En violaci\u00f3n a este decreto, en enero de 2023 la Sedena inici\u00f3 la construcci\u00f3n del hotel Tren Maya Calakmul dentro de esta zona n\u00facleo, a escasos diez kil\u00f3metros del sitio arque\u00f3logico de Calakmul, como inform\u00f3&nbsp;<strong>Proceso&nbsp;<\/strong>en su edici\u00f3n mensual de diciembre pasado. (<a href=\"https:\/\/proceso.pressreader.com\/proceso\/20231201\" target=\"_blank\" rel=\"noreferrer noopener\">https:\/\/proceso.pressreader.com\/proceso\/20231201<\/a>).<\/p>\n\n\n\n<p>El gobierno mexicano cambi\u00f3 el decreto hasta nueve meses despu\u00e9s, en septiembre de 2023, para otorgar el permiso de construir\u00a0<em>a posteriori<\/em>, por medio de un cambio de la zonificaci\u00f3n dentro de la Reserva. Adem\u00e1s el gobierno intent\u00f3 ocultar este importante cambio de la zonificaci\u00f3n utilizando un mapa falso en el\u00a0<em>Diario Oficial de la Federaci\u00f3n<\/em>\u00a0(DOF).<\/p>\n\n\n\n<p>Fuente: <a href=\"https:\/\/www.proceso.com.mx\/nacional\/2024\/4\/13\/unesco-solicita-mexico-informacion-sobre-hotel-en-la-reserva-de-calakmul-327149.html\">https:\/\/www.proceso.com.mx\/nacional\/2024\/4\/13\/unesco-solicita-mexico-informacion-sobre-hotel-en-la-reserva-de-calakmul-327149.html<\/a><\/p>\n","protected":false},"excerpt":{"rendered":"<p>En respuesta a la publicaci\u00f3n en Proceso sobre su negativa a pronunciarse sobre este hotel en construcci\u00f3n por la Sedena, [&hellip;]<\/p>\n","protected":false},"author":1,"featured_media":72339,"comment_status":"open","ping_status":"open","sticky":false,"template":"","format":"standard","meta":{"site-sidebar-layout":"default","site-content-layout":"","ast-site-content-layout":"default","site-content-style":"default","site-sidebar-style":"default","ast-global-header-display":"","ast-banner-title-visibility":"","ast-main-header-display":"","ast-hfb-above-header-display":"","ast-hfb-below-header-display":"","ast-hfb-mobile-header-display":"","site-post-title":"","ast-breadcrumbs-content":"","ast-featured-img":"","footer-sml-layout":"","theme-transparent-header-meta":"","adv-header-id-meta":"","stick-header-meta":"","header-above-stick-meta":"","header-main-stick-meta":"","header-below-stick-meta":"","astra-migrate-meta-layouts":"default","ast-page-background-enabled":"default","ast-page-background-meta":{"desktop":{"background-color":"var(--ast-global-color-4)","background-image":"","background-repeat":"repeat","background-position":"center center","background-size":"auto","background-attachment":"scroll","background-type":"","background-media":"","overlay-type":"","overlay-color":"","overlay-opacity":"","overlay-gradient":""},"tablet":{"background-color":"","background-image":"","background-repeat":"repeat","background-position":"center center","background-size":"auto","background-attachment":"scroll","background-type":"","background-media":"","overlay-type":"","overlay-color":"","overlay-opacity":"","overlay-gradient":""},"mobile":{"background-color":"","background-image":"","background-repeat":"repeat","background-position":"center center","background-size":"auto","background-attachment":"scroll","background-type":"","background-media":"","overlay-type":"","overlay-color":"","overlay-opacity":"","overlay-gradient":""}},"ast-content-background-meta":{"desktop":{"background-color":"var(--ast-global-color-5)","background-image":"","background-repeat":"repeat","background-position":"center center","background-size":"auto","background-attachment":"scroll","background-type":"","background-media":"","overlay-type":"","overlay-color":"","overlay-opacity":"","overlay-gradient":""},"tablet":{"background-color":"var(--ast-global-color-5)","background-image":"","background-repeat":"repeat","background-position":"center center","background-size":"auto","background-attachment":"scroll","background-type":"","background-media":"","overlay-type":"","overlay-color":"","overlay-opacity":"","overlay-gradient":""},"mobile":{"background-color":"var(--ast-global-color-5)","background-image":"","background-repeat":"repeat","background-position":"center center","background-size":"auto","background-attachment":"scroll","background-type":"","background-media":"","overlay-type":"","overlay-color":"","overlay-opacity":"","overlay-gradient":""}},"footnotes":""},"categories":[8],"tags":[24111,7103,24113,2807],"class_list":["post-72338","post","type-post","status-publish","format-standard","has-post-thumbnail","hentry","category-noticias","tag-sedena-2","tag-calakmul","tag-hotel-sedena","tag-unesco"],"_links":{"self":[{"href":"https:\/\/losperiodistas.com.mx\/portal\/wp-json\/wp\/v2\/posts\/72338","targetHints":{"allow":["GET"]}}],"collection":[{"href":"https:\/\/losperiodistas.com.mx\/portal\/wp-json\/wp\/v2\/posts"}],"about":[{"href":"https:\/\/losperiodistas.com.mx\/portal\/wp-json\/wp\/v2\/types\/post"}],"author":[{"embeddable":true,"href":"https:\/\/losperiodistas.com.mx\/portal\/wp-json\/wp\/v2\/users\/1"}],"replies":[{"embeddable":true,"href":"https:\/\/losperiodistas.com.mx\/portal\/wp-json\/wp\/v2\/comments?post=72338"}],"version-history":[{"count":1,"href":"https:\/\/losperiodistas.com.mx\/portal\/wp-json\/wp\/v2\/posts\/72338\/revisions"}],"predecessor-version":[{"id":72340,"href":"https:\/\/losperiodistas.com.mx\/portal\/wp-json\/wp\/v2\/posts\/72338\/revisions\/72340"}],"wp:featuredmedia":[{"embeddable":true,"href":"https:\/\/losperiodistas.com.mx\/portal\/wp-json\/wp\/v2\/media\/72339"}],"wp:attachment":[{"href":"https:\/\/losperiodistas.com.mx\/portal\/wp-json\/wp\/v2\/media?parent=72338"}],"wp:term":[{"taxonomy":"category","embeddable":true,"href":"https:\/\/losperiodistas.com.mx\/portal\/wp-json\/wp\/v2\/categories?post=72338"},{"taxonomy":"post_tag","embeddable":true,"href":"https:\/\/losperiodistas.com.mx\/portal\/wp-json\/wp\/v2\/tags?post=72338"}],"curies":[{"name":"wp","href":"https:\/\/api.w.org\/{rel}","templated":true}]}}