{"id":72327,"date":"2024-04-13T22:09:20","date_gmt":"2024-04-14T03:09:20","guid":{"rendered":"http:\/\/losperiodistas.com.mx\/portal\/?p=72327"},"modified":"2024-04-13T22:09:24","modified_gmt":"2024-04-14T03:09:24","slug":"iran-lanza-un-ataque-con-misiles-y-mas-de-un-centenar-de-drones-explosivos-contra-israel-el-mundo","status":"publish","type":"post","link":"https:\/\/losperiodistas.com.mx\/portal\/iran-lanza-un-ataque-con-misiles-y-mas-de-un-centenar-de-drones-explosivos-contra-israel-el-mundo\/","title":{"rendered":"Ir\u00e1n lanza un ataque con misiles y m\u00e1s de un centenar de drones explosivos contra Israel | El Mundo"},"content":{"rendered":"\n<p class=\"has-medium-font-size\">Teal Aviv ha activado su escudo defensivo ante el ataque que alcanzar\u00eda su territorio en las pr\u00f3ximas horas.<\/p>\n\n\n\n<figure class=\"wp-block-embed is-type-video is-provider-dailymotion wp-block-embed-dailymotion\"><div class=\"wp-block-embed__wrapper\">\n<iframe title=\"Drones sobrevuelan Jordania\" frameborder=\"0\" width=\"500\" height=\"283\" src=\"https:\/\/geo.dailymotion.com\/player.html?video=x8wru1g&#038;\" allowfullscreen allow=\"autoplay; fullscreen; picture-in-picture; web-share\"><\/iframe>\n<\/div><figcaption>Drones sobrevuelan Jordania | JAVIER ESPINOSA<\/figcaption><\/figure>\n\n\n\n<p class=\"has-vivid-red-color has-text-color has-medium-font-size\"><strong>SAL EMERGUI \/ EL MUNDO<\/strong><\/p>\n\n\n\n<p>En un ataque sin precedentes en una regi\u00f3n agitada desde el pasado&nbsp;<a href=\"https:\/\/www.elmundo.es\/internacional\/2023\/10\/18\/65302300e85ecef01e8b45b7.html\">7 de octubre<\/a>, Ir\u00e1n inici\u00f3 el s\u00e1bado por la noche un masivo ataque de drones explosivos, misiles de crucero&nbsp;<strong>y misiles bal\u00edsticos<\/strong>&nbsp;contra Israel desde su territorio y no, como se pod\u00eda prever, a trav\u00e9s de sus milicias en L\u00edbano, Iraq, Siria y Yemen. Teher\u00e1n ha definido la operaci\u00f3n como \u00abPromesa Verdadera\u00bb alegando que es la respuesta a la muerte de varios comandantes de la Guardia Revolucionaria en un ataque a\u00e9reo israel\u00ed en Damasco el pasado 1 de abril.<\/p>\n\n\n\n<p>El resultado del in\u00e9dito ataque de Ir\u00e1n determinar\u00e1 la intensidad de la reacci\u00f3n de su gran enemigo en una din\u00e1mica impensable hace unos meses entre dos pa\u00edses que manten\u00edan un intenso duelo pero indirecto y en la sombra. \u00abLa respuesta ser\u00e1 significativa\u00bb, avisan fuentes israel\u00edes citadas por medios locales que adem\u00e1s informaron que su pa\u00eds neutraliz\u00f3 100 misiles bal\u00edsticos iran\u00edes. Una ni\u00f1a beduina israel\u00ed result\u00f3 herida en el desierto del N\u00e9guev mientras un misil impact\u00f3 en una base de la Fuerza A\u00e9rea tambi\u00e9n en el sur del pa\u00eds provocando \u00abda\u00f1os menores\u00bb, seg\u00fan el Ej\u00e9rcito.<\/p>\n\n\n\n<p><br>Los sistemas defensivos israel\u00edes, activados ya ante los&nbsp;<strong>16.000 proyectiles&nbsp;<\/strong>y drones lanzados desde varios frentes en los \u00faltimos 6 meses, monitorearon las oleadas de drones. A medianoche y al igual que los de EEUU empezaron a derribar algunos en la zona de Siria e Iraq. El escudo defensivo israel\u00ed, formado por varias capas, y los sistemas estadounidenses, jordanos y brit\u00e1nicos en la regi\u00f3n lograron neutralizar los diferentes tipos de recursos empleados por Ir\u00e1n.<\/p>\n\n\n\n<p><br>A las 1.42 empezaron a escucharse durante 15 minutos las sirenas antia\u00e9reas en pr\u00e1cticamente todo Israel con numerosas explosiones derivadas de las interceptaciones a cargo del amplio sistema defensivo del Ej\u00e9rcito.<\/p>\n\n\n\n<p><br>\u00abHace poco Ir\u00e1n lanz\u00f3 aparatos no tripulados, drones asesinos desde su territorio contra el territorio del Estado de Israel\u00bb, anunci\u00f3 el portavoz del Ej\u00e9rcito, Daniel Hagari que en un intento de calmar a su poblaci\u00f3n se\u00f1al\u00f3: \u00abEl sistema defensivo antia\u00e9reo se encuentra en m\u00e1xima alerta y al mismo tiempo los cazas de combates y buques de la Fuerza Naval se encuentran ahora en misi\u00f3n defensiva\u00bb.<\/p>\n\n\n\n<p id=\"sc_ending_message\">Thank you for watching<\/p>\n\n\n\n<p>Los sistemas defensivos israel\u00edes, activados ya ante los&nbsp;<strong>16.000 proyectiles&nbsp;<\/strong>y drones lanzados desde varios frentes en los \u00faltimos 6 meses, monitorearon las oleadas de drones. A medianoche y al igual que los de EEUU empezaron a derribar algunos en la zona de Siria e Iraq. Si logran sortear el sofisticado escudo defensivo israel\u00ed, formado por varias capas y apoyado por los sistemas estadounidenses en la regi\u00f3n, llegar\u00edan a territorio israel\u00ed en&nbsp;<strong>plena madrugada<\/strong>.<\/p>\n\n\n\n<p>A las 1.40 empezaron a escucharse las sirenas antia\u00e9reas en pr\u00e1cticamente todo Israel con numerosas explosiones derivadas de las interceptaciones a cargo del amplio sistema defensivo del Ej\u00e9rcito.<\/p>\n\n\n\n<figure class=\"wp-block-embed is-type-rich is-provider-twitter wp-block-embed-twitter\"><div class=\"wp-block-embed__wrapper\">\n<blockquote class=\"twitter-tweet\" data-width=\"500\" data-dnt=\"true\"><p lang=\"es\" dir=\"ltr\">Hasta el momento, los sistemas defensivos israel\u00edes han neutralizado los ataques iran\u00edes en Israel<\/p>&mdash; Sal Emergui (@salemergui) <a href=\"https:\/\/twitter.com\/salemergui\/status\/1779281480385986893?ref_src=twsrc%5Etfw\">April 13, 2024<\/a><\/blockquote><script async src=\"https:\/\/platform.twitter.com\/widgets.js\" charset=\"utf-8\"><\/script>\n<\/div><\/figure>\n\n\n\n<p>\u00abHace poco Ir\u00e1n lanz\u00f3 aparatos no tripulados, drones asesinos desde su territorio contra el territorio del Estado de Israel\u00bb, ha anunciado el portavoz del Ej\u00e9rcito, Daniel Hagari que en un intento de calmar a su poblaci\u00f3n se\u00f1al\u00f3: \u00abEl sistema defensivo antia\u00e9reo se encuentra en m\u00e1xima alerta y al mismo tiempo los cazas de combates y buques de la Fuerza Naval se encuentran ahora en misi\u00f3n defensiva\u00bb.<br><br>\u00ab<strong>La defensa no es herm\u00e9tica<\/strong>, por lo que es importante obedecer las instrucciones de Protecci\u00f3n Civil\u00bb, a\u00f1adi\u00f3 ante una situaci\u00f3n que recuerda a muchos israel\u00edes la lluvia de Scuds de Iraq en la guerra del Golfo en el 91.<br><br>El ataque llega tras casi dos semanas de tensa espera en Israel y en la regi\u00f3n ante las amenazas de represalia de Ir\u00e1n por la muerte de siete oficiales de la Guardia Revolucionaria en Damasco, entre ellos el que fuera jefe de la Fuerza Quds en Siria y L\u00edbano, Mohamed Reza Zehadi.PARA SABER M\u00c1S<\/p>\n\n\n\n<figure class=\"wp-block-image\"><img decoding=\"async\" src=\"https:\/\/e00-elmundo.uecdn.es\/assets\/multimedia\/imagenes\/2024\/04\/13\/17130064682720.jpg\" alt=\"Captura de v\u00eddeo del buque portacontenedores MSC Aries.\"\/><\/figure>\n\n\n\n<p>Oriente Pr\u00f3ximo.&nbsp;<a href=\"https:\/\/www.elmundo.es\/internacional\/2024\/04\/13\/661a4b59fc6c83996a8b4581.html\">Ir\u00e1n intercepta un barco en el Golfo \u00abvinculado\u00bb con Tel Aviv<\/a><\/p>\n\n\n\n<ul class=\"wp-block-list\"><li>REDACCI\u00d3N:SAL EMERGUI | AGENCIAS&nbsp;Jerusal\u00e9n | Dub\u00e1i (EAU)<\/li><\/ul>\n\n\n\n<p><a href=\"https:\/\/www.elmundo.es\/internacional\/2024\/04\/13\/661a4b59fc6c83996a8b4581.html\">Ir\u00e1n intercepta un barco en el Golfo \u00abvinculado\u00bb con Tel Aviv<\/a><\/p>\n\n\n\n<h2 class=\"wp-block-heading\" id=\"cardTitle_signUp\">Guerra en Ucrania<\/h2>\n\n\n\n<p>Recibe cada noche las \u00faltimas novedades del conflicto.Correo electr\u00f3nico introducido:losperiodistas.com.mx@gmail.comCambiarApuntarme<\/p>\n\n\n\n<p>\u00abEl r\u00e9gimen del mal cometi\u00f3 un error y debe ser castigado, y lo ser\u00e1\u00bb, hab\u00eda afirmado el l\u00edder supremo de Ir\u00e1n, el Ayatol\u00e1 Ali Jamenei sum\u00e1ndose a las vehementes promesas de venganza de la Guardia Revolucionaria.<br><br><strong>Con el espacio a\u00e9reo cerrado y todas las actividades escolares anuladas<\/strong>, el gabinete de seguridad se reuni\u00f3 de urgencia en la sede de Defensa en Tel Aviv no solo para verificar la defensa sino tambi\u00e9n estudiar qu\u00e9 tipo de respuesta realizar\u00e1. \u00abEstamos preparados para cualquier escenario, tanto en materia de defensa como de ataque\u00bb, afirm\u00f3 el primer ministro Benjam\u00edn Netanyahu que a\u00f1adi\u00f3 un mensaje repetido estos d\u00edas en su pa\u00eds: \u00abQuien nos hace da\u00f1o, le hacemos da\u00f1o\u00bb.<br><br>Reflejo de la preocupaci\u00f3n y el temor a que el ataque de Ir\u00e1n contra Israel iba ser este s\u00e1bado por la noche, Jordania hab\u00eda decidido horas antes cerrar temporalmente su espacio a\u00e9reo a partir de este s\u00e1bado por la noche mientras el presidente estadounidense Joe Biden de acortar su descanso del fin de semana en Delaware para mantener reuniones con sus asesores de seguridad nacional en la Casa Blanca. A las 4 de la ma\u00f1ana, Biden y Netanyahu mantuvieron su primera conversaci\u00f3n telef\u00f3nica desde el ataque iran\u00ed.<br><br>Los rotundos avisos de Biden, acompa\u00f1ados por el refuerzo de las capacidades defensivas de EEUU en la regi\u00f3n, no lograron frenar el ataque tan ampliamente anunciado por Ir\u00e1n. Ni siquiera evitar un ataque directo desde su propio territorio limit\u00e1ndose a una represalia a trav\u00e9s de sus milicias en la regi\u00f3n. Teher\u00e1n ha optado por el escenario que m\u00e1s acerca la guerra con su gran enemigo.<br><br>La cadena de avisos de Ir\u00e1n y contraavisos de Israel elevaron la temperatura ya elevada en una regi\u00f3n en convulsi\u00f3n desde el ataque yihadista de Hamas y la masiva respuesta militar convertida en una devastadora guerra.<br><br>Una primera muestra del inicio del ataque fue el&nbsp;<a href=\"https:\/\/www.elmundo.es\/internacional\/2024\/04\/13\/661a4b59fc6c83996a8b4581.html\" target=\"_blank\" rel=\"noreferrer noopener\">asalto&nbsp;<\/a>protagonizado este s\u00e1bado por la ma\u00f1ana por fuerzas especiales mar\u00edtimas de la Guardia Revolucionaria a \u00abun&nbsp;<strong>portacontenedores llamado MCS Aries<\/strong>&nbsp;en una operaci\u00f3n realizada con un helic\u00f3ptero cerca del estrecho de Ormuz\u00bb y que llevaron a sus aguas territoriales.<\/p>\n\n\n\n<p>Se tratar\u00eda de un barco que, seg\u00fan la agencia iran\u00ed, tiene \u00abpabell\u00f3n portugu\u00e9s, operado por la empresa Zodiac y perteneciente al capitalista sionista&nbsp;<strong>Eyal Ofer<\/strong>\u00ab, en alusi\u00f3n a un conocido empresario israel\u00ed cuyas embarcaciones han sido atacadas en el pasado por Ir\u00e1n y sus fuerzas afines en una zona estrat\u00e9gica del comercia mar\u00edtimo mundial.M\u00c1S EN EL MUNDO<a href=\"https:\/\/www.elmundo.es\/loc\/2024\/04\/11\/66178f7921efa0be2a8b4596.html\"><strong>Muere a los 24 a\u00f1os la modelo Wilevis Brito tras someterse a una operaci\u00f3n maxilofacial<\/strong><\/a><a href=\"https:\/\/www.elmundo.es\/espana\/2024\/04\/13\/66194445fdddff16aa8b4570.html\"><strong>El jurado declara al librero de Ciudad Real culpable de la muerte del hombre que entr\u00f3 en su finca<\/strong><\/a><\/p>\n\n\n\n<p>\u00abEl r\u00e9gimen de los ayatol\u00e1s de (el l\u00edder iran\u00ed Al\u00ed) Jamenei es un r\u00e9gimen criminal que apoya los cr\u00edmenes de Ham\u00e1s y ahora lleva a cabo una operaci\u00f3n pirata que viola el derecho internacional\u00bb, dijo el ministro de Exteriores israel\u00ed, Israel Katz. \u00abHago un llamamiento a la Uni\u00f3n Europea y al mundo libre que declaren inmediatamente al Cuerpo de la Guardia Revolucionaria iran\u00ed como organizaci\u00f3n terrorista y que sancionen a Ir\u00e1n\u00bb, a\u00f1adi\u00f3.<\/p>\n\n\n\n<p>Ir\u00e1n, por su parte, afirma que tiene \u00abderecho a la defensa\u00bb y por tanto a responder al ataque israel\u00ed que llama \u00abcrimen\u00bb y \u00abviolaci\u00f3n del Derecho Internacional\u00bb. Antes de lanzar el ataque, varios portavoces y medios iran\u00edes destacaron este s\u00e1bado \u00abel p\u00e1nico creado en el ente sionista\u00bb ante la anunciada represalia. Una represalia que lleg\u00f3 con efectos imprevisibles para los dos pa\u00edses y toda la regi\u00f3n.<\/p>\n\n\n\n<p>Fuente: <a href=\"https:\/\/www.elmundo.es\/internacional\/2024\/04\/13\/661ae747e4d4d831278b4598.html\">https:\/\/www.elmundo.es\/internacional\/2024\/04\/13\/661ae747e4d4d831278b4598.html<\/a><\/p>\n","protected":false},"excerpt":{"rendered":"<p>Teal Aviv ha activado su escudo defensivo ante el ataque que alcanzar\u00eda su territorio en las pr\u00f3ximas horas. SAL EMERGUI [&hellip;]<\/p>\n","protected":false},"author":1,"featured_media":72328,"comment_status":"open","ping_status":"open","sticky":false,"template":"","format":"standard","meta":{"site-sidebar-layout":"default","site-content-layout":"","ast-site-content-layout":"default","site-content-style":"default","site-sidebar-style":"default","ast-global-header-display":"","ast-banner-title-visibility":"","ast-main-header-display":"","ast-hfb-above-header-display":"","ast-hfb-below-header-display":"","ast-hfb-mobile-header-display":"","site-post-title":"","ast-breadcrumbs-content":"","ast-featured-img":"","footer-sml-layout":"","theme-transparent-header-meta":"","adv-header-id-meta":"","stick-header-meta":"","header-above-stick-meta":"","header-main-stick-meta":"","header-below-stick-meta":"","astra-migrate-meta-layouts":"default","ast-page-background-enabled":"default","ast-page-background-meta":{"desktop":{"background-color":"var(--ast-global-color-4)","background-image":"","background-repeat":"repeat","background-position":"center center","background-size":"auto","background-attachment":"scroll","background-type":"","background-media":"","overlay-type":"","overlay-color":"","overlay-opacity":"","overlay-gradient":""},"tablet":{"background-color":"","background-image":"","background-repeat":"repeat","background-position":"center center","background-size":"auto","background-attachment":"scroll","background-type":"","background-media":"","overlay-type":"","overlay-color":"","overlay-opacity":"","overlay-gradient":""},"mobile":{"background-color":"","background-image":"","background-repeat":"repeat","background-position":"center center","background-size":"auto","background-attachment":"scroll","background-type":"","background-media":"","overlay-type":"","overlay-color":"","overlay-opacity":"","overlay-gradient":""}},"ast-content-background-meta":{"desktop":{"background-color":"var(--ast-global-color-5)","background-image":"","background-repeat":"repeat","background-position":"center center","background-size":"auto","background-attachment":"scroll","background-type":"","background-media":"","overlay-type":"","overlay-color":"","overlay-opacity":"","overlay-gradient":""},"tablet":{"background-color":"var(--ast-global-color-5)","background-image":"","background-repeat":"repeat","background-position":"center center","background-size":"auto","background-attachment":"scroll","background-type":"","background-media":"","overlay-type":"","overlay-color":"","overlay-opacity":"","overlay-gradient":""},"mobile":{"background-color":"var(--ast-global-color-5)","background-image":"","background-repeat":"repeat","background-position":"center center","background-size":"auto","background-attachment":"scroll","background-type":"","background-media":"","overlay-type":"","overlay-color":"","overlay-opacity":"","overlay-gradient":""}},"footnotes":""},"categories":[8],"tags":[24109,24108],"class_list":["post-72327","post","type-post","status-publish","format-standard","has-post-thumbnail","hentry","category-noticias","tag-guerra-iran-israel","tag-iran-vs-israel"],"_links":{"self":[{"href":"https:\/\/losperiodistas.com.mx\/portal\/wp-json\/wp\/v2\/posts\/72327","targetHints":{"allow":["GET"]}}],"collection":[{"href":"https:\/\/losperiodistas.com.mx\/portal\/wp-json\/wp\/v2\/posts"}],"about":[{"href":"https:\/\/losperiodistas.com.mx\/portal\/wp-json\/wp\/v2\/types\/post"}],"author":[{"embeddable":true,"href":"https:\/\/losperiodistas.com.mx\/portal\/wp-json\/wp\/v2\/users\/1"}],"replies":[{"embeddable":true,"href":"https:\/\/losperiodistas.com.mx\/portal\/wp-json\/wp\/v2\/comments?post=72327"}],"version-history":[{"count":1,"href":"https:\/\/losperiodistas.com.mx\/portal\/wp-json\/wp\/v2\/posts\/72327\/revisions"}],"predecessor-version":[{"id":72329,"href":"https:\/\/losperiodistas.com.mx\/portal\/wp-json\/wp\/v2\/posts\/72327\/revisions\/72329"}],"wp:featuredmedia":[{"embeddable":true,"href":"https:\/\/losperiodistas.com.mx\/portal\/wp-json\/wp\/v2\/media\/72328"}],"wp:attachment":[{"href":"https:\/\/losperiodistas.com.mx\/portal\/wp-json\/wp\/v2\/media?parent=72327"}],"wp:term":[{"taxonomy":"category","embeddable":true,"href":"https:\/\/losperiodistas.com.mx\/portal\/wp-json\/wp\/v2\/categories?post=72327"},{"taxonomy":"post_tag","embeddable":true,"href":"https:\/\/losperiodistas.com.mx\/portal\/wp-json\/wp\/v2\/tags?post=72327"}],"curies":[{"name":"wp","href":"https:\/\/api.w.org\/{rel}","templated":true}]}}