{"id":72316,"date":"2024-04-13T11:53:38","date_gmt":"2024-04-13T16:53:38","guid":{"rendered":"https:\/\/losperiodistas.com.mx\/portal\/?p=72316"},"modified":"2024-04-13T11:53:40","modified_gmt":"2024-04-13T16:53:40","slug":"el-presidente-argentino-javier-milei-anuncia-su-separacion-de-la-actriz-y-humorista-fatima-florez-el-confidencial","status":"publish","type":"post","link":"https:\/\/losperiodistas.com.mx\/portal\/el-presidente-argentino-javier-milei-anuncia-su-separacion-de-la-actriz-y-humorista-fatima-florez-el-confidencial\/","title":{"rendered":"El presidente argentino Javier Milei anuncia su separaci\u00f3n de la actriz y humorista F\u00e1tima Fl\u00f3rez | El Confidencial"},"content":{"rendered":"\n<h2 class=\"has-pale-pink-background-color has-background has-medium-font-size wp-block-heading\">\u00abDecidimos terminar nuestra relaci\u00f3n y mantener un v\u00ednculo de amistad dado lo que sentimos el uno por el otro y cuanto nos queremos, nos respetamos y admiramos mutuamente\u00bb, explica el mandatario<\/h2>\n\n\n\n<p><\/p>\n\n\n\n<figure class=\"wp-block-image size-large\"><img fetchpriority=\"high\" decoding=\"async\" width=\"1024\" height=\"768\" src=\"https:\/\/losperiodistas.com.mx\/portal\/wp-content\/uploads\/2024\/04\/f.elconfidencial.com_original_d01_a0d_12a_d01a0d12a1e211ec683f117d68abf7af-1024x768.jpg\" alt=\"\" class=\"wp-image-72317\" srcset=\"https:\/\/losperiodistas.com.mx\/portal\/wp-content\/uploads\/2024\/04\/f.elconfidencial.com_original_d01_a0d_12a_d01a0d12a1e211ec683f117d68abf7af-1024x768.jpg 1024w, https:\/\/losperiodistas.com.mx\/portal\/wp-content\/uploads\/2024\/04\/f.elconfidencial.com_original_d01_a0d_12a_d01a0d12a1e211ec683f117d68abf7af-300x225.jpg 300w, https:\/\/losperiodistas.com.mx\/portal\/wp-content\/uploads\/2024\/04\/f.elconfidencial.com_original_d01_a0d_12a_d01a0d12a1e211ec683f117d68abf7af-768x576.jpg 768w, https:\/\/losperiodistas.com.mx\/portal\/wp-content\/uploads\/2024\/04\/f.elconfidencial.com_original_d01_a0d_12a_d01a0d12a1e211ec683f117d68abf7af.jpg 1200w\" sizes=\"(max-width: 1024px) 100vw, 1024px\" \/><figcaption>El presidente de Argentina, Javier Milei, junto a su ya expareja, la actriz F\u00e1tima Fl\u00f3rez. (Reuters)<\/figcaption><\/figure>\n\n\n\n<p class=\"has-vivid-red-color has-text-color has-medium-font-size\"><strong>EL CONFIDENCIAL<\/strong><\/p>\n\n\n\n<p class=\"has-drop-cap\">El&nbsp;<a href=\"https:\/\/www.elconfidencial.com\/mundo\/2023-12-10\/javier-milei-nuevo-presidente-argentina-discurso_3790027\/\">presidente de Argentina, Javier Milei<\/a>, anunci\u00f3 este viernes su<strong>&nbsp;separaci\u00f3n de la actriz y humorista F\u00e1tima Fl\u00f3rez<\/strong>, debido a que los compromisos profesionales de ambos les impiden vivir la relaci\u00f3n que desear\u00edan.<\/p>\n\n\n\n<p>Seg\u00fan public\u00f3 el pol\u00edtico ultraliberal en su cuenta de la red social X, el\u00a0<strong>\u00abarrollador \u00e9xito profesional que est\u00e1 viviendo F\u00e1tima\u00bb\u00a0<\/strong>la ha llevado a recibir \u00abnumerosas propuestas laborales para trabajar tanto en Estados Unidos como en Europa\u00bb.<\/p>\n\n\n\n<figure class=\"wp-block-embed is-type-rich is-provider-twitter wp-block-embed-twitter\"><div class=\"wp-block-embed__wrapper\">\n<blockquote class=\"twitter-tweet\" data-width=\"500\" data-dnt=\"true\"><p lang=\"es\" dir=\"ltr\">Como resultado del arrollador \u00e9xito profesional que est\u00e1 viviendo F\u00e1tima, de quien me siento sumamente orgulloso, ha recibido numerosas propuestas laborales para trabajar tanto en Estados Unidos como en Europa. Esto, sumado a la compleja tarea que hoy enfrento y que los\u2026<\/p>&mdash; Javier Milei (@JMilei) <a href=\"https:\/\/twitter.com\/JMilei\/status\/1778966504026878280?ref_src=twsrc%5Etfw\">April 13, 2024<\/a><\/blockquote><script async src=\"https:\/\/platform.twitter.com\/widgets.js\" charset=\"utf-8\"><\/script>\n<\/div><\/figure>\n\n\n\n<p>\u00abPor eso es que decidimos terminar nuestra relaci\u00f3n y\u00a0<strong>mantener un v\u00ednculo de amistad<\/strong>\u00a0dado lo que sentimos el uno por el otro y cuanto nos queremos, nos respetamos y admiramos mutuamente\u00bb, escribi\u00f3 el mandatario, quien se encuentra<a href=\"https:\/\/www.elconfidencial.com\/mundo\/2023-09-03\/milei-argentina-elecciones-generales_3726951\/\">\u00a0de gira en Estados Unidos antes de viajar a Dinamarca<\/a>, su siguiente destino internacional.<\/p>\n\n\n\n<p>Fuente: <a href=\"https:\/\/www.elconfidencial.com\/mundo\/2024-04-13\/presidente-argentina-javier-milei-anuncia-separacion-actriz-fatima-florez_3865940\/\">https:\/\/www.elconfidencial.com\/mundo\/2024-04-13\/presidente-argentina-javier-milei-anuncia-separacion-actriz-fatima-florez_3865940\/<\/a><\/p>\n","protected":false},"excerpt":{"rendered":"<p>\u00abDecidimos terminar nuestra relaci\u00f3n y mantener un v\u00ednculo de amistad dado lo que sentimos el uno por el otro y [&hellip;]<\/p>\n","protected":false},"author":1,"featured_media":72317,"comment_status":"open","ping_status":"open","sticky":false,"template":"","format":"standard","meta":{"site-sidebar-layout":"default","site-content-layout":"","ast-site-content-layout":"default","site-content-style":"default","site-sidebar-style":"default","ast-global-header-display":"","ast-banner-title-visibility":"","ast-main-header-display":"","ast-hfb-above-header-display":"","ast-hfb-below-header-display":"","ast-hfb-mobile-header-display":"","site-post-title":"","ast-breadcrumbs-content":"","ast-featured-img":"","footer-sml-layout":"","theme-transparent-header-meta":"","adv-header-id-meta":"","stick-header-meta":"","header-above-stick-meta":"","header-main-stick-meta":"","header-below-stick-meta":"","astra-migrate-meta-layouts":"default","ast-page-background-enabled":"default","ast-page-background-meta":{"desktop":{"background-color":"var(--ast-global-color-4)","background-image":"","background-repeat":"repeat","background-position":"center center","background-size":"auto","background-attachment":"scroll","background-type":"","background-media":"","overlay-type":"","overlay-color":"","overlay-opacity":"","overlay-gradient":""},"tablet":{"background-color":"","background-image":"","background-repeat":"repeat","background-position":"center center","background-size":"auto","background-attachment":"scroll","background-type":"","background-media":"","overlay-type":"","overlay-color":"","overlay-opacity":"","overlay-gradient":""},"mobile":{"background-color":"","background-image":"","background-repeat":"repeat","background-position":"center center","background-size":"auto","background-attachment":"scroll","background-type":"","background-media":"","overlay-type":"","overlay-color":"","overlay-opacity":"","overlay-gradient":""}},"ast-content-background-meta":{"desktop":{"background-color":"var(--ast-global-color-5)","background-image":"","background-repeat":"repeat","background-position":"center center","background-size":"auto","background-attachment":"scroll","background-type":"","background-media":"","overlay-type":"","overlay-color":"","overlay-opacity":"","overlay-gradient":""},"tablet":{"background-color":"var(--ast-global-color-5)","background-image":"","background-repeat":"repeat","background-position":"center center","background-size":"auto","background-attachment":"scroll","background-type":"","background-media":"","overlay-type":"","overlay-color":"","overlay-opacity":"","overlay-gradient":""},"mobile":{"background-color":"var(--ast-global-color-5)","background-image":"","background-repeat":"repeat","background-position":"center center","background-size":"auto","background-attachment":"scroll","background-type":"","background-media":"","overlay-type":"","overlay-color":"","overlay-opacity":"","overlay-gradient":""}},"footnotes":""},"categories":[8],"tags":[24104,18083,24105],"class_list":["post-72316","post","type-post","status-publish","format-standard","has-post-thumbnail","hentry","category-noticias","tag-fatima-florez","tag-javier-milei","tag-mile-rompe-con-pareja"],"_links":{"self":[{"href":"https:\/\/losperiodistas.com.mx\/portal\/wp-json\/wp\/v2\/posts\/72316","targetHints":{"allow":["GET"]}}],"collection":[{"href":"https:\/\/losperiodistas.com.mx\/portal\/wp-json\/wp\/v2\/posts"}],"about":[{"href":"https:\/\/losperiodistas.com.mx\/portal\/wp-json\/wp\/v2\/types\/post"}],"author":[{"embeddable":true,"href":"https:\/\/losperiodistas.com.mx\/portal\/wp-json\/wp\/v2\/users\/1"}],"replies":[{"embeddable":true,"href":"https:\/\/losperiodistas.com.mx\/portal\/wp-json\/wp\/v2\/comments?post=72316"}],"version-history":[{"count":1,"href":"https:\/\/losperiodistas.com.mx\/portal\/wp-json\/wp\/v2\/posts\/72316\/revisions"}],"predecessor-version":[{"id":72318,"href":"https:\/\/losperiodistas.com.mx\/portal\/wp-json\/wp\/v2\/posts\/72316\/revisions\/72318"}],"wp:featuredmedia":[{"embeddable":true,"href":"https:\/\/losperiodistas.com.mx\/portal\/wp-json\/wp\/v2\/media\/72317"}],"wp:attachment":[{"href":"https:\/\/losperiodistas.com.mx\/portal\/wp-json\/wp\/v2\/media?parent=72316"}],"wp:term":[{"taxonomy":"category","embeddable":true,"href":"https:\/\/losperiodistas.com.mx\/portal\/wp-json\/wp\/v2\/categories?post=72316"},{"taxonomy":"post_tag","embeddable":true,"href":"https:\/\/losperiodistas.com.mx\/portal\/wp-json\/wp\/v2\/tags?post=72316"}],"curies":[{"name":"wp","href":"https:\/\/api.w.org\/{rel}","templated":true}]}}