{"id":7216,"date":"2021-04-23T06:03:33","date_gmt":"2021-04-23T11:03:33","guid":{"rendered":"http:\/\/losperiodistas.com.mx\/portal\/?p=7216"},"modified":"2021-04-23T06:03:34","modified_gmt":"2021-04-23T11:03:34","slug":"renuncia-saul-huerta-el-diputado-de-morena-denunciado-por-abuso-sexual-a-un-menor-el-pais","status":"publish","type":"post","link":"https:\/\/losperiodistas.com.mx\/portal\/renuncia-saul-huerta-el-diputado-de-morena-denunciado-por-abuso-sexual-a-un-menor-el-pais\/","title":{"rendered":"Renuncia Sa\u00fal Huerta, el diputado de Morena denunciado por abuso sexual a un menor | El Pa\u00eds"},"content":{"rendered":"\n<p style=\"font-size:18px\"><em>El partido ha anunciado la dimisi\u00f3n del candidato despu\u00e9s de conocerse una grabaci\u00f3n donde intenta llegar a un acuerdo econ\u00f3mico con la madre del chico que le acusa a cambio de su silencio<\/em><\/p>\n\n\n\n<figure class=\"wp-block-image size-large\"><img fetchpriority=\"high\" decoding=\"async\" width=\"1024\" height=\"714\" src=\"https:\/\/losperiodistas.com.mx\/portal\/wp-content\/uploads\/2021\/04\/Captura-de-Pantalla-2021-04-23-a-las-5.59.11-1024x714.jpg\" alt=\"\" class=\"wp-image-7217\" srcset=\"https:\/\/losperiodistas.com.mx\/portal\/wp-content\/uploads\/2021\/04\/Captura-de-Pantalla-2021-04-23-a-las-5.59.11-1024x714.jpg 1024w, https:\/\/losperiodistas.com.mx\/portal\/wp-content\/uploads\/2021\/04\/Captura-de-Pantalla-2021-04-23-a-las-5.59.11-300x209.jpg 300w, https:\/\/losperiodistas.com.mx\/portal\/wp-content\/uploads\/2021\/04\/Captura-de-Pantalla-2021-04-23-a-las-5.59.11-768x536.jpg 768w, https:\/\/losperiodistas.com.mx\/portal\/wp-content\/uploads\/2021\/04\/Captura-de-Pantalla-2021-04-23-a-las-5.59.11-1536x1071.jpg 1536w, https:\/\/losperiodistas.com.mx\/portal\/wp-content\/uploads\/2021\/04\/Captura-de-Pantalla-2021-04-23-a-las-5.59.11.jpg 1956w\" sizes=\"(max-width: 1024px) 100vw, 1024px\" \/><\/figure>\n\n\n\n<p><\/p>\n\n\n\n<p class=\"has-vivid-cyan-blue-color has-text-color has-medium-font-size\">ALMUDENA BARRAG\u00c1N \/ EL PA\u00cdS<\/p>\n\n\n\n<p>El diputado federal de Morena Benjam\u00edn Sa\u00fal Huerta (63 a\u00f1os) ha renunciado a su candidatura por Puebla despu\u00e9s de ser\u00a0<a href=\"https:\/\/elpais.com\/mexico\/2021-04-22\/un-diputado-de-morena-es-detenido-por-un-presunto-abuso-luego-liberado-y-consigue-votar-en-el-congreso.html?rel=mas\" target=\"_blank\" rel=\"noreferrer noopener\">denunciado por presunto abuso sexual de un menor<\/a>\u00a0de 15 a\u00f1os. A trav\u00e9s de redes sociales, el partido Morena ha dado a conocer la dimisi\u00f3n. \u201cSa\u00fal Huerta ha renunciado de forma definitiva e irrevocable a la candidatura de Diputado Federal por el Distrito 11\u2033. Despu\u00e9s de su detenci\u00f3n en un hotel de la Ciudad de M\u00e9xico, Huerta utiliz\u00f3 el fuero por su condici\u00f3n de diputado para quedar en libertad. La Fiscal\u00eda de Ciudad de M\u00e9xico sigue investigando el caso y recabando pruebas.<\/p>\n\n\n\n<figure class=\"wp-block-embed is-type-rich is-provider-twitter wp-block-embed-twitter\"><div class=\"wp-block-embed__wrapper\">\n<blockquote class=\"twitter-tweet\" data-width=\"500\" data-dnt=\"true\"><p lang=\"es\" dir=\"ltr\">El Presidente de Morena, <a href=\"https:\/\/twitter.com\/mario_delgado?ref_src=twsrc%5Etfw\">@Mario_Delgado<\/a> inform\u00f3 que Sa\u00fal Huerta Corona ha renunciado de forma definitiva e irrevocable a la candidatura de Diputado Federal por el Distrito 11.<\/p>&mdash; Morena (@PartidoMorenaMx) <a href=\"https:\/\/twitter.com\/PartidoMorenaMx\/status\/1385407354120773640?ref_src=twsrc%5Etfw\">April 23, 2021<\/a><\/blockquote><script async src=\"https:\/\/platform.twitter.com\/widgets.js\" charset=\"utf-8\"><\/script>\n<\/div><\/figure>\n\n\n\n<p>Pese a negar los hechos la situaci\u00f3n legal del diputado se ha complicado al conocerse una grabaci\u00f3n en la que el legislador intenta comprar el silencio del menor y su familia. En la conversaci\u00f3n, Huerta habla por tel\u00e9fono con la madre del joven: \u201cLlegamos a un acuerdo econ\u00f3mico, se\u00f1ora. Yo se lo suplico, por favor, no me destruya. Se lo voy a pagar con creces\u201d, le dice Sa\u00fal Huerta a la madre. \u201cMe dice que no lo destruya y usted quer\u00eda destruir a mi hijo\u201d, le responde la mujer.<\/p>\n\n\n\n<p>El chico de 15 a\u00f1os que trabajaba para la campa\u00f1a del legislador repartiendo volantes denuncia que Huerta intent\u00f3 agredirle sexualmente en una habitaci\u00f3n del hotel Exes Cities de la colonia Ju\u00e1rez de Ciudad de M\u00e9xico. \u201cMe baj\u00f3 el pantal\u00f3n hasta las rodillas, tom\u00f3 mi mano y la pon\u00eda en su pene\u201d, ha contado el menor en entrevista con Grupo F\u00f3rmula.<\/p>\n\n\n\n<p>De acuerdo con la versi\u00f3n del joven, el diputado le ofreci\u00f3 un puesto como ayudante personal para que le acompa\u00f1ara a la Ciudad de M\u00e9xico. En su relato a los medios locales, el muchacho dice que el diputado le ofreci\u00f3 un refresco que \u201csab\u00eda amargo\u201d y que a partir de ah\u00ed empez\u00f3 a encontrarse mal. \u201cEntr\u00e9 al hotel. Me dijo que iba a rentar dos habitaciones. Llega y renta una habitaci\u00f3n con una cama. Me sent\u00eda muy mareado, no pod\u00eda caminar bien, me dol\u00edan las piernas. Llegu\u00e9 a la habitaci\u00f3n, me acost\u00e9, ya no pod\u00eda, estaba mal. Me acuesto y \u00e9l se va al ba\u00f1o. Sale totalmente desnudo, intent\u00f3 pararme para arrimarme, pero ya no pod\u00eda\u201d, ha relatado el menor.<\/p>\n\n\n\n<p>En la conversaci\u00f3n con la madre el legislador insiste en que no le ha hecho nada al ni\u00f1o y le suplica a la mujer que arreglen las cosas sin ir a la polic\u00eda. \u201cYo voy para M\u00e9xico y usted me entrega bien a mi hijo, no puedo quedarme tranquila. Sabe que es un delito de abuso sexual porque el ni\u00f1o tiene 15 a\u00f1os\u201d, le vuelve a decir la madre. \u201cPero no en la delegaci\u00f3n (Ministerio P\u00fablico). [Nos vemos] aqu\u00ed en el hotel o fuera de ac\u00e1, pero lleguemos a un acuerdo econ\u00f3mico\u201d, responde Huerta quien insiste en explicarle a la madre que no ha tocado al muchacho. \u201cLl\u00e9valo con un m\u00e9dico, no le hice absolutamente nada\u201d, agrega el legislador.PUBLICIDAD<\/p>\n\n\n\n<p>La Fiscal\u00eda de Delitos Sexuales de Ciudad de M\u00e9xico ha anunciado en un comunicado que continuar\u00e1 la investigaci\u00f3n sin detenido debido al fuero constitucional que todav\u00eda conserva el diputado. En caso de tener elementos suficientes contra Benjam\u00edn Sa\u00fal Huerta por el&nbsp;<a href=\"https:\/\/elpais.com\/noticias\/abuso-menores\/\" target=\"_blank\" rel=\"noreferrer noopener\">delito de abuso sexual contra un menor<\/a>, en pr\u00f3ximos d\u00edas se proceder\u00e1 a solicitar un juicio de procedencia para buscar su desafuero y que se siente ante la justicia. Horas despu\u00e9s de su detenci\u00f3n, el legislador tuvo tiempo de continuar con sus quehaceres y vot\u00f3 en la sesi\u00f3n semipresencial de la C\u00e1mara de Diputados.<\/p>\n\n\n\n<p>La secretaria general de Morena, Citlalli Hern\u00e1ndez, ha escrito en sus redes sociales que\u00a0<a href=\"https:\/\/elpais.com\/noticias\/morena-movimiento-regeneracion-nacional\/\" target=\"_blank\" rel=\"noreferrer noopener\">Morena\u00a0<\/a>sigue de cerca las acusaciones contra Huerta y que su partido respaldar\u00e1 lo que determinen las autoridades, incluido el desafuero del diputado. Esta decisi\u00f3n supondr\u00eda la cancelaci\u00f3n de la candidatura electoral. <\/p>\n\n\n\n<figure class=\"wp-block-embed is-type-rich is-provider-twitter wp-block-embed-twitter\"><div class=\"wp-block-embed__wrapper\">\n<blockquote class=\"twitter-tweet\" data-width=\"500\" data-dnt=\"true\"><p lang=\"es\" dir=\"ltr\">Sobre el caso del Diputado @SaulHuertaOf, estamos atentos a los avances de la <a href=\"https:\/\/twitter.com\/FiscaliaCDMX?ref_src=twsrc%5Etfw\">@FiscaliaCDMX<\/a>.<br><br>En morena respaldaremos cualquier acto que las autoridades correspondientes determinen para acercarse a la justicia, incluyendo un posible desafuero.<\/p>&mdash; Citlalli Hern\u00e1ndez M (@CitlaHM) <a href=\"https:\/\/twitter.com\/CitlaHM\/status\/1385338828026564608?ref_src=twsrc%5Etfw\">April 22, 2021<\/a><\/blockquote><script async src=\"https:\/\/platform.twitter.com\/widgets.js\" charset=\"utf-8\"><\/script>\n<\/div><\/figure>\n\n\n\n<p>Por su parte, Ignacio Mier Velasco, coordinador de Morena en la C\u00e1mara de Diputados, ha esquivado de manera sorprendente las preguntas de la prensa sobre el tema. \u201cDe las cosas personales no puedo opinar\u201d, ha afirmado el pol\u00edtico. Desde la bancada en la C\u00e1mara baja no exigir\u00e1n la dimisi\u00f3n de su compa\u00f1ero de partido porque los hechos de los que le acusan \u201cno los hizo en su funci\u00f3n como diputado\u201d, ha se\u00f1alado el coordinador del partido.<\/p>\n\n\n\n<p>M\u00e9xico es el pa\u00eds de la OCDE en el que se cometen m\u00e1s abusos sexuales a menores. El 88,5% de quienes cometen ese delito son personas conocidas por los ni\u00f1os y ni\u00f1as v\u00edctimas de la agresi\u00f3n. En 2019, Benjam\u00edn Sa\u00fal Huerta vot\u00f3 en la C\u00e1mara de Diputados a favor de la reforma del art\u00edculo 19 de la Constituci\u00f3n para que los violadores de menores enfrenten prisi\u00f3n preventiva con el fin de no poner en riesgo la investigaci\u00f3n y garantizar la seguridad de las v\u00edctimas. \u201cEl poder s\u00f3lo es virtud, cuando se pone al servicio del pueblo\u201d,&nbsp;<a href=\"https:\/\/twitter.com\/SaulHuertaOf\/status\/1382733442136231941\" target=\"_blank\" rel=\"noreferrer noopener\">public\u00f3 Huerta el 15 de abril<\/a>&nbsp;en su cuenta de Twitter.<\/p>\n\n\n\n<p><a href=\"https:\/\/plus.elpais.com\/newsletters\/lnp\/1\/348\"><em>Suscr\u00edbase aqu\u00ed a la newsletter de EL PA\u00cdS M\u00e9xico<\/em><\/a><em>y reciba todas las claves informativas de la actualidad de este pa\u00eds<\/em><\/p>\n\n\n\n<p>Fuente: https:\/\/elpais.com\/mexico\/2021-04-22\/el-menor-que-denuncio-al-diputado-de-morena-de-abuso-sexual-me-bajo-el-pantalon-hasta-las-rodillas.html<\/p>\n","protected":false},"excerpt":{"rendered":"<p>El partido ha anunciado la dimisi\u00f3n del candidato despu\u00e9s de conocerse una grabaci\u00f3n donde intenta llegar a un acuerdo econ\u00f3mico [&hellip;]<\/p>\n","protected":false},"author":1,"featured_media":7217,"comment_status":"open","ping_status":"open","sticky":false,"template":"","format":"standard","meta":{"site-sidebar-layout":"default","site-content-layout":"","ast-site-content-layout":"default","site-content-style":"default","site-sidebar-style":"default","ast-global-header-display":"","ast-banner-title-visibility":"","ast-main-header-display":"","ast-hfb-above-header-display":"","ast-hfb-below-header-display":"","ast-hfb-mobile-header-display":"","site-post-title":"","ast-breadcrumbs-content":"","ast-featured-img":"","footer-sml-layout":"","theme-transparent-header-meta":"","adv-header-id-meta":"","stick-header-meta":"","header-above-stick-meta":"","header-main-stick-meta":"","header-below-stick-meta":"","astra-migrate-meta-layouts":"default","ast-page-background-enabled":"default","ast-page-background-meta":{"desktop":{"background-color":"var(--ast-global-color-4)","background-image":"","background-repeat":"repeat","background-position":"center center","background-size":"auto","background-attachment":"scroll","background-type":"","background-media":"","overlay-type":"","overlay-color":"","overlay-opacity":"","overlay-gradient":""},"tablet":{"background-color":"","background-image":"","background-repeat":"repeat","background-position":"center center","background-size":"auto","background-attachment":"scroll","background-type":"","background-media":"","overlay-type":"","overlay-color":"","overlay-opacity":"","overlay-gradient":""},"mobile":{"background-color":"","background-image":"","background-repeat":"repeat","background-position":"center center","background-size":"auto","background-attachment":"scroll","background-type":"","background-media":"","overlay-type":"","overlay-color":"","overlay-opacity":"","overlay-gradient":""}},"ast-content-background-meta":{"desktop":{"background-color":"var(--ast-global-color-5)","background-image":"","background-repeat":"repeat","background-position":"center center","background-size":"auto","background-attachment":"scroll","background-type":"","background-media":"","overlay-type":"","overlay-color":"","overlay-opacity":"","overlay-gradient":""},"tablet":{"background-color":"var(--ast-global-color-5)","background-image":"","background-repeat":"repeat","background-position":"center center","background-size":"auto","background-attachment":"scroll","background-type":"","background-media":"","overlay-type":"","overlay-color":"","overlay-opacity":"","overlay-gradient":""},"mobile":{"background-color":"var(--ast-global-color-5)","background-image":"","background-repeat":"repeat","background-position":"center center","background-size":"auto","background-attachment":"scroll","background-type":"","background-media":"","overlay-type":"","overlay-color":"","overlay-opacity":"","overlay-gradient":""}},"footnotes":""},"categories":[8],"tags":[1167,1166],"class_list":["post-7216","post","type-post","status-publish","format-standard","has-post-thumbnail","hentry","category-noticias","tag-diputado-morena-abuso-sexual-menor","tag-saul-huerta-corona"],"_links":{"self":[{"href":"https:\/\/losperiodistas.com.mx\/portal\/wp-json\/wp\/v2\/posts\/7216","targetHints":{"allow":["GET"]}}],"collection":[{"href":"https:\/\/losperiodistas.com.mx\/portal\/wp-json\/wp\/v2\/posts"}],"about":[{"href":"https:\/\/losperiodistas.com.mx\/portal\/wp-json\/wp\/v2\/types\/post"}],"author":[{"embeddable":true,"href":"https:\/\/losperiodistas.com.mx\/portal\/wp-json\/wp\/v2\/users\/1"}],"replies":[{"embeddable":true,"href":"https:\/\/losperiodistas.com.mx\/portal\/wp-json\/wp\/v2\/comments?post=7216"}],"version-history":[{"count":1,"href":"https:\/\/losperiodistas.com.mx\/portal\/wp-json\/wp\/v2\/posts\/7216\/revisions"}],"predecessor-version":[{"id":7218,"href":"https:\/\/losperiodistas.com.mx\/portal\/wp-json\/wp\/v2\/posts\/7216\/revisions\/7218"}],"wp:featuredmedia":[{"embeddable":true,"href":"https:\/\/losperiodistas.com.mx\/portal\/wp-json\/wp\/v2\/media\/7217"}],"wp:attachment":[{"href":"https:\/\/losperiodistas.com.mx\/portal\/wp-json\/wp\/v2\/media?parent=7216"}],"wp:term":[{"taxonomy":"category","embeddable":true,"href":"https:\/\/losperiodistas.com.mx\/portal\/wp-json\/wp\/v2\/categories?post=7216"},{"taxonomy":"post_tag","embeddable":true,"href":"https:\/\/losperiodistas.com.mx\/portal\/wp-json\/wp\/v2\/tags?post=7216"}],"curies":[{"name":"wp","href":"https:\/\/api.w.org\/{rel}","templated":true}]}}