{"id":72118,"date":"2024-04-10T12:33:17","date_gmt":"2024-04-10T17:33:17","guid":{"rendered":"https:\/\/losperiodistas.com.mx\/portal\/?p=72118"},"modified":"2024-04-10T12:33:20","modified_gmt":"2024-04-10T17:33:20","slug":"megalopolis-coppola-busca-repetir-la-loca-apuesta-de-apocalypse-now-en-cannes-rtve","status":"publish","type":"post","link":"https:\/\/losperiodistas.com.mx\/portal\/megalopolis-coppola-busca-repetir-la-loca-apuesta-de-apocalypse-now-en-cannes-rtve\/","title":{"rendered":"&#8216;Megal\u00f3polis&#8217;: Coppola busca repetir la loca apuesta de &#8216;Apocalypse Now&#8217; en Cannes | Rtve"},"content":{"rendered":"\n<ul class=\"has-pale-ocean-gradient-background has-background has-medium-font-size wp-block-list\"><li>Medios estadounidenses avanzan que la ambiciosa cinta del director competir\u00e1 por la Palma de Oro<\/li><li>El cineasta todav\u00eda no tiene distribuci\u00f3n para su pel\u00edcula autoproducida de 120 millones de d\u00f3lares<\/li><\/ul>\n\n\n\n<figure class=\"wp-block-image size-large\"><img fetchpriority=\"high\" decoding=\"async\" width=\"1024\" height=\"576\" src=\"https:\/\/losperiodistas.com.mx\/portal\/wp-content\/uploads\/2024\/04\/descarga-1024x576.jpeg\" alt=\"\" class=\"wp-image-72119\" srcset=\"https:\/\/losperiodistas.com.mx\/portal\/wp-content\/uploads\/2024\/04\/descarga-1024x576.jpeg 1024w, https:\/\/losperiodistas.com.mx\/portal\/wp-content\/uploads\/2024\/04\/descarga-300x169.jpeg 300w, https:\/\/losperiodistas.com.mx\/portal\/wp-content\/uploads\/2024\/04\/descarga-768x432.jpeg 768w, https:\/\/losperiodistas.com.mx\/portal\/wp-content\/uploads\/2024\/04\/descarga-1536x864.jpeg 1536w, https:\/\/losperiodistas.com.mx\/portal\/wp-content\/uploads\/2024\/04\/descarga.jpeg 1600w\" sizes=\"(max-width: 1024px) 100vw, 1024px\" \/><figcaption>Francis Ford Coppola, en los Oscar de 2022\u00a0<em>JORDAN STRAUSS\/INVISION\/AP, FILE<\/em><\/figcaption><\/figure>\n\n\n\n<p class=\"has-vivid-red-color has-text-color has-medium-font-size\"><strong>ESTEBAN RAM\u00d3N \/ RTVE<\/strong><\/p>\n\n\n\n<p>El&nbsp;<a href=\"https:\/\/www.rtve.es\/temas\/festival-de-cannes\/10010\/\">Festival de Cannes<\/a>&nbsp;anuncia oficialmente las pel\u00edculas que competir\u00e1n por su codiciada&nbsp;<strong>Palma de Oro<\/strong>&nbsp;este jueves 11 de abril, pero los medios estadounidenses ya han reventado que&nbsp;<em>Megal\u00f3polis<\/em>, la nueva pel\u00edcula de&nbsp;<a href=\"https:\/\/www.rtve.es\/noticias\/20150506\/francis-ford-coppola-hombre-su-sueno\/1139940.shtml\">Francis Ford Coppola<\/a>&nbsp;competir\u00e1 en la secci\u00f3n oficial, convirti\u00e9ndose en uno de los platos fuertes de la edici\u00f3n de 2024.<\/p>\n\n\n\n<p><em>Megal\u00f3polis<\/em>&nbsp;es el gran proyecto maldito de Coppola, escrito en 1983 y filmado finalmente entre 2022 y 2023. Pero lo cierto es que hasta hace solo 12 d\u00edas se sab\u00eda muy poco o nada de la pel\u00edcula, salvo el reparto (que incluye a&nbsp;<strong>Adam Driver, Nathalie Emmanuel, Forest Whitaker, Jon Voight o Shia LaBeouf<\/strong>) y una sucinta sinopsis: una metr\u00f3polis decadente similar a Nueva York tiene que ser reconstruida. C\u00e9sar, un arquitecto idealista, busca una utop\u00eda, mientras que el alcalde Cicero se opone y la hija de este busca el sentido de la vida.<\/p>\n\n\n\n<p>El 28 de marzo, Coppola organiz\u00f3 el primer pase para los principales distribuidores, es decir, los grandes estudios y las principales plataformas. Los primeros rumores (ning\u00fan medio ha podido verla a\u00fan) sobre la pel\u00edcula se hac\u00edan eco de una euforia por la calidad art\u00edstica de la pel\u00edcula, para rebajar luego a un posible veredicto fr\u00edo del mercado: no habr\u00e1 pujas importantes porque de entrada<strong>&nbsp;nadie quiere pelearse por los derechos a distribuirla<\/strong>.<\/p>\n\n\n\n<p>\u00bfPor qu\u00e9 era inusual e importante ese pase? Porque Coppola ha financiado enteramente de su bolsillo la pel\u00edcula \u2014cuyo presupuesto se estima en m\u00e1s de 120 millones de d\u00f3lares\u2014 a trav\u00e9s de la venta de su imperio vin\u00edcola. Una informaci\u00f3n de&nbsp;<em><a href=\"https:\/\/www.hollywoodreporter.com\/movies\/movie-news\/francis-ford-coppola-megalopolis-cannes-premiere-1235870279\/\" target=\"_blank\" rel=\"noreferrer noopener\">The Hollywood Reporter<\/a><\/em>&nbsp;apunta a que solo las grandes plataformas, mucho m\u00e1s musculosas y no dependientes de la rentabilidad directa de la pel\u00edcula, podr\u00edan permitirse la aventura de acoger bajo su paraguas el proyecto.<\/p>\n\n\n\n<p>Las reacciones del mencionado art\u00edculo (calificando la pel\u00edcula de \u201cexperimento indie\u201d) casi amenazan con disparar el&nbsp;<em>hype<\/em>&nbsp;cin\u00e9filo que parece apuntalarse con la selecci\u00f3n (si se confirma) en Cannes. Coppola siempre ha dicho que su pel\u00edcula m\u00e1s personal es&nbsp;<em>Tucker, un hombre y su sue\u00f1o<\/em>, donde se identificaba con un creador de autom\u00f3viles visionario e incomprendido. Bien, pues el cineasta ha vuelto a asumir un riesgo personal kamikaze, como ya hizo con&nbsp;<em>Apocalypse Now&nbsp;<\/em>y, sobre todo,&nbsp;<em>Corazonada,<\/em>&nbsp;el gran fiasco comercial que marc\u00f3 su carrera.<\/p>\n\n\n\n<h2 class=\"wp-block-heading\">Tras las huellas de&nbsp;<em>Apocalypse Now<\/em><\/h2>\n\n\n\n<p>Antes de que la pel\u00edcula quede en tierra de nadie (porque los distribuidores m\u00e1s independientes no pueden llegar a una pel\u00edcula de esas dimensiones) Coppola insiste en relacionar\u00a0<em>Megal\u00f3polis<\/em>\u00a0con\u00a0<em>Apocaypse Now,<\/em>\u00a0por la ambici\u00f3n desmedida, por el riesgo suicida de la autofinanciaci\u00f3n y porque la pel\u00edcula de la Guerra de Vietman tambi\u00e9n fue a Cannes envuelta en\u00a0<strong>misterio, pol\u00e9micas y filtraciones de prensa tras un rodaje demencial.<\/strong>\u00a0En enero de este a\u00f1o, Coppola declaraba que los ejecutivos han reaccionado ante\u00a0<em>Megal\u00f3polis\u00a0<\/em>de la misma manera que con\u00a0<em>Apocaypse Now: \u00ab<\/em>Y entonces ven\u00eda de ganar cinco Oscar y era el director de moda\u00bb.<\/p>\n\n\n\n<p><a href=\"https:\/\/www.rtve.es\/play\/audios\/el-ruedo-escenico\/ruedo-escenico-apocalipsis-now-14-12-19\/5465789\/\" target=\"_blank\" rel=\"noreferrer noopener\"><strong>EL RUEDO ESC\u00c9NICOApocalipsis now<em>ESCUCHAR AUDIO<\/em><\/strong><\/a><\/p>\n\n\n\n<p>En 1979, antes del estreno de&nbsp;<em>Apocalypse Now<\/em>&nbsp;en Cannes, Coppola hab\u00eda ense\u00f1ado la pel\u00edcula en tres pases para periodistas en Estados Unidos antes del festival, a condici\u00f3n de que los periodistas embargasen la publicaci\u00f3n hasta el pase en la ciudad francesa.&nbsp;<strong>Coppola declar\u00f3 que ten\u00eda problemas con el final de su pel\u00edcul<\/strong>a, un hecho ins\u00f3lito de autosabotaje promocional y los periodistas vieron la pel\u00edcula \u201ccomo halcones\u201d en busca de \u201clos planos de los que Coppola dudaba\u201d, seg\u00fan recordaba el cr\u00edtico Robert Ebert.<\/p>\n\n\n\n<p>En cuanto el primer medio se salt\u00f3 la veda y se public\u00f3 el primer texto sobre A<em>pocalypse Now,<\/em>&nbsp;el resto consider\u00f3 ya papel mojado el acuerdo y publicaron sus cr\u00edticas sobre la cinta. Enfurecido, Coppola aprovech\u00f3 la rueda de prensa de Cannes para llamar \u201cdecadentes, inmorales y mentirosos\u201d a los periodistas estadounidenses. E hizo algo todav\u00eda m\u00e1s ins\u00f3lito, que deja claro que su modus operandi para lidiar con sus dudas es abrirse en canal: al margen de la proyecci\u00f3n oficial del festival, alquil\u00f3 una sala en uno de los cines comerciales de Cannes<strong>&nbsp;para proyectar por su cuenta la pel\u00edcula con otro final.<\/strong><\/p>\n\n\n\n<p>El verdadero final es que\u00a0<em>Apocalypse Now\u00a0<\/em>fue aclamada, gan\u00f3 la Palma de Oro (la segunda para Coppola tras<em>\u00a0La conversaci\u00f3n<\/em>) y comenz\u00f3 su leyenda como obra maestra. \u00bfPodr\u00e1 Megal\u00f3polis repetir la jugada?<\/p>\n\n\n\n<p>Fuente: <a href=\"https:\/\/www.rtve.es\/noticias\/20240410\/megalopolis-coppola-busca-repetir-loca-apuesta-apocalypse-now-cannes\/16054547.shtml\">https:\/\/www.rtve.es\/noticias\/20240410\/megalopolis-coppola-busca-repetir-loca-apuesta-apocalypse-now-cannes\/16054547.shtml<\/a><\/p>\n","protected":false},"excerpt":{"rendered":"<p>Medios estadounidenses avanzan que la ambiciosa cinta del director competir\u00e1 por la Palma de Oro El cineasta todav\u00eda no tiene [&hellip;]<\/p>\n","protected":false},"author":1,"featured_media":72119,"comment_status":"open","ping_status":"open","sticky":false,"template":"","format":"standard","meta":{"site-sidebar-layout":"default","site-content-layout":"","ast-site-content-layout":"default","site-content-style":"default","site-sidebar-style":"default","ast-global-header-display":"","ast-banner-title-visibility":"","ast-main-header-display":"","ast-hfb-above-header-display":"","ast-hfb-below-header-display":"","ast-hfb-mobile-header-display":"","site-post-title":"","ast-breadcrumbs-content":"","ast-featured-img":"","footer-sml-layout":"","theme-transparent-header-meta":"","adv-header-id-meta":"","stick-header-meta":"","header-above-stick-meta":"","header-main-stick-meta":"","header-below-stick-meta":"","astra-migrate-meta-layouts":"default","ast-page-background-enabled":"default","ast-page-background-meta":{"desktop":{"background-color":"var(--ast-global-color-4)","background-image":"","background-repeat":"repeat","background-position":"center center","background-size":"auto","background-attachment":"scroll","background-type":"","background-media":"","overlay-type":"","overlay-color":"","overlay-opacity":"","overlay-gradient":""},"tablet":{"background-color":"","background-image":"","background-repeat":"repeat","background-position":"center center","background-size":"auto","background-attachment":"scroll","background-type":"","background-media":"","overlay-type":"","overlay-color":"","overlay-opacity":"","overlay-gradient":""},"mobile":{"background-color":"","background-image":"","background-repeat":"repeat","background-position":"center center","background-size":"auto","background-attachment":"scroll","background-type":"","background-media":"","overlay-type":"","overlay-color":"","overlay-opacity":"","overlay-gradient":""}},"ast-content-background-meta":{"desktop":{"background-color":"var(--ast-global-color-5)","background-image":"","background-repeat":"repeat","background-position":"center center","background-size":"auto","background-attachment":"scroll","background-type":"","background-media":"","overlay-type":"","overlay-color":"","overlay-opacity":"","overlay-gradient":""},"tablet":{"background-color":"var(--ast-global-color-5)","background-image":"","background-repeat":"repeat","background-position":"center center","background-size":"auto","background-attachment":"scroll","background-type":"","background-media":"","overlay-type":"","overlay-color":"","overlay-opacity":"","overlay-gradient":""},"mobile":{"background-color":"var(--ast-global-color-5)","background-image":"","background-repeat":"repeat","background-position":"center center","background-size":"auto","background-attachment":"scroll","background-type":"","background-media":"","overlay-type":"","overlay-color":"","overlay-opacity":"","overlay-gradient":""}},"footnotes":""},"categories":[8],"tags":[24031,16468,8062,15284,24032],"class_list":["post-72118","post","type-post","status-publish","format-standard","has-post-thumbnail","hentry","category-noticias","tag-apocalypse-now","tag-festival-de-cannes","tag-francis-ford-coppola","tag-megalopolis","tag-palma-de-oro"],"_links":{"self":[{"href":"https:\/\/losperiodistas.com.mx\/portal\/wp-json\/wp\/v2\/posts\/72118","targetHints":{"allow":["GET"]}}],"collection":[{"href":"https:\/\/losperiodistas.com.mx\/portal\/wp-json\/wp\/v2\/posts"}],"about":[{"href":"https:\/\/losperiodistas.com.mx\/portal\/wp-json\/wp\/v2\/types\/post"}],"author":[{"embeddable":true,"href":"https:\/\/losperiodistas.com.mx\/portal\/wp-json\/wp\/v2\/users\/1"}],"replies":[{"embeddable":true,"href":"https:\/\/losperiodistas.com.mx\/portal\/wp-json\/wp\/v2\/comments?post=72118"}],"version-history":[{"count":1,"href":"https:\/\/losperiodistas.com.mx\/portal\/wp-json\/wp\/v2\/posts\/72118\/revisions"}],"predecessor-version":[{"id":72121,"href":"https:\/\/losperiodistas.com.mx\/portal\/wp-json\/wp\/v2\/posts\/72118\/revisions\/72121"}],"wp:featuredmedia":[{"embeddable":true,"href":"https:\/\/losperiodistas.com.mx\/portal\/wp-json\/wp\/v2\/media\/72119"}],"wp:attachment":[{"href":"https:\/\/losperiodistas.com.mx\/portal\/wp-json\/wp\/v2\/media?parent=72118"}],"wp:term":[{"taxonomy":"category","embeddable":true,"href":"https:\/\/losperiodistas.com.mx\/portal\/wp-json\/wp\/v2\/categories?post=72118"},{"taxonomy":"post_tag","embeddable":true,"href":"https:\/\/losperiodistas.com.mx\/portal\/wp-json\/wp\/v2\/tags?post=72118"}],"curies":[{"name":"wp","href":"https:\/\/api.w.org\/{rel}","templated":true}]}}