{"id":72114,"date":"2024-04-10T12:15:53","date_gmt":"2024-04-10T17:15:53","guid":{"rendered":"https:\/\/losperiodistas.com.mx\/portal\/?p=72114"},"modified":"2024-04-10T12:15:54","modified_gmt":"2024-04-10T17:15:54","slug":"opinion-puebla-y-el-estado-de-derecho","status":"publish","type":"post","link":"https:\/\/losperiodistas.com.mx\/portal\/opinion-puebla-y-el-estado-de-derecho\/","title":{"rendered":"Opini\u00f3n | Puebla y el Estado de Derecho"},"content":{"rendered":"\n<p><\/p>\n\n\n\n<p class=\"has-vivid-red-color has-text-color\" style=\"font-size:26px\"><strong><em>Por Fernando Manzanilla Prieto<\/em><\/strong><\/p>\n\n\n\n<p>Desde 2018 en nuestro pa\u00eds The World Justice Project (Proyecto de Justicia Mundial, o WJP, por sus siglas en ingl\u00e9s) publica el \u00cdndice de Estado de Derecho en M\u00e9xico (IEDMX) en el que captura las voces de miles de personas en zonas urbanas y rurales en los 32 estados de la Rep\u00fablica, respecto a este importante indicador.<\/p>\n\n\n\n<p>Y es que, aunque a veces no lo parezca, el Estado de Derecho es parte inherente de nuestra vida. Precisamente WJP la define como un sistema de reglas en el que todas las personas, instituciones y entidades est\u00e1n sometidas a la ley, la cual se aplica de forma equitativa, justa y con total apego a los derechos humanos.<\/p>\n\n\n\n<p>En el pa\u00eds, el IEDMX retoma el marco conceptual y metodol\u00f3gico que se aplica a nivel global, con las adaptaciones pertinentes para reflejar la arquitectura institucional de M\u00e9xico y las competencias de los distintos \u00f3rdenes de gobierno.<\/p>\n\n\n\n<p>La quinta edici\u00f3n del IEDMX (2022-2023) present\u00f3 nuevos datos organizados en ocho factores fundamentales: l\u00edmites al poder gubernamental, ausencia de corrupci\u00f3n, gobierno abierto, derechos fundamentales, orden y seguridad, cumplimiento regulatorio, justicia civil y justicia penal; los cuales son importantes indicadores que ayudan a detallar el rumbo del gobierno.<\/p>\n\n\n\n<p>De manera general, los resultados muestran un continuo estancamiento en el progreso del pa\u00eds hacia un Estado de Derecho robusto, con cambios marginales en los puntajes generales de la mayor\u00eda de las entidades federativas desde la \u00faltima edici\u00f3n.<\/p>\n\n\n\n<p>Aunque ning\u00fan estado se acerca a la calificaci\u00f3n id\u00f3nea, lo que significa que todos tienen a\u00fan retos pendientes, las entidades que muestran un progreso sostenido desde que se public\u00f3 el primer estudio en 2018 son Quer\u00e9taro, Guanajuato, Baja California Sur, Tamaulipas, Sinaloa y Sonora.<\/p>\n\n\n\n<p>En cuanto a Puebla en este periodo de 2022-2023, gobernado por Miguel Barbosa, desafortunadamente se ubic\u00f3 en la posici\u00f3n 27, tan s\u00f3lo cinco lugares antes del lugar m\u00e1s bajo, con un puntaje general en el \u00edndice de 0.38, lo cual muestra una adhesi\u00f3n d\u00e9bil al Estado de Derecho.<\/p>\n\n\n\n<p>Respecto al factor de cumplimiento regulatorio, Puebla obtuvo la 8\u00aa posici\u00f3n con 0.41 puntos, mientras que en gobierno abierto ocup\u00f3 el d\u00e9cimo lugar con un puntaje de 0.51. Sobre el factor de ausencia de corrupci\u00f3n se posicion\u00f3 en el lugar 19 con 0.34 puntos y respecto al orden y la seguridad en el 20, as\u00ed como sobre justicia civil se coloc\u00f3 en el lugar 23 con 0.34 puntos.<\/p>\n\n\n\n<p>Sin embargo, es alarmante saber que hubo tres rubros en los que estuvo muy cerca de ocupar el \u00faltimo lugar de la lista: l\u00edmites al poder gubernamental, en donde la entidad s\u00f3lo alcanz\u00f3 la posici\u00f3n 30 de 32 estados, con un puntaje de 0.36. En derechos fundamentales descendi\u00f3 a la posici\u00f3n 31 con 0.40 puntos y en justicia penal tambi\u00e9n se qued\u00f3 en el pen\u00faltimo lugar con 0.29 puntos.<\/p>\n\n\n\n<p>Se debe considerar que, en cuanto a los l\u00edmites del poder gubernamental, \u00e9ste mide si quienes gobiernan est\u00e1n sujetos a la ley y si existen frenos y contrapesos que los obliguen a rendir cuentas. Tambi\u00e9n se incluye controles no gubernamentales como una prensa libre e independiente.<\/p>\n\n\n\n<p>Sobre el factor de derechos humanos, tampoco le fue nada bien a la entidad, se miden derechos fundamentales reconocidos a nivel internacional, como ausencia de discriminaci\u00f3n, derecho a la vida, respeto al debido proceso, libertad de expresi\u00f3n, libertad religiosa, derecho a la privacidad, libertad de asociaci\u00f3n y derechos laborales.<\/p>\n\n\n\n<p>Asimismo, se detect\u00f3 como una importante \u00e1rea de oportunidad la justicia penal, factor en el cual se incluye la efectividad en la procuraci\u00f3n e impartici\u00f3n de justicia, as\u00ed como el respeto a los derechos de las personas detenidas, personas privadas de la libertad y v\u00edctimas de alg\u00fan delito.<\/p>\n\n\n\n<p>Estos resultados, m\u00e1s all\u00e1 de aparentar ser un simple n\u00famero, ponen una importante tarea para el gobierno actual del estado, pero sobre todo al que viene, ya que es a partir de ellos que se pueden tomar medidas para generar estrategias que permitan fortalecer el Estado de Derecho en Puebla, a trav\u00e9s de los pertinentes procesos de planeaci\u00f3n.<\/p>\n\n\n\n<p>Asimismo, dejan una gran lecci\u00f3n para los gobiernos venideros, ya que en indicadores como \u00e9ste evidencian el desgobierno y autoritarismo como el que se vivi\u00f3 con Miguel Barbosa.&nbsp;<\/p>\n\n\n\n<p>Tengamos presente que un estado de derecho efectivo se ver\u00e1 proyectado en una reducci\u00f3n de la corrupci\u00f3n, combate a la pobreza y a las enfermedades, adem\u00e1s de proteger a las personas de las injusticias.<\/p>\n\n\n\n<p>Es la base para la justicia social, oportunidad y paz, las cuales sustentan el desarrollo y un gobierno responsable, adem\u00e1s de que, sumado a la libertad y a otros \u00e1mbitos como la divisi\u00f3n de poderes y a la propia democracia, es una de las variables que contribuyen a un sistema pol\u00edtico liberal.<\/p>\n","protected":false},"excerpt":{"rendered":"<p>Por Fernando Manzanilla Prieto Desde 2018 en nuestro pa\u00eds The World Justice Project (Proyecto de Justicia Mundial, o WJP, por [&hellip;]<\/p>\n","protected":false},"author":1,"featured_media":72116,"comment_status":"open","ping_status":"open","sticky":false,"template":"","format":"standard","meta":{"site-sidebar-layout":"default","site-content-layout":"","ast-site-content-layout":"default","site-content-style":"default","site-sidebar-style":"default","ast-global-header-display":"","ast-banner-title-visibility":"","ast-main-header-display":"","ast-hfb-above-header-display":"","ast-hfb-below-header-display":"","ast-hfb-mobile-header-display":"","site-post-title":"","ast-breadcrumbs-content":"","ast-featured-img":"","footer-sml-layout":"","theme-transparent-header-meta":"","adv-header-id-meta":"","stick-header-meta":"","header-above-stick-meta":"","header-main-stick-meta":"","header-below-stick-meta":"","astra-migrate-meta-layouts":"default","ast-page-background-enabled":"default","ast-page-background-meta":{"desktop":{"background-color":"var(--ast-global-color-4)","background-image":"","background-repeat":"repeat","background-position":"center center","background-size":"auto","background-attachment":"scroll","background-type":"","background-media":"","overlay-type":"","overlay-color":"","overlay-opacity":"","overlay-gradient":""},"tablet":{"background-color":"","background-image":"","background-repeat":"repeat","background-position":"center center","background-size":"auto","background-attachment":"scroll","background-type":"","background-media":"","overlay-type":"","overlay-color":"","overlay-opacity":"","overlay-gradient":""},"mobile":{"background-color":"","background-image":"","background-repeat":"repeat","background-position":"center center","background-size":"auto","background-attachment":"scroll","background-type":"","background-media":"","overlay-type":"","overlay-color":"","overlay-opacity":"","overlay-gradient":""}},"ast-content-background-meta":{"desktop":{"background-color":"var(--ast-global-color-5)","background-image":"","background-repeat":"repeat","background-position":"center center","background-size":"auto","background-attachment":"scroll","background-type":"","background-media":"","overlay-type":"","overlay-color":"","overlay-opacity":"","overlay-gradient":""},"tablet":{"background-color":"var(--ast-global-color-5)","background-image":"","background-repeat":"repeat","background-position":"center center","background-size":"auto","background-attachment":"scroll","background-type":"","background-media":"","overlay-type":"","overlay-color":"","overlay-opacity":"","overlay-gradient":""},"mobile":{"background-color":"var(--ast-global-color-5)","background-image":"","background-repeat":"repeat","background-position":"center center","background-size":"auto","background-attachment":"scroll","background-type":"","background-media":"","overlay-type":"","overlay-color":"","overlay-opacity":"","overlay-gradient":""}},"footnotes":""},"categories":[24,8],"tags":[24029,24030,73],"class_list":["post-72114","post","type-post","status-publish","format-standard","has-post-thumbnail","hentry","category-fernando-manzanilla","category-noticias","tag-estado-de-derecho-en-puebla","tag-iedmex","tag-miguel-barbosa"],"_links":{"self":[{"href":"https:\/\/losperiodistas.com.mx\/portal\/wp-json\/wp\/v2\/posts\/72114","targetHints":{"allow":["GET"]}}],"collection":[{"href":"https:\/\/losperiodistas.com.mx\/portal\/wp-json\/wp\/v2\/posts"}],"about":[{"href":"https:\/\/losperiodistas.com.mx\/portal\/wp-json\/wp\/v2\/types\/post"}],"author":[{"embeddable":true,"href":"https:\/\/losperiodistas.com.mx\/portal\/wp-json\/wp\/v2\/users\/1"}],"replies":[{"embeddable":true,"href":"https:\/\/losperiodistas.com.mx\/portal\/wp-json\/wp\/v2\/comments?post=72114"}],"version-history":[{"count":1,"href":"https:\/\/losperiodistas.com.mx\/portal\/wp-json\/wp\/v2\/posts\/72114\/revisions"}],"predecessor-version":[{"id":72117,"href":"https:\/\/losperiodistas.com.mx\/portal\/wp-json\/wp\/v2\/posts\/72114\/revisions\/72117"}],"wp:featuredmedia":[{"embeddable":true,"href":"https:\/\/losperiodistas.com.mx\/portal\/wp-json\/wp\/v2\/media\/72116"}],"wp:attachment":[{"href":"https:\/\/losperiodistas.com.mx\/portal\/wp-json\/wp\/v2\/media?parent=72114"}],"wp:term":[{"taxonomy":"category","embeddable":true,"href":"https:\/\/losperiodistas.com.mx\/portal\/wp-json\/wp\/v2\/categories?post=72114"},{"taxonomy":"post_tag","embeddable":true,"href":"https:\/\/losperiodistas.com.mx\/portal\/wp-json\/wp\/v2\/tags?post=72114"}],"curies":[{"name":"wp","href":"https:\/\/api.w.org\/{rel}","templated":true}]}}